{"id":182814,"date":"2025-10-17T11:58:17","date_gmt":"2025-10-17T11:58:17","guid":{"rendered":"https:\/\/www.europesays.com\/es\/182814\/"},"modified":"2025-10-17T11:58:17","modified_gmt":"2025-10-17T11:58:17","slug":"cuido-mi-piel-como-una-atleta-olimpica","status":"publish","type":"post","link":"https:\/\/www.europesays.com\/es\/182814\/","title":{"rendered":"Cuido mi piel como una atleta ol\u00edmpica"},"content":{"rendered":"<p id=\"eOXvqPqHu1\" data-wc=\"68\"><strong>Paris Hilton<\/strong> nunca ha tenido problema en hablar abiertamente de <strong>su lujosa vida<\/strong> y de esos detalles que para la mayor\u00eda son inalcanzables, pero que para ella forman parte de su d\u00eda a d\u00eda. La empresaria, influencer, modelo, dise\u00f1adora y DJ estadounidense, de 44 a\u00f1os, <a class=\"hm-link ho-link\" href=\"https:\/\/www.hola.com\/actualidad\/20250927857435\/paris-hilton-ya-no-interpreto-personaje-solo-soy-yo-misma-todas-versiones-de-mi\/\" data-mrf-recirculation=\"article-body-link\" rel=\"nofollow noopener\" target=\"_blank\">ha acaparado un sinf\u00edn de titulares<\/a> precisamente por esas confesiones que ella hace con tanta naturalidad, y esta semana ha vuelto a demostrarlo.<\/p>\n<p> <img src=\"https:\/\/www.europesays.com\/es\/wp-content\/uploads\/2025\/10\/1d33d5800188-saveclipapp502050670185221639000476882559008596528496401n.jpg\"   width=\"819\" height=\"1024\" loading=\"lazy\" decoding=\"async\" alt=\"Paris Hilton\" fetchpriority=\"auto\" class=\"image ho-image\"\/>\u00a9 parishilton<\/p>\n<p id=\"eOm5bS7-kR\" data-wc=\"86\">Esta vez, la confesi\u00f3n de la bisnieta del magnate hotelero Conrad Hilton tiene que ver con el mundo beauty, concretamente con <strong>su secreto para lucir una piel perfecta<\/strong>. \u00bfY c\u00f3mo lo hace? Ya sab\u00edamos que Paris Hilton sigue una rutina exclusiva con tratamientos de \u00faltima tecnolog\u00eda. Hasta ah\u00ed nada sorprendente para una multimillonaria, \u00bfno? Pero debes saber que dedica la friolera de nueve horas a la semana a hacerse tratamientos faciales. S\u00ed, has le\u00eddo bien. En concreto, se realiza tres sesiones de tres horas cada una.\u00a0<\/p>\n<p id=\"eXXOBgmZ-Kb\" data-wc=\"50\">\u00ab<strong>Cuido mi piel como una atleta ol\u00edmpica<\/strong>\u00ab, confes\u00f3 en su charla en el podcast Aspire with Emma Grede.\u00a0\u00abMi facialista, Heather Nicole, viene a casa tres veces por semana a mi spa\u00bb, confes\u00f3 Paris desvelando que en tiene todo un espacio dedicado \u00fanica y exclusivamente a sus tratamientos de belleza.<\/p>\n<p> <img src=\"https:\/\/www.europesays.com\/es\/wp-content\/uploads\/2025\/10\/5bcdd83bea8a-saveclipapp500669709185221638700476881536163802895595585n.jpg\"   width=\"819\" height=\"1024\" loading=\"lazy\" decoding=\"async\" alt=\"Paris Hilton\" fetchpriority=\"auto\" class=\"image ho-image\"\/>\u00a9 parishilton<\/p>\n<p id=\"e74ZBKdzjXW\" data-wc=\"90\">La hermana de Nicky Hilton revel\u00f3 que siempre utiliza los dispositivos de Neurotris, que emiten <strong>microcorrientes el\u00e9ctricas de baja intensidad que estimulan los m\u00fasculos del rostro<\/strong>. Esto ayuda a reafirmar la piel, mejorar la circulaci\u00f3n y potenciar la producci\u00f3n de col\u00e1geno y elastina. Por eso, muchos lo llaman el <a class=\"hm-link ho-link\" href=\"https:\/\/www.hola.com\/belleza\/20250221815732\/helen-svedin-tratamiento-belleza-efecto-lifting-sin-cirugia\/\" data-mrf-recirculation=\"article-body-link\" rel=\"nofollow noopener\" target=\"_blank\">\u201clifting sin agujas\u201d<\/a> o \u201centrenamiento facial\u201d. Se trata de una tecnolog\u00eda est\u00e9tica de estimulaci\u00f3n muscular el\u00e9ctrica (EMS, por sus siglas en ingl\u00e9s: Electrical Muscle Stimulation), que se utiliza sobre todo para tonificar los m\u00fasculos y mejorar la apariencia de la piel.\u00a0<\/p>\n<p> <img src=\"https:\/\/www.europesays.com\/es\/wp-content\/uploads\/2025\/10\/9d390e5056bc-paris.jpg\"   width=\"1024\" height=\"850\" loading=\"lazy\" decoding=\"async\" alt=\"Paris Hilton\" fetchpriority=\"auto\" class=\"image ho-image\"\/>\u00a9 parishilton<\/p>\n<p id=\"eRYqszcxhQ\" data-wc=\"41\">\u00abCada uno de mis tres faciales semanales dura unas tres horas\u00bb, afirm\u00f3. As\u00edmismo, cont\u00f3 que en su rutina semanal no pueden faltar el dispositivo Skin Sculpt y los tratamientos HydraFacial, adem\u00e1s de diferentes <a class=\"hm-link ho-link\" href=\"https:\/\/www.hola.com\/belleza\/20250909854689\/cristina-pedroche-tratamiento-terapia-luz-roja\/\" data-mrf-recirculation=\"article-body-link\" rel=\"nofollow noopener\" target=\"_blank\">tratamientos de terapia de luz roja<\/a> y ox\u00edgeno.\u00a0<\/p>\n<p id=\"eezFEWt9X8J\" data-wc=\"38\">\u00abMe hago los tratamientos faciales y corporales mientras trabajo. Tengo la m\u00e1quina conectada, as\u00ed que es como hacer ejercicio mientras estoy en videollamadas, aprobando productos o escribiendo m\u00fasica\u00bb, confes\u00f3, asegurando que: \u00ab<strong>Es belleza y trabajo al mismo tiempo<\/strong>\u00ab.<\/p>\n<p> <img src=\"https:\/\/www.europesays.com\/es\/wp-content\/uploads\/2025\/10\/42453574a781-saveclipapp554970968185458136620476883726321977885754094n.jpg\"   width=\"1080\" height=\"1080\" loading=\"lazy\" decoding=\"async\" alt=\"Paris Hilton\" fetchpriority=\"auto\" class=\"image ho-image\"\/>\u00a9 parishilton<\/p>\n<p id=\"eUmNYMo7XJs\" data-wc=\"85\">Tal es su obsesi\u00f3n por el skincare, que el pasado 7 de mayo lanz\u00f3 &#8216;<strong>Par\u00edvie<\/strong>&#8216;, una l\u00ednea de cosm\u00e9ticos que incluye productos como limpiador (That\u2019s Radiant), s\u00e9rum (That\u2019s Tight), crema hidratante (That\u2019s Quenched), crema de noche o tratamiento para el cuello y el escote, entre otros. La marca destaca que sus f\u00f3rmulas est\u00e1n pensadas para la piel \u201calways-on\u201d, es decir, para personas con una vida muy activa, bajo estr\u00e9s, mucho uso de dispositivos&#8230; que buscan que los productos \u00abmantengan el ritmo\u00bb de la vida moderna.<\/p>\n<p> <img src=\"https:\/\/www.europesays.com\/es\/wp-content\/uploads\/2025\/10\/d6ca37f08612-dlu581870017.jpg\"   width=\"1080\" height=\"1080\" loading=\"lazy\" decoding=\"async\" alt=\"Paris Hilton en el lanzamiento de su marca Parivie en Nueva York el 7 de mayo de 2025\" fetchpriority=\"auto\" class=\"image ho-image\"\/>\u00a9 GTRES<\/p>\n<p id=\"eEsgAnSBqX\" data-wc=\"57\">\u00abEl cuidado de la piel siempre ha sido mi forma de desconectar, recargar energ\u00edas y reconectar conmigo misma. <strong>El Sliving Spa de mi casa es mi santuario personal: un espacio donde creo rituales que me ayudan a sentirme en calma, segura y bella<\/strong>. Esa sensaci\u00f3n de bienestar y autocuidado fue lo que me inspir\u00f3 a crear Par\u00edvie\u00bb.<strong data-end=\"332\" data-start=\"321\">\u00a0<\/strong><\/p>\n<p> <img src=\"https:\/\/www.europesays.com\/es\/wp-content\/uploads\/2025\/10\/854122a113df-saveclipapp501835151185221638880476884969844827394334988n.jpg\"   width=\"819\" height=\"1024\" loading=\"lazy\" decoding=\"async\" alt=\"Paris Hilton\" fetchpriority=\"auto\" class=\"image ho-image\"\/>\u00a9 parishilton<\/p>\n<p id=\"eyushk7J-Ry\" data-wc=\"68\"><strong data-end=\"332\" data-start=\"321\">\u00ab<\/strong>Como fundadora y CEO, he pasado los \u00faltimos dos a\u00f1os construyendo esta marca desde dentro. Cada f\u00f3rmula es profundamente personal y refleja el mimo que siempre he dedicado a mi piel\u00bb, confes\u00f3 Hilton el d\u00eda de su lanzamiento, insistiendo en que: \u00ab<strong>No es solo otra l\u00ednea de belleza: es el resultado de toda una vida amando el cuidado de la piel y de un compromiso por hacerlo bien<\/strong>\u00ab.<\/p>\n","protected":false},"excerpt":{"rendered":"Paris Hilton nunca ha tenido problema en hablar abiertamente de su lujosa vida y de esos detalles que&hellip;\n","protected":false},"author":2,"featured_media":182815,"comment_status":"","ping_status":"","sticky":false,"template":"","format":"standard","meta":{"footnotes":""},"categories":[174],"tags":[3451,5322,255,146,147,25,24,256,38335,23,51759,51760],"class_list":{"0":"post-182814","1":"post","2":"type-post","3":"status-publish","4":"format-standard","5":"has-post-thumbnail","7":"category-famosos","8":"tag-belleza","9":"tag-cara-y-cuerpo","10":"tag-celebrities","11":"tag-entertainment","12":"tag-entretenimiento","13":"tag-es","14":"tag-espana","15":"tag-famosos","16":"tag-paris-hilton","17":"tag-spain","18":"tag-tratamientos-de-belleza","19":"tag-tratamientos-faciales"},"share_on_mastodon":{"url":"","error":""},"_links":{"self":[{"href":"https:\/\/www.europesays.com\/es\/wp-json\/wp\/v2\/posts\/182814","targetHints":{"allow":["GET"]}}],"collection":[{"href":"https:\/\/www.europesays.com\/es\/wp-json\/wp\/v2\/posts"}],"about":[{"href":"https:\/\/www.europesays.com\/es\/wp-json\/wp\/v2\/types\/post"}],"author":[{"embeddable":true,"href":"https:\/\/www.europesays.com\/es\/wp-json\/wp\/v2\/users\/2"}],"replies":[{"embeddable":true,"href":"https:\/\/www.europesays.com\/es\/wp-json\/wp\/v2\/comments?post=182814"}],"version-history":[{"count":0,"href":"https:\/\/www.europesays.com\/es\/wp-json\/wp\/v2\/posts\/182814\/revisions"}],"wp:featuredmedia":[{"embeddable":true,"href":"https:\/\/www.europesays.com\/es\/wp-json\/wp\/v2\/media\/182815"}],"wp:attachment":[{"href":"https:\/\/www.europesays.com\/es\/wp-json\/wp\/v2\/media?parent=182814"}],"wp:term":[{"taxonomy":"category","embeddable":true,"href":"https:\/\/www.europesays.com\/es\/wp-json\/wp\/v2\/categories?post=182814"},{"taxonomy":"post_tag","embeddable":true,"href":"https:\/\/www.europesays.com\/es\/wp-json\/wp\/v2\/tags?post=182814"}],"curies":[{"name":"wp","href":"https:\/\/api.w.org\/{rel}","templated":true}]}}