{"id":18284,"date":"2025-08-01T10:15:08","date_gmt":"2025-08-01T10:15:08","guid":{"rendered":"https:\/\/www.europesays.com\/es\/18284\/"},"modified":"2025-08-01T10:15:08","modified_gmt":"2025-08-01T10:15:08","slug":"la-inflacion-de-la-eurozona-se-mantuvo-en-el-objetivo-del-bce-en-julio-el-ipc-subio-un-20-anual","status":"publish","type":"post","link":"https:\/\/www.europesays.com\/es\/18284\/","title":{"rendered":"La inflaci\u00f3n de la eurozona se mantuvo en el objetivo del BCE en julio; el IPC subi\u00f3 un 2,0% anual"},"content":{"rendered":"\n<p class=\"yf-1090901\">Investing.com &#8211; La inflaci\u00f3n al consumidor en la eurozona se mantuvo en el objetivo del Banco Central Europeo en julio, ligeramente por encima de lo esperado, pero a\u00fan limitando la presi\u00f3n sobre los responsables de la pol\u00edtica monetaria para reducir a\u00fan m\u00e1s los tipos de inter\u00e9s despu\u00e9s de que el banco central finalizara su ciclo de flexibilizaci\u00f3n el mes pasado.<\/p>\n<p class=\"yf-1090901\">El \u00edndice de precios al consumidor (IPC) aument\u00f3 un 2,0% anual el mes pasado, inalterados respecto a junio, pero justo por encima del incremento del 1,9% previsto.<\/p>\n<p class=\"yf-1090901\">En t\u00e9rminos mensuales, la lectura se mantuvo estable en 0,0% en julio despu\u00e9s de registrar un aumento del 0,3% en el mes anterior.<\/p>\n<p class=\"yf-1090901\">Excluyendo elementos m\u00e1s vol\u00e1tiles como alimentos y combustibles, la cifra \u00absubyacente\u00bb se mantuvo en el 2,3% en los doce meses hasta junio, igualando el nivel observado el mes anterior.<\/p>\n<p class=\"yf-1090901\">La inflaci\u00f3n en las mayores econom\u00edas de la eurozona fue en gran medida moderada, lo que sugiere que el r\u00e1pido crecimiento de los precios, causado por la demanda posterior a la pandemia, las interrupciones en la cadena de suministro y la guerra en Ucrania, ha sido ahora derrotado.<\/p>\n<p class=\"yf-1090901\">La inflaci\u00f3n en Alemania disminuy\u00f3 al 1,8% en julio desde el 2,0%, Italia baj\u00f3 al 1,7% desde el 1,8%, Francia se mantuvo sin cambios en el 0,9%, mientras que la inflaci\u00f3n espa\u00f1ola salt\u00f3 al 2,7% desde el 2,3%.<\/p>\n<p class=\"yf-1090901\">El BCE actualmente proyecta un per\u00edodo de 18 meses de modesto incumplimiento de su objetivo antes de que el crecimiento de los precios vuelva al 2% en 2027.<\/p>\n<p class=\"yf-1090901\">El banco central de la eurozona mantuvo los tipos estables en el 2% la semana pasada \u2013habiendo recortado su tipo de pol\u00edtica monetaria ocho veces desde junio de 2024\u2013 y ofreci\u00f3 una evaluaci\u00f3n moderadamente optimista de la econom\u00eda de la eurozona, generando dudas entre los inversores sobre una mayor flexibilizaci\u00f3n de la pol\u00edtica monetaria, especialmente dada la incertidumbre en torno al impacto de los aranceles estadounidenses sobre las importaciones de la UE.<\/p>\n<p class=\"yf-1090901\">Estados Unidos impondr\u00e1 un arancel del 15% a la mayor\u00eda de las exportaciones europeas como parte de un acuerdo anunciado durante el fin de semana. Aunque inferiores a las tasas amenazadas a\u00fan m\u00e1s elevadas, los aranceles son los m\u00e1s altos desde la d\u00e9cada de 1930.<\/p>\n<p class=\"yf-1090901\">Los mercados ven menos de un 50% de probabilidad de otro recorte de tipos este a\u00f1o y han comenzado a descontar una subida hacia finales de 2026.<\/p>\n<p class=\"yf-1090901\">Este art\u00edculo ha sido generado y traducido con el apoyo de AI y revisado por un editor. Para m\u00e1s informaci\u00f3n, consulte nuestros T&amp;C.<\/p>\n<p class=\"yf-1090901\">Art\u00edculos relacionados<\/p>\n<p class=\"yf-1090901\"><a href=\"https:\/\/es.investing.com\/news\/economic-indicators\/la-inflacion-de-la-eurozona-se-mantuvo-en-el-objetivo-del-bce-en-julio-el-ipc-subio-un-20-anual-3244747?utm_medium=feed&amp;utm_source=yahoo&amp;utm_campaign=yahoo-es\" rel=\"nofollow noopener\" target=\"_blank\" data-ylk=\"slk:La inflaci\u00f3n de la eurozona se mantuvo en el objetivo del BCE en julio; el IPC subi\u00f3 un 2,0% anual;elm:context_link;itc:0;sec:content-canvas\" class=\"link \">La inflaci\u00f3n de la eurozona se mantuvo en el objetivo del BCE en julio; el IPC subi\u00f3 un 2,0% anual<\/a><\/p>\n","protected":false},"excerpt":{"rendered":"Investing.com &#8211; La inflaci\u00f3n al consumidor en la eurozona se mantuvo en el objetivo del Banco Central Europeo&hellip;\n","protected":false},"author":2,"featured_media":18285,"comment_status":"","ping_status":"","sticky":false,"template":"","format":"standard","meta":{"footnotes":""},"categories":[80],"tags":[101,82,11509,95,94,25,24,102,23],"class_list":{"0":"post-18284","1":"post","2":"type-post","3":"status-publish","4":"format-standard","5":"has-post-thumbnail","7":"category-economia","8":"tag-banco-central-europeo","9":"tag-business","10":"tag-cadena-de-suministro","11":"tag-economia","12":"tag-economy","13":"tag-es","14":"tag-espana","15":"tag-politica-monetaria","16":"tag-spain"},"share_on_mastodon":{"url":"","error":""},"_links":{"self":[{"href":"https:\/\/www.europesays.com\/es\/wp-json\/wp\/v2\/posts\/18284","targetHints":{"allow":["GET"]}}],"collection":[{"href":"https:\/\/www.europesays.com\/es\/wp-json\/wp\/v2\/posts"}],"about":[{"href":"https:\/\/www.europesays.com\/es\/wp-json\/wp\/v2\/types\/post"}],"author":[{"embeddable":true,"href":"https:\/\/www.europesays.com\/es\/wp-json\/wp\/v2\/users\/2"}],"replies":[{"embeddable":true,"href":"https:\/\/www.europesays.com\/es\/wp-json\/wp\/v2\/comments?post=18284"}],"version-history":[{"count":0,"href":"https:\/\/www.europesays.com\/es\/wp-json\/wp\/v2\/posts\/18284\/revisions"}],"wp:featuredmedia":[{"embeddable":true,"href":"https:\/\/www.europesays.com\/es\/wp-json\/wp\/v2\/media\/18285"}],"wp:attachment":[{"href":"https:\/\/www.europesays.com\/es\/wp-json\/wp\/v2\/media?parent=18284"}],"wp:term":[{"taxonomy":"category","embeddable":true,"href":"https:\/\/www.europesays.com\/es\/wp-json\/wp\/v2\/categories?post=18284"},{"taxonomy":"post_tag","embeddable":true,"href":"https:\/\/www.europesays.com\/es\/wp-json\/wp\/v2\/tags?post=18284"}],"curies":[{"name":"wp","href":"https:\/\/api.w.org\/{rel}","templated":true}]}}