{"id":182842,"date":"2025-10-17T12:12:08","date_gmt":"2025-10-17T12:12:08","guid":{"rendered":"https:\/\/www.europesays.com\/es\/182842\/"},"modified":"2025-10-17T12:12:08","modified_gmt":"2025-10-17T12:12:08","slug":"espana-se-prepara-para-el-vii-torneo-internacional-cadeira-de-rodas","status":"publish","type":"post","link":"https:\/\/www.europesays.com\/es\/182842\/","title":{"rendered":"Espa\u00f1a se prepara para el VII Torneo Internacional &#8216;Cadeira de Rodas&#8217;"},"content":{"rendered":"<p>La <strong>Selecci\u00f3n Espa\u00f1ola de Balonmano en Silla de Ruedas<\/strong> regresa a la actividad este fin de semana con motivo del <strong>VII Torneo Internacional \u2018Cadeira de Rodas\u2019<\/strong> que se celebra en el <strong>Pabell\u00f3n Municipal de Boavista<\/strong>, en <strong>Portim\u00e3o<\/strong>, hasta el pr\u00f3ximo domingo.<\/p>\n<p>All\u00ed, las mujeres y hombres dirigidos por <strong>Ricardo Alonso<\/strong> deben hacer frente a un exigente calendario con tres partidos en dos jornadas: un \u00faltimo test antes del Campeonato de Europa de la modalidad que se disputa en Vilna, Lituania, del 26 al 30 de noviembre.<\/p>\n<p><strong>CALENDARIO DE PARTIDOS<br \/><\/strong>Espa\u00f1a afronta este calendario en Portim\u00e3o:<strong><br \/><\/strong><\/p>\n<ul>\n<li>S\u00e1bado, 18 de octubre de 2025 \u2013 09:30h. | <strong>Espa\u00f1a<\/strong> : Lyon Metropole<\/li>\n<li>S\u00e1bado, 18 de octubre de 2025 \u2013 18:30h. | <strong>Espa\u00f1a<\/strong> : CPSB Messines<\/li>\n<li>Domingo, 19 de octubre de 2025 \u2013 11:30h. | Portugal : <strong>Espa\u00f1a<\/strong><\/li>\n<\/ul>\n<p><strong>RICARDO ALONSO: \u00abNECESITAMOS SABER EN QU\u00c9 MOMENTO ESTAMOS\u00bb<br \/><\/strong>El t\u00e9cnico espa\u00f1ol reconoce que \u00abel torneo nos debe servir para conocer en qu\u00e9 momento estamos, para coger ritmo de competici\u00f3n y que el equipo trabaje y hagan grupo\u00ab; y destaca la entidad de los rivales: \u00abel Lyon Metropole, por ejemplo, dispone de Fatih, uno de los mejores jugadores de Francia; el CPSB Messines es el conjunto local, por lo que esperamos un choque equilibrado; y finalmente el combinado de Portugal, perfecto para medir el punto en el que estamos\u00ab.<\/p>\n<p>Alonso, por otra parte, alude a lo positivo que resulta que \u00abel Campeonato de Espa\u00f1a de Balonmano en Silla de Ruedas se inicie la pr\u00f3xima semana, por lo que dispondremos de las jugadoras y los jugadores en pleno ritmo competitivo, esto es muy importante para nosotros\u00ab.<\/p>\n<p><strong>LISTADO DE CONVOCADOS<br \/><\/strong>El plantel convocado por <strong>Ricardo Alonso<\/strong> est\u00e1 conformado por:<\/p>\n<ul>\n<li><strong>Porter\u00eda<\/strong>: Juan L\u00f3pez Porta (Inclubasket Coru\u00f1a)<\/li>\n<li><strong>Central<\/strong>: \u00d3scar P\u00e9rez V\u00e1zquez (Club d\u2019Handbol Palautordera-Salicr\u00fa) y Lorenzo Envo Edjang Nsa (Inclubasket Coru\u00f1a)<\/li>\n<li><strong>Lateral Derecho: <\/strong>Jos\u00e9 Manuel Barroso Seoane (Inclubasket Coru\u00f1a), Miguel Garc\u00eda Gomar (Club Deportivo Iplacea) y Rafael Ben\u00edtez Gonz\u00e1lez (Club d\u2019Handbol Palautordera-Salicr\u00fa)<\/li>\n<li><strong>Lateral Izquierdo:\u00a0<\/strong>Carlos Mu\u00f1oz Montano (A.D. Dominicos Zaragoza)<\/li>\n<li><strong>Extremo Derecho:<\/strong> Lorena Berm\u00fadez Doce (Inclubasket Coru\u00f1a) y Luc\u00eda Mart\u00edn Garc\u00eda (Inclusport Serb\u00e1n)<\/li>\n<li><strong>Extremo Izquierdo:<\/strong> Diana Cantalejo Mombiedro (Club Deportivo Iplacea)<\/li>\n<\/ul>\n","protected":false},"excerpt":{"rendered":"La Selecci\u00f3n Espa\u00f1ola de Balonmano en Silla de Ruedas regresa a la actividad este fin de semana con&hellip;\n","protected":false},"author":2,"featured_media":116477,"comment_status":"","ping_status":"","sticky":false,"template":"","format":"standard","meta":{"footnotes":""},"categories":[278],"tags":[376,168,25,24,375,23,167],"class_list":{"0":"post-182842","1":"post","2":"type-post","3":"status-publish","4":"format-standard","5":"has-post-thumbnail","7":"category-balonmano","8":"tag-balonmano","9":"tag-deportes","10":"tag-es","11":"tag-espana","12":"tag-handball","13":"tag-spain","14":"tag-sports"},"share_on_mastodon":{"url":"","error":""},"_links":{"self":[{"href":"https:\/\/www.europesays.com\/es\/wp-json\/wp\/v2\/posts\/182842","targetHints":{"allow":["GET"]}}],"collection":[{"href":"https:\/\/www.europesays.com\/es\/wp-json\/wp\/v2\/posts"}],"about":[{"href":"https:\/\/www.europesays.com\/es\/wp-json\/wp\/v2\/types\/post"}],"author":[{"embeddable":true,"href":"https:\/\/www.europesays.com\/es\/wp-json\/wp\/v2\/users\/2"}],"replies":[{"embeddable":true,"href":"https:\/\/www.europesays.com\/es\/wp-json\/wp\/v2\/comments?post=182842"}],"version-history":[{"count":0,"href":"https:\/\/www.europesays.com\/es\/wp-json\/wp\/v2\/posts\/182842\/revisions"}],"wp:featuredmedia":[{"embeddable":true,"href":"https:\/\/www.europesays.com\/es\/wp-json\/wp\/v2\/media\/116477"}],"wp:attachment":[{"href":"https:\/\/www.europesays.com\/es\/wp-json\/wp\/v2\/media?parent=182842"}],"wp:term":[{"taxonomy":"category","embeddable":true,"href":"https:\/\/www.europesays.com\/es\/wp-json\/wp\/v2\/categories?post=182842"},{"taxonomy":"post_tag","embeddable":true,"href":"https:\/\/www.europesays.com\/es\/wp-json\/wp\/v2\/tags?post=182842"}],"curies":[{"name":"wp","href":"https:\/\/api.w.org\/{rel}","templated":true}]}}