{"id":182851,"date":"2025-10-17T12:18:14","date_gmt":"2025-10-17T12:18:14","guid":{"rendered":"https:\/\/www.europesays.com\/es\/182851\/"},"modified":"2025-10-17T12:18:14","modified_gmt":"2025-10-17T12:18:14","slug":"asientos-libres-para-franco-colapinto-en-2026-tras-confirmacion-de-mercedes-noticias","status":"publish","type":"post","link":"https:\/\/www.europesays.com\/es\/182851\/","title":{"rendered":"Asientos libres para Franco Colapinto en 2026 tras confirmaci\u00f3n de Mercedes &#8211; Noticias"},"content":{"rendered":"<p>La <strong>F\u00f3rmula 1<\/strong> empieza a definir su grilla para la <strong>temporada 2026<\/strong> y el mi\u00e9rcoles se confirm\u00f3 que <strong>George Russell y Kimi Antonelli<\/strong> seguir\u00e1n en <strong>Mercedes<\/strong>, por lo que los asientos para <strong>Franco Colapinto<\/strong> son cada vez menos.<\/p>\n<p>La escuder\u00eda alemana anunci\u00f3 la renovaci\u00f3n de ambos pilotos hasta <strong>finales del a\u00f1o pr\u00f3ximo<\/strong>, poniendo fin a las especulaciones sobre posibles movimientos y asegurando una dupla que combina experiencia y juventud para afrontar la nueva era t\u00e9cnica que se avecina.<\/p>\n<p>Con esta confirmaci\u00f3n, <strong>Mercedes cierra su cap\u00edtulo en el mercado de pilotos<\/strong> y deja pr\u00e1cticamente definidos los asientos m\u00e1s codiciados de la grilla. Aun as\u00ed, todav\u00eda quedan algunas butacas sin due\u00f1o para 2026, donde una de ellas es en <strong>Red Bull<\/strong> para acompa\u00f1ar a <strong>Max Verstappen.<\/strong><\/p>\n<p>A esto se le suman <strong>las dos de<\/strong> <strong>RB<\/strong> (Visa Cash App RB) y el <strong>segundo asiento de Alpine<\/strong>, donde la expectativa gira en torno al futuro de <strong>Colapinto<\/strong>. El piloto argentino, actualmente parte del equipo franc\u00e9s, podr\u00eda mantener su lugar junto a <strong>Pierre Gasly<\/strong>, quien renov\u00f3 su v\u00ednculo hasta 2028.<\/p>\n<p>Por otro lado, el resto de las escuder\u00edas ya tiene sus alineaciones pr\u00e1cticamente cerradas: <strong>McLaren<\/strong> con <strong>Lando Norris y Oscar Piastri<\/strong>, <strong>Ferrari<\/strong> con <strong>Charles Leclerc y Lewis Hamilton<\/strong>, <strong>Aston Martin<\/strong> con <strong>Fernando Alonso y Lance Stroll<\/strong>, <strong>Williams<\/strong> con <strong>Alexander Albon y Carlos Sainz<\/strong> y <strong>Haas<\/strong> con <strong>Oliver Bearman y Esteban Ocon.<\/strong><\/p>\n<p>Adem\u00e1s, lo que hoy se conoce como <strong>Sauber<\/strong> pasar\u00e1 al control de <strong>Audi<\/strong>, por lo que el nombre del equipo cambiar\u00e1, pero seguir\u00e1 con <strong>Nico H\u00fclkenberg y Gabriel Bortoleto.<\/strong> A las escuder\u00edas ya conocidas se sum\u00f3 <strong>Cadillac<\/strong>, que contar\u00e1 con los pilotos <strong>Valtteri Bottas y Sergio \u00abCheco\u00bb P\u00e9rez<\/strong>.<\/p>\n<p>Lectura r\u00e1pida<\/p>\n<p><strong>\u00bfQu\u00e9 confirm\u00f3 Mercedes?<\/strong><br \/>La escuder\u00eda anunci\u00f3 la renovaci\u00f3n de <strong>George Russell<\/strong> y <strong>Kimi Antonelli<\/strong> hasta finales de 2026.<\/p>\n<p><strong>\u00bfCu\u00e1ntos asientos quedan libres?<\/strong><br \/>Para la temporada 2026, solo quedan cuatro asientos disponibles en la grilla de <strong>F\u00f3rmula 1<\/strong>.<\/p>\n<p><strong>\u00bfD\u00f3nde podr\u00eda correr Franco Colapinto?<\/strong><br \/>Colapinto podr\u00eda mantener su lugar en <strong>Alpine<\/strong> o aspirar a uno en <strong>Red Bull<\/strong>.<\/p>\n<p><strong>\u00bfQu\u00e9 otras escuder\u00edas tienen pilotos confirmados?<\/strong><br \/>Equipos como <strong>McLaren<\/strong>, <strong>Ferrari<\/strong> y <strong>Aston Martin<\/strong> ya tienen sus alineaciones definidas.<\/p>\n<p><strong>\u00bfQu\u00e9 cambio se avecina en Sauber?<\/strong><br \/>El equipo <strong>Sauber<\/strong> pasar\u00e1 a ser controlado por <strong>Audi<\/strong> en el futuro.<\/p>\n","protected":false},"excerpt":{"rendered":"La F\u00f3rmula 1 empieza a definir su grilla para la temporada 2026 y el mi\u00e9rcoles se confirm\u00f3 que&hellip;\n","protected":false},"author":2,"featured_media":182852,"comment_status":"","ping_status":"","sticky":false,"template":"","format":"standard","meta":{"footnotes":""},"categories":[270],"tags":[1331,168,25,24,306,271,272,1723,1228,212,23,167],"class_list":{"0":"post-182851","1":"post","2":"type-post","3":"status-publish","4":"format-standard","5":"has-post-thumbnail","7":"category-formula-1","8":"tag-alpine","9":"tag-deportes","10":"tag-es","11":"tag-espana","12":"tag-f1","13":"tag-formula-1","14":"tag-formula1","15":"tag-franco-colapinto","16":"tag-mercedes","17":"tag-red-bull","18":"tag-spain","19":"tag-sports"},"share_on_mastodon":{"url":"","error":""},"_links":{"self":[{"href":"https:\/\/www.europesays.com\/es\/wp-json\/wp\/v2\/posts\/182851","targetHints":{"allow":["GET"]}}],"collection":[{"href":"https:\/\/www.europesays.com\/es\/wp-json\/wp\/v2\/posts"}],"about":[{"href":"https:\/\/www.europesays.com\/es\/wp-json\/wp\/v2\/types\/post"}],"author":[{"embeddable":true,"href":"https:\/\/www.europesays.com\/es\/wp-json\/wp\/v2\/users\/2"}],"replies":[{"embeddable":true,"href":"https:\/\/www.europesays.com\/es\/wp-json\/wp\/v2\/comments?post=182851"}],"version-history":[{"count":0,"href":"https:\/\/www.europesays.com\/es\/wp-json\/wp\/v2\/posts\/182851\/revisions"}],"wp:featuredmedia":[{"embeddable":true,"href":"https:\/\/www.europesays.com\/es\/wp-json\/wp\/v2\/media\/182852"}],"wp:attachment":[{"href":"https:\/\/www.europesays.com\/es\/wp-json\/wp\/v2\/media?parent=182851"}],"wp:term":[{"taxonomy":"category","embeddable":true,"href":"https:\/\/www.europesays.com\/es\/wp-json\/wp\/v2\/categories?post=182851"},{"taxonomy":"post_tag","embeddable":true,"href":"https:\/\/www.europesays.com\/es\/wp-json\/wp\/v2\/tags?post=182851"}],"curies":[{"name":"wp","href":"https:\/\/api.w.org\/{rel}","templated":true}]}}