{"id":182857,"date":"2025-10-17T12:21:08","date_gmt":"2025-10-17T12:21:08","guid":{"rendered":"https:\/\/www.europesays.com\/es\/182857\/"},"modified":"2025-10-17T12:21:08","modified_gmt":"2025-10-17T12:21:08","slug":"digo-joder-gana-el-planeta-y-ya-ni-me-saluda","status":"publish","type":"post","link":"https:\/\/www.europesays.com\/es\/182857\/","title":{"rendered":"Digo &#8216;joder, gana el Planeta y ya ni me saluda&#8217;"},"content":{"rendered":"<p class=\"article-text\">\n        Durante varios a\u00f1os, <strong>Juan del Val<\/strong> y <strong>Gonzalo Mir\u00f3<\/strong> fueron compa\u00f1eros de tertulia en <strong>La Roca<\/strong> (laSexta). Sin embargo, el fichaje del segundo por <strong>RTVE<\/strong> hizo que sus caminos profesionales se separan antes del inicio de la presente temporada televisiva. Este jueves, sin embargo, uno y otro se encontraron de nuevo, aunque no en la televisi\u00f3n, sino en el programa radiof\u00f3nico <strong>El Partidazo de COPE<\/strong> y de una forma un tanto peculiar, pues el escritor se puso a hablar directamente con <strong>Juanma Casta\u00f1o<\/strong> y no se dio cuenta hasta varios minutos despu\u00e9s de que Mir\u00f3 estaba sentado justo a su lado. De hecho, el nuevo Premio Planeta no se dio cuenta por s\u00ed solo, sino que se lo tuvo que decir el propio Casta\u00f1o.\n    <\/p>\n<p>    <a href=\"https:\/\/www.eldiario.es\/vertele\/videos\/actualidad\/juan-val-reaparecio-hormiguero-premio-planeta-hablo-dinero-hacienda-futuro-tv_7_12691476.html\" data-mrf-recirculation=\"saber-mas\" data-dl-event=\"saber-mas\" rel=\"nofollow noopener\" target=\"_blank\"><\/p>\n<p class=\"know-more__title\">Juan del Val reapareci\u00f3 en &#8216;El Hormiguero&#8217; con su Premio Planeta, y habl\u00f3 del dinero, de Hacienda y de su futuro en TV<\/p>\n<p>            <img decoding=\"async\" class=\"lazy\" loading=\"lazy\" data-src=\"https:\/\/static.eldiario.es\/clip\/ce4af4d1-0558-441b-ac39-99d45dcd06da_16-9-aspect-ratio_default_0.jpg\" src=\"data:image\/svg+xml,%3Csvg xmlns=\" http:=\"\" viewbox=\"0 0 880 495\" alt=\"Juan del Val reapareci\u00f3 en 'El Hormiguero' con su Premio Planeta, y habl\u00f3 del dinero, de Hacienda y de su futuro en TV\"\/><\/p>\n<p>                            <img decoding=\"async\" class=\"ni-multimedia\" src=\"https:\/\/www.eldiario.es\/assets\/img\/svg\/icons\/gallery-video.h-2e826467718e0ad0cb33a0bdb174f603.svg\" alt=\"Juan del Val reapareci\u00f3 en 'El Hormiguero' con su Premio Planeta, y habl\u00f3 del dinero, de Hacienda y de su futuro en TV\"\/><br \/>\n                        <\/a><\/p>\n<p class=\"article-text\">\n        El momento se produjo despu\u00e9s de que este \u00faltimo preguntara al nuevo Premio Planeta si alguien del Gobierno le hab\u00eda felicitado por su flamante galard\u00f3n. Del Val contest\u00f3 que solo Yolanda D\u00edaz, que fue quien se lo entreg\u00f3 la noche anterior. Tras escuchar esto, Casta\u00f1o cit\u00f3 a Mir\u00f3 para que hiciera algo al respecto, y fue ah\u00ed cuando Del Val cay\u00f3 en la cuenta de que, justo a su derecha, estaba su excompa\u00f1ero de laSexta. <strong>\u201c\u00a1Pero Gonzalo, cojones. Perd\u00f3name, t\u00edo!\u201d<\/strong>, exclam\u00f3 el escritor. \u201cEstaba preocupado porque digo &#8216;joder, ha ganado el premio y ya ni me saluda&#8217;\u201d, brome\u00f3 el copresentador de <strong>Directo al grano<\/strong> (La 1), que en todo momento se tom\u00f3 con humor el despiste de Del Val.\n    <\/p>\n<p class=\"article-text\">\n        \u201cOstras, no sab\u00eda que estabas aqu\u00ed. Te he escuchado por la radio viniendo y como a Manolo [Lama] tampoco le he visto he pensado &#8216;este ha entrado desde casa&#8217;. Te estaba mirando a ti [a Casta\u00f1o], que est\u00e1s a la izquierda, \u00e9l [Mir\u00f3] est\u00e1 a la derecha, que a pesar de la pose muchas veces anda por ah\u00ed, y me acabo de dar cuenta. Perd\u00f3name, t\u00edo. Es verdad que sal\u00ed, <strong>he dormido dos horas<\/strong> y media&#8230;\u201d, se excus\u00f3 el <a href=\"https:\/\/www.eldiario.es\/vertele\/videos\/actualidad\/juan-val-reaparecio-hormiguero-premio-planeta-hablo-dinero-hacienda-futuro-tv_7_12691476.html\" target=\"_blank\" data-mrf-recirculation=\"links-noticia\" class=\"link\" rel=\"nofollow noopener\">colaborador de El Hormiguero<\/a>. \u201cDemasiadas me parecen&#8230;\u201d, brome\u00f3 el actual rostro de La 1 para dar por concluido el asunto.\n    <\/p>\n<p>    <a href=\"https:\/\/www.eldiario.es\/vertele\/audiencias-tv\/jueves-16-octubre-2025-el-hormiguero-logra-juan-del-val-premio-planeta-triunfo-mas-amplio-curso-la-revuelta_1_12691258.html\" data-mrf-recirculation=\"saber-mas-abajo\" data-dl-event=\"saber-mas-abajo\" rel=\"nofollow noopener\" target=\"_blank\"><\/p>\n<p class=\"know-more__title\">&#8216;El Hormiguero&#8217; (17.6%) logra con Juan del Val y su Premio Planeta su triunfo m\u00e1s amplio del curso ante &#8216;La Revuelta&#8217;\n<\/p>\n<p>            <img decoding=\"async\" class=\"lazy\" loading=\"lazy\" data-src=\"https:\/\/static.eldiario.es\/clip\/342c38bd-b738-4aa0-ac66-5eccb33be713_16-9-aspect-ratio_default_0.jpg\" src=\"data:image\/svg+xml,%3Csvg xmlns=\" http:=\"\" viewbox=\"0 0 880 495\" alt=\"'El Hormiguero' (17.6%) logra con Juan del Val y su Premio Planeta su triunfo m\u00e1s amplio del curso ante 'La Revuelta'\"\/><\/p>\n<p>                        <\/a><\/p>\n<blockquote class=\"twitter-tweet\" data-lang=\"es\"><p><a href=\"https:\/\/twitter.com\/X\/status\/1978942678222950641?ref_src=twsrc%5Etfw\" rel=\"nofollow noopener\" target=\"_blank\"><\/p><\/blockquote>\n<p class=\"article-text\">\n        Como se puede ver en la retransmisi\u00f3n de El Partidazo de COPE <a href=\"https:\/\/www.youtube.com\/live\/cONl3-JMru0?si=HHNppQFKM433Hzor&amp;t=824\" target=\"_blank\" data-mrf-recirculation=\"links-noticia\" class=\"link\" rel=\"nofollow noopener\">en YouTube<\/a>, Del Val entr\u00f3 en el estudio una vez iniciada la emisi\u00f3n, le indicaron d\u00f3nde deb\u00eda sentarse y se dirigi\u00f3 a su asiento pasando por detr\u00e1s de Gonzalo Mir\u00f3. Juanma Casta\u00f1o estaba en el aire, as\u00ed que se puso a hablar con el novelista en cuanto \u00e9ste cogi\u00f3 asiento, lo que apenas dio tiempo a que Del Val se fijara en ver qui\u00e9n m\u00e1s estaba en el estudio. S\u00ed salud\u00f3 espec\u00edficamente al que ten\u00eda justo enfrente: a <strong>Luis Garc\u00eda<\/strong>, que adem\u00e1s de ser periodista deportivo tambi\u00e9n es escritor. Sin embargo, no se percat\u00f3 inicialmente de la presencia de Mir\u00f3 a pesar de que, durante los primeros compases de su entrevista con Casta\u00f1o, mir\u00f3 un par de veces de manera fugaz a la derecha. En ninguna salud\u00f3 a Mir\u00f3, de ah\u00ed la sorpresa de este, aunque todo se debi\u00f3 a un simple despiste.\n    <\/p>\n<p>                                    <script async src=\"https:\/\/platform.twitter.com\/widgets.js\" charset=\"utf-8\"><\/script><\/p>\n","protected":false},"excerpt":{"rendered":"Durante varios a\u00f1os, Juan del Val y Gonzalo Mir\u00f3 fueron compa\u00f1eros de tertulia en La Roca (laSexta). Sin&hellip;\n","protected":false},"author":2,"featured_media":182858,"comment_status":"","ping_status":"","sticky":false,"template":"","format":"standard","meta":{"footnotes":""},"categories":[174],"tags":[255,38061,146,147,25,24,256,8471,4355,4799,44507,409,5622,10288,17062,5635,20070,49620,23,32693],"class_list":{"0":"post-182857","1":"post","2":"type-post","3":"status-publish","4":"format-standard","5":"has-post-thumbnail","7":"category-famosos","8":"tag-celebrities","9":"tag-digo","10":"tag-entertainment","11":"tag-entretenimiento","12":"tag-es","13":"tag-espana","14":"tag-famosos","15":"tag-fuera","16":"tag-gana","17":"tag-gonzalo","18":"tag-joder","19":"tag-juan","20":"tag-lasexta","21":"tag-miro","22":"tag-peculiar","23":"tag-planeta","24":"tag-reencuentro","25":"tag-saluda","26":"tag-spain","27":"tag-val"},"share_on_mastodon":{"url":"","error":""},"_links":{"self":[{"href":"https:\/\/www.europesays.com\/es\/wp-json\/wp\/v2\/posts\/182857","targetHints":{"allow":["GET"]}}],"collection":[{"href":"https:\/\/www.europesays.com\/es\/wp-json\/wp\/v2\/posts"}],"about":[{"href":"https:\/\/www.europesays.com\/es\/wp-json\/wp\/v2\/types\/post"}],"author":[{"embeddable":true,"href":"https:\/\/www.europesays.com\/es\/wp-json\/wp\/v2\/users\/2"}],"replies":[{"embeddable":true,"href":"https:\/\/www.europesays.com\/es\/wp-json\/wp\/v2\/comments?post=182857"}],"version-history":[{"count":0,"href":"https:\/\/www.europesays.com\/es\/wp-json\/wp\/v2\/posts\/182857\/revisions"}],"wp:featuredmedia":[{"embeddable":true,"href":"https:\/\/www.europesays.com\/es\/wp-json\/wp\/v2\/media\/182858"}],"wp:attachment":[{"href":"https:\/\/www.europesays.com\/es\/wp-json\/wp\/v2\/media?parent=182857"}],"wp:term":[{"taxonomy":"category","embeddable":true,"href":"https:\/\/www.europesays.com\/es\/wp-json\/wp\/v2\/categories?post=182857"},{"taxonomy":"post_tag","embeddable":true,"href":"https:\/\/www.europesays.com\/es\/wp-json\/wp\/v2\/tags?post=182857"}],"curies":[{"name":"wp","href":"https:\/\/api.w.org\/{rel}","templated":true}]}}