{"id":182861,"date":"2025-10-17T12:23:07","date_gmt":"2025-10-17T12:23:07","guid":{"rendered":"https:\/\/www.europesays.com\/es\/182861\/"},"modified":"2025-10-17T12:23:07","modified_gmt":"2025-10-17T12:23:07","slug":"peridis-presenta-su-nuevo-libro-el-tesoro-del-convento-caido-en-aguilar-de-campoo-ocio-y-cultura","status":"publish","type":"post","link":"https:\/\/www.europesays.com\/es\/182861\/","title":{"rendered":"Peridis presenta su nuevo libro \u00abEl tesoro del convento ca\u00eddo\u00bb, en Aguilar de Campoo | Ocio y cultura"},"content":{"rendered":"<p class=\"loc\">Palencia<\/p>\n<p>Jos\u00e9 Mar\u00eda P\u00e9rez \u00abPeridis\u00bb, presentar\u00e1 el pr\u00f3ximo 23 de octubre en Aguilar de Campoo, su \u00faltimo libro titulado \u00abEl tesoro del convento ca\u00eddo\u00bb, que narra la historia del monasterio de Santa Mar\u00eda la Real. Se trata de una publicaci\u00f3n de la editorial Espasa, en la que Peridis mezcla ficci\u00f3n y realidad, y repasa parte de su infancia en la Monta\u00f1a Palentina. La cita tendr\u00e1 lugar a las 19:00 horas en el Cine Amor de la localidad. <\/p>\n<p>SINOPSIS<\/p>\n<p>\u00abHay tesoros que solo se encuentran cuando miramos al pasado con nuevos ojos\u00bb. Esta historia empieza como un cuento de hadas: hace m\u00e1s de setenta a\u00f1os, en otro tiempo y, desde luego, en otro mundo. En un pueblo muy cerca de una monta\u00f1a agreste, entre las ruinas de un convento comido por los siglos y la hiedra, un ni\u00f1o avispado acompa\u00f1a a su madre a sembrar unos surcos de habichuelas. <\/p>\n<p>All\u00ed, el peque\u00f1o Jos\u00e9 Mar\u00eda aprende la primera de una serie de lecciones que le acompa\u00f1ar\u00e1n toda la vida: se recoge lo que se siembra. Y \u00e9l, Jos\u00e9 Mar\u00eda P\u00e9rez, animado por un entusiasmo sin l\u00edmites y una capacidad de trabajo hom\u00e9rica, sigue siendo un sembrador incansable. <\/p>\n<p>En este libro, con su peculiar estilo, bienhumorado y sabio, con una pizca de fantas\u00eda y mucho, much\u00edsimo sentido del humor, el peque\u00f1o Jos\u00e9 Mar\u00eda, pero tambi\u00e9n el Gran Peridis, realiza un repaso vital desde su infancia rural en la monta\u00f1a palentina durante la posguerra. Sobre todo, ofrece un homenaje a todas aquellas personas que ayudaron y se dejaron ayudar, que cambiaron su vida a la vez que participaban en la restauraci\u00f3n de monumentos y comarcas, pero tambi\u00e9n de todo un pa\u00eds que por primera vez en su historia miraba al futuro con esperanza\u2026 <\/p>\n<p>Peridis es reconocido como arquitecto, humorista, decano entre los colaboradores de El Pa\u00eds, divulgador del patrimonio, creador de la Fundaci\u00f3n Santa Mar\u00eda, director de la Enciclopedia del Rom\u00e1nico e impulsor de proyectos de creaci\u00f3n de empleo. Tiene una carrera impresionante de m\u00e1s de sesenta a\u00f1os que le ha hecho merecedor de los m\u00e1s sonoros reconocimientos. <\/p>\n<p>\u00abEl tesoro del convento ca\u00eddo\u00bb, mezcla de novela, memorias y testimonios, se trata de un trabajo de una riqueza extraordinaria que servir\u00e1 no s\u00f3lo para dar testimonio de un esfuerzo colectivo fuera de lo com\u00fan sino para servir de reflexi\u00f3n y est\u00edmulo en un mundo cada vez m\u00e1s individualista. <\/p>\n<p>EL PERIDIS M\u00c1S \u00cdNTIMO<\/p>\n<p>Aunque mantiene su iron\u00eda habitual, esta novela muestra un Peridis m\u00e1s reflexivo y melanc\u00f3lico. En las ruinas del convento late su propia historia vital: la del arquitecto que ha dedicado su vida a salvar el patrimonio espa\u00f1ol y a reconstruir puentes entre el pasado y el presente. <\/p>\n<p>VALOR DE LA MEMORIA Y LA CULTURA<\/p>\n<p>Una novela sobre el valor de la memoria y la cultura en tiempos de olvido. La novela defiende la memoria como patrimonio vivo: cada hallazgo es un recordatorio de qui\u00e9nes somos. Un argumento potente en un momento en que el debate sobre la conservaci\u00f3n, la historia y la identidad est\u00e1 m\u00e1s presente que nunca. El libro puede leerse como una met\u00e1fora vital: reconstruir el convento equivale a reconstruirse uno mismo. Peridis convierte la restauraci\u00f3n del patrimonio en un acto de sanaci\u00f3n personal y colectiva, un camino donde la piedra y la biograf\u00eda se confunden. Cada muro levantado es tambi\u00e9n una lecci\u00f3n moral sobre la constancia, la fe civil y el sentido de comunidad. <\/p>\n<p>HERENCIA DEL ROM\u00c1NICO<\/p>\n<p>El rom\u00e1nico, hilo conductor de la obra, se interpreta no solo como estilo art\u00edstico sino como lenguaje moral. Cada capitel, cada iglesia, cada b\u00f3veda reconstruida, es una lecci\u00f3n sobre la armon\u00eda entre el ser humano y su entorno. El arte medieval aparece como un espejo donde se refleja la b\u00fasqueda de sentido contempor\u00e1nea. <\/p>\n<p>RETRATO MORAL DE ESPA\u00d1A<\/p>\n<p>Un retrato moral de Espa\u00f1a a trav\u00e9s de sus ruinas. El convento funciona como alegor\u00eda del pa\u00eds, un edificio que se derrumba pero que conserva intacta su dignidad. La novela propone una lectura simb\u00f3lica de la historia de Espa\u00f1a: un pa\u00eds que siempre se reconstruye sobre los restos de s\u00ed mismo. Peridis invita a reflexionar sobre los ciclos de esplendor y decadencia, pero desde una mirada esperanzada: el esp\u00edritu humano \u2014como las piedras\u2014 resiste. <\/p>\n<p>PAISAJE CASTELLANO<\/p>\n<p>Una historia ambientada en un territorio real y reconocible. El autor se inspira en los monasterios del paisaje castellano, lugares donde ha trabajado durante d\u00e9cadas como arquitecto y divulgador. Se plasma una conexi\u00f3n emocional con el paisaje que otorga autenticidad a la novela y refuerza su mensaje. <\/p>\n<p>DE LA RUINA A LA ESCUELA<\/p>\n<p>Uno de los grandes ejes de lectura es la idea del patrimonio como herramienta educativa y social. El convento no se recupera para el turismo, sino para el aprendizaje. Las escuelas-taller son el ejemplo de c\u00f3mo el conocimiento pr\u00e1ctico y el orgullo local pueden transformar la realidad de los j\u00f3venes.<\/p>\n<p>PERIDIS<\/p>\n<p>Jos\u00e9 Mar\u00eda P\u00e9rez Gonz\u00e1lez, m\u00e1s conocido como Peridis, es arquitecto, dibujante, divulgador del patrimonio cultural y escritor. <\/p>\n<p>Adem\u00e1s de las vi\u00f1etas que publica en El Pa\u00eds desde la fundaci\u00f3n de este peri\u00f3dico, es colaborador en el programa Aqu\u00ed la Tierra de TVE y en &#8216;A vivir que son dos d\u00edas&#8217; de la Cadena Ser. <\/p>\n<p>Tambi\u00e9n en TVE dirigi\u00f3 y present\u00f3 el documental Las claves del rom\u00e1nico. Entre otras muchas distinciones, es doctor honoris causa por las universidades de Valladolid y Alcal\u00e1 de Henares y recibi\u00f3 el Premio Nacional de Restauraci\u00f3n y Conservaci\u00f3n de Bienes Culturales 2018. <\/p>\n<p>Es autor de diversos libros sobre humor, s\u00e1tira pol\u00edtica y divulgaci\u00f3n de arte como La luz y el misterio de las catedrales (2012) y Hasta una ruina puede ser una esperanza (2017), entre otros. <\/p>\n<p>En 2014 obtuvo el Premio de Novela Hist\u00f3rica Alfonso X el Sabio con Esperando al rey. En 2016 public\u00f3 La maldici\u00f3n de la reina Leonor y en 2018 culmin\u00f3 su Trilog\u00eda de la Reconquista con La reina sin reino. En 2020 recibi\u00f3 el Premio Primavera de novela por El coraz\u00f3n con que vivo. <\/p>\n<p>En 2023 public\u00f3 El Cantar de Li\u00e9bana, una mezcla entre novela hist\u00f3rica y feel good que encant\u00f3 a los lectores. <\/p>\n","protected":false},"excerpt":{"rendered":"Palencia Jos\u00e9 Mar\u00eda P\u00e9rez \u00abPeridis\u00bb, presentar\u00e1 el pr\u00f3ximo 23 de octubre en Aguilar de Campoo, su \u00faltimo libro&hellip;\n","protected":false},"author":2,"featured_media":182862,"comment_status":"","ping_status":"","sticky":false,"template":"","format":"standard","meta":{"footnotes":""},"categories":[172],"tags":[224,146,147,25,24,225,23],"class_list":{"0":"post-182861","1":"post","2":"type-post","3":"status-publish","4":"format-standard","5":"has-post-thumbnail","7":"category-libros","8":"tag-books","9":"tag-entertainment","10":"tag-entretenimiento","11":"tag-es","12":"tag-espana","13":"tag-libros","14":"tag-spain"},"share_on_mastodon":{"url":"","error":""},"_links":{"self":[{"href":"https:\/\/www.europesays.com\/es\/wp-json\/wp\/v2\/posts\/182861","targetHints":{"allow":["GET"]}}],"collection":[{"href":"https:\/\/www.europesays.com\/es\/wp-json\/wp\/v2\/posts"}],"about":[{"href":"https:\/\/www.europesays.com\/es\/wp-json\/wp\/v2\/types\/post"}],"author":[{"embeddable":true,"href":"https:\/\/www.europesays.com\/es\/wp-json\/wp\/v2\/users\/2"}],"replies":[{"embeddable":true,"href":"https:\/\/www.europesays.com\/es\/wp-json\/wp\/v2\/comments?post=182861"}],"version-history":[{"count":0,"href":"https:\/\/www.europesays.com\/es\/wp-json\/wp\/v2\/posts\/182861\/revisions"}],"wp:featuredmedia":[{"embeddable":true,"href":"https:\/\/www.europesays.com\/es\/wp-json\/wp\/v2\/media\/182862"}],"wp:attachment":[{"href":"https:\/\/www.europesays.com\/es\/wp-json\/wp\/v2\/media?parent=182861"}],"wp:term":[{"taxonomy":"category","embeddable":true,"href":"https:\/\/www.europesays.com\/es\/wp-json\/wp\/v2\/categories?post=182861"},{"taxonomy":"post_tag","embeddable":true,"href":"https:\/\/www.europesays.com\/es\/wp-json\/wp\/v2\/tags?post=182861"}],"curies":[{"name":"wp","href":"https:\/\/api.w.org\/{rel}","templated":true}]}}