{"id":182888,"date":"2025-10-17T12:40:08","date_gmt":"2025-10-17T12:40:08","guid":{"rendered":"https:\/\/www.europesays.com\/es\/182888\/"},"modified":"2025-10-17T12:40:08","modified_gmt":"2025-10-17T12:40:08","slug":"entenderia-que-dejara-de-montar-en-bicicleta-al-menos-un-ano","status":"publish","type":"post","link":"https:\/\/www.europesays.com\/es\/182888\/","title":{"rendered":"\u201cEntender\u00eda que dejara de montar en bicicleta, al menos un a\u00f1o\u201d"},"content":{"rendered":"<p class=\"ft-text\"><strong>Tadej Pogacar<\/strong> ha cerrado una temporada para enmarcar<a class=\"ft-link ft-link--decoration\" href=\"https:\/\/www.sport.es\/es\/noticias\/ciclismo\/pogacar-apunta-record-imposible-merckx-palmares-monumentos-122492934\" rel=\"nofollow noopener\" target=\"_blank\"> con su quinta victoria en Il Lombardia,<\/a> donde es el rey absoluto desde 2021. El esloveno, ha vuelto adem\u00e1s a conquistar este a\u00f1o <strong>el Tour de Francia<\/strong> y ha revalidado su t\u00edtulo de campe\u00f3n del mundo en ruta, con otra exhibici\u00f3n.<\/p>\n<p class=\"ft-text\">En total, en un 2025 tan intenso como exigente, Pogacar ha conquistado un total de 20 victorias que lo sit\u00faan ya como uno de los grandes de la historia del ciclismo internacional y convierten su temporada <strong>en \u00abla mejor de todas\u00bb<\/strong>. As\u00ed lo calific\u00f3 el propio corredor del UAE el pasado domingo, cuando cerr\u00f3 el tel\u00f3n del curso en una exhibici\u00f3n cicloturista\u00a0en Krvavec, en casa, en Eslovenia. \u00abEspero disfrutar un poco de esta temporada baja y tambi\u00e9n encontrar momentos de tranquilidad\u00bb, dese\u00f3 el ciclista, tambi\u00e9n campe\u00f3n europeo en ruta hace apenas unas semanas.<\/p>\n<p class=\"ft-text\">Poco margen tendr\u00e1 el esloveno que, pese a los \u00e9xitos no se conforma y se ha marcado nuevos retos para la nueva temporada. \u00ab<strong>Mil\u00e1n-San Remo y Par\u00eds-Roubaix son mis pr\u00f3ximos grandes objetivos<\/strong>\u00ab, coment\u00f3 Pogacar, que apunta a conseguir los dos \u00faltimos monumentos que se le resisten. Pero eso ser\u00e1 el a\u00f1o que viene porque ahora toca tomarse un respiro. \u00abTengo que tomarme unas vacaciones.<strong> Tambi\u00e9n irme un tiempo a casa<\/strong>\u00ab, dec\u00eda Pogacar en la meta en Kravec.<\/p>\n<p>En casa esperan descanso<\/p>\n<p class=\"ft-text\">Un descanso que no solo agradecer\u00e1 el propio ciclista sino tambi\u00e9n en casa. \u00abEstamos muy felices, pero no tenemos tiempo para disfrutarlo. <strong>A veces desear\u00eda que se lo tomara con m\u00e1s calma<\/strong>\u201d, afirm\u00f3 Marjeta, la madre de Pogacar en unas declaraciones recientes que recoge &#8216;Le Parisien&#8217;.<\/p>\n<p class=\"ft-text\">La matriarca, consciente del desgaste que el \u00e9xito y el ritmo de competici\u00f3n puede llegar a generar en su hijo, asegur\u00f3 que entender\u00eda que Tadej \u201cdecidiera dejar de montar en bicicleta, <strong>o al menos hacerlo durante un a\u00f1o<\/strong>\u201d.<\/p>\n<p class=\"ft-text\">Un deseo que parece poco probable, teniendo en cuenta que Pogacar se encuentra actualmente en un gran momento de forma. Por el momento, no hay hoja de ruta confirmada para 2026 pero teniendo en cuenta los objetivos del esloveno, <strong>el s\u00e1bado 21 de marzo tendr\u00e1 probablemente una cita con la Mil\u00e1n-San Remo y el 12 de abril en la Par\u00eds-Roubaix.<\/strong><\/p>\n","protected":false},"excerpt":{"rendered":"Tadej Pogacar ha cerrado una temporada para enmarcar con su quinta victoria en Il Lombardia, donde es el&hellip;\n","protected":false},"author":2,"featured_media":182889,"comment_status":"","ping_status":"","sticky":false,"template":"","format":"standard","meta":{"footnotes":""},"categories":[273],"tags":[313,312,168,25,24,1395,549,23,167,316],"class_list":{"0":"post-182888","1":"post","2":"type-post","3":"status-publish","4":"format-standard","5":"has-post-thumbnail","7":"category-ciclismo","8":"tag-ciclismo","9":"tag-cycling","10":"tag-deportes","11":"tag-es","12":"tag-espana","13":"tag-monumentos","14":"tag-pogacar","15":"tag-spain","16":"tag-sports","17":"tag-tour"},"share_on_mastodon":{"url":"","error":""},"_links":{"self":[{"href":"https:\/\/www.europesays.com\/es\/wp-json\/wp\/v2\/posts\/182888","targetHints":{"allow":["GET"]}}],"collection":[{"href":"https:\/\/www.europesays.com\/es\/wp-json\/wp\/v2\/posts"}],"about":[{"href":"https:\/\/www.europesays.com\/es\/wp-json\/wp\/v2\/types\/post"}],"author":[{"embeddable":true,"href":"https:\/\/www.europesays.com\/es\/wp-json\/wp\/v2\/users\/2"}],"replies":[{"embeddable":true,"href":"https:\/\/www.europesays.com\/es\/wp-json\/wp\/v2\/comments?post=182888"}],"version-history":[{"count":0,"href":"https:\/\/www.europesays.com\/es\/wp-json\/wp\/v2\/posts\/182888\/revisions"}],"wp:featuredmedia":[{"embeddable":true,"href":"https:\/\/www.europesays.com\/es\/wp-json\/wp\/v2\/media\/182889"}],"wp:attachment":[{"href":"https:\/\/www.europesays.com\/es\/wp-json\/wp\/v2\/media?parent=182888"}],"wp:term":[{"taxonomy":"category","embeddable":true,"href":"https:\/\/www.europesays.com\/es\/wp-json\/wp\/v2\/categories?post=182888"},{"taxonomy":"post_tag","embeddable":true,"href":"https:\/\/www.europesays.com\/es\/wp-json\/wp\/v2\/tags?post=182888"}],"curies":[{"name":"wp","href":"https:\/\/api.w.org\/{rel}","templated":true}]}}