{"id":182894,"date":"2025-10-17T12:43:10","date_gmt":"2025-10-17T12:43:10","guid":{"rendered":"https:\/\/www.europesays.com\/es\/182894\/"},"modified":"2025-10-17T12:43:10","modified_gmt":"2025-10-17T12:43:10","slug":"pellicer-recupera-dos-hombres-clave-y-ve-como-el-virus-toca-a-otro-integrante-del-grupo","status":"publish","type":"post","link":"https:\/\/www.europesays.com\/es\/182894\/","title":{"rendered":"Pellicer recupera dos hombres &#8216;clave&#8217; y ve como el virus toca a otro integrante del grupo"},"content":{"rendered":"<p><a href=\"https:\/\/www.merchanendirecto.es\/wp-content\/uploads\/2025\/07\/25-07-09-Dotor-05-scaled.webp\" data-caption=\"Carlos Dotor en su primera sesi\u00f3n con el M\u00e1laga CF \/\/ Foto: M\u00e1laga CF\" rel=\"nofollow noopener\" target=\"_blank\"><img loading=\"lazy\" decoding=\"async\" width=\"696\" height=\"463\" class=\"entry-thumb td-modal-image\" src=\"https:\/\/www.europesays.com\/es\/wp-content\/uploads\/2025\/10\/25-07-09-Dotor-05-696x463.webp.webp\"   alt=\"CARLOS DOTOR EN SU PRIMER ENTRENAMIENTO\" title=\"CARLOS DOTOR EN SU PRIMER ENTRENAMIENTO\"\/><\/a>Carlos Dotor en su primera sesi\u00f3n con el M\u00e1laga CF \/\/ Foto: M\u00e1laga CF<\/p>\n<p>El <strong><a href=\"https:\/\/www.merchanendirecto.es\/category\/malaga-cf\/\" target=\"_blank\" rel=\"noreferrer noopener nofollow\">M\u00e1laga CF<\/a><\/strong> se ha ejercitado en la ma\u00f1ana de este viernes en el <strong>estadio anexo<\/strong> en <strong>La Rosaleda<\/strong> con la vista puesta en el partido del domingo en <strong>Butarque<\/strong> ante el <strong>Legan\u00e9s<\/strong>. El equipo de <strong><a href=\"https:\/\/www.merchanendirecto.es\/malaga-cf\/del-subterraneo-a-la-palestra-pellicer-vuelve-a-tomar-la-palabra\/\" target=\"_blank\" rel=\"noreferrer noopener nofollow\">Sergio Pellicer<\/a><\/strong> ha tenido una sesi\u00f3n que ha estado cargada de novedades. Buenas y malas. En el apartado positivo, el t\u00e9cnico valenciano recupera a <strong><a href=\"https:\/\/www.merchanendirecto.es\/malaga-cf\/alfonso-herrero-baja-en-el-entreno-por-un-proceso-virico\/\" target=\"_blank\" rel=\"noreferrer noopener nofollow\">Alfonso Herrero<\/a><\/strong>. El guardameta fue baja en la sesi\u00f3n del <strong>jueves<\/strong> por un virus. Lo supera y apunta a la titularidad para el fin de semana. Y, por otro lado, <strong>Carlos Puga<\/strong> se ha ejercitado de <strong>forma parcial y progresiva<\/strong> con el grupo. El lateral granadino se acerca al regreso al terreno de juego. Para el domingo puede ser precipitado, pero su regreso est\u00e1 mucho m\u00e1s cercano. Una sesi\u00f3n que tambi\u00e9n ha dejado bajas. <\/p>\n<p>Dentro de las novedades que no han estado disponibles para <strong>Pellicer<\/strong>, hay que destacar el nombre de <strong>Carlos Dotor<\/strong>. El centrocampista con pasado en el filial del <strong><a href=\"https:\/\/www.merchanendirecto.es\/malaga-cf\/los-diferentes-caminos-a-la-elite-dani-lorenzo-alvaro-carreras-y-raul-asencio\/\" target=\"_blank\" rel=\"noreferrer noopener nofollow\">Real Madrid<\/a><\/strong> es el nuevo jugador del <strong>M\u00e1laga CF<\/strong> que se ha visto afectado por el virus. Acechando al vestuario. Ma\u00f1ana ser\u00e1 d\u00eda clave para ver c\u00f3mo se recupera del mismo para saber si pudiera estar disponible para estar el <strong>domingo<\/strong> en <strong>Butarque<\/strong> ante el <strong>Legan\u00e9s<\/strong>. En cuanto al resto de bajas en la enfermer\u00eda, siguen estando en ella: <strong>\u00c1lex Pastor<\/strong>, <strong>Luismi<\/strong>, <strong>Ram\u00f3n<\/strong>,<strong> Moussa<\/strong>, <strong>Jokin Gabilondo<\/strong> y <strong>Adri\u00e1n Ni\u00f1o<\/strong>. Recupera para el partido ante el <strong>Legan\u00e9s<\/strong> a los hombres que estuvieron con sus selecciones: <strong>Izan Merino <\/strong>y <strong>Aar\u00f3n Ochoa<\/strong>. <\/p>\n<p><strong>Pellicer recupera dos hombres \u2018clave\u2019 y ve como el virus toca a otro integrante del grupo<\/strong>. <\/p>\n<p>Art\u00edculo anterior<a href=\"https:\/\/www.merchanendirecto.es\/malaga-cf\/los-diferentes-caminos-a-la-elite-dani-lorenzo-alvaro-carreras-y-raul-asencio\/\" rel=\"nofollow noopener\" target=\"_blank\">Los diferentes caminos a la \u00e9lite: Dani Lorenzo, \u00c1lvaro Carreras y Ra\u00fal Asencio<\/a>Art\u00edculo siguiente<a href=\"https:\/\/www.merchanendirecto.es\/futbol\/la-seleccion-espanola-femenina-traera-novedades-a-la-rosaleda\/\" rel=\"nofollow noopener\" target=\"_blank\">La Selecci\u00f3n Espa\u00f1ola femenina traer\u00e1 novedades a La Rosaleda<\/a>            <a href=\"https:\/\/www.merchanendirecto.es\/author\/hugo-rojas\/\" aria-label=\"author-photo\" rel=\"nofollow noopener\" target=\"_blank\"><img loading=\"lazy\" width=\"96\" height=\"96\" src=\"https:\/\/www.europesays.com\/es\/wp-content\/uploads\/2025\/10\/FOTO-CV-96x96.jpg\" class=\"avatar avatar-96 photo\" alt=\"Hugo Rojas\" decoding=\"async\"  \/><\/a><\/p>\n<p>Estudiante de Periodismo y redactor en Radio MARCA M\u00e1laga.<\/p>\n","protected":false},"excerpt":{"rendered":"Carlos Dotor en su primera sesi\u00f3n con el M\u00e1laga CF \/\/ Foto: M\u00e1laga CF El M\u00e1laga CF se&hellip;\n","protected":false},"author":2,"featured_media":182895,"comment_status":"","ping_status":"","sticky":false,"template":"","format":"standard","meta":{"footnotes":""},"categories":[268],"tags":[20879,168,28039,25,24,280,282,1963,7202,9421,281,23,167],"class_list":{"0":"post-182894","1":"post","2":"type-post","3":"status-publish","4":"format-standard","5":"has-post-thumbnail","7":"category-futbol","8":"tag-alfonso-herrero","9":"tag-deportes","10":"tag-dotor","11":"tag-es","12":"tag-espana","13":"tag-football","14":"tag-futbol","15":"tag-malaga-cf","16":"tag-pellicer","17":"tag-puga","18":"tag-soccer","19":"tag-spain","20":"tag-sports"},"share_on_mastodon":{"url":"","error":""},"_links":{"self":[{"href":"https:\/\/www.europesays.com\/es\/wp-json\/wp\/v2\/posts\/182894","targetHints":{"allow":["GET"]}}],"collection":[{"href":"https:\/\/www.europesays.com\/es\/wp-json\/wp\/v2\/posts"}],"about":[{"href":"https:\/\/www.europesays.com\/es\/wp-json\/wp\/v2\/types\/post"}],"author":[{"embeddable":true,"href":"https:\/\/www.europesays.com\/es\/wp-json\/wp\/v2\/users\/2"}],"replies":[{"embeddable":true,"href":"https:\/\/www.europesays.com\/es\/wp-json\/wp\/v2\/comments?post=182894"}],"version-history":[{"count":0,"href":"https:\/\/www.europesays.com\/es\/wp-json\/wp\/v2\/posts\/182894\/revisions"}],"wp:featuredmedia":[{"embeddable":true,"href":"https:\/\/www.europesays.com\/es\/wp-json\/wp\/v2\/media\/182895"}],"wp:attachment":[{"href":"https:\/\/www.europesays.com\/es\/wp-json\/wp\/v2\/media?parent=182894"}],"wp:term":[{"taxonomy":"category","embeddable":true,"href":"https:\/\/www.europesays.com\/es\/wp-json\/wp\/v2\/categories?post=182894"},{"taxonomy":"post_tag","embeddable":true,"href":"https:\/\/www.europesays.com\/es\/wp-json\/wp\/v2\/tags?post=182894"}],"curies":[{"name":"wp","href":"https:\/\/api.w.org\/{rel}","templated":true}]}}