{"id":182920,"date":"2025-10-17T12:59:08","date_gmt":"2025-10-17T12:59:08","guid":{"rendered":"https:\/\/www.europesays.com\/es\/182920\/"},"modified":"2025-10-17T12:59:08","modified_gmt":"2025-10-17T12:59:08","slug":"los-jovenes-taurinos-de-beziers-se-vuelcan-con-borja-jimenez","status":"publish","type":"post","link":"https:\/\/www.europesays.com\/es\/182920\/","title":{"rendered":"Los j\u00f3venes taurinos de B\u00e9ziers se vuelcan con Borja Jim\u00e9nez"},"content":{"rendered":"<p>El torero sevillano <strong>Borja Jim\u00e9nez<\/strong> ha sido el gran protagonista de las Jornadas Taurinas de B\u00e9ziers, una cita que ha reunido a la afici\u00f3n local durante dos intensos d\u00edas de actividades culturales y homenajes en torno a la tauromaquia.<\/p>\n<p>La agenda del diestro comenz\u00f3 este jueves con un encuentro con j\u00f3venes en el <strong>C\u00edrculo Taurino de Biterrois<\/strong>, donde m\u00e1s de <strong>200 aficionados<\/strong> llenaron el sal\u00f3n para escuchar el testimonio personal del torero. Jim\u00e9nez, a coraz\u00f3n abierto, comparti\u00f3 su recorrido vital y profesional, desde sus inicios en el toreo hasta su consagraci\u00f3n en las \u00faltimas dos temporadas, que lo han elevado a la cabeza del escalaf\u00f3n, sellando este 2025 tardes para el recuerdo en Madrid, Sevilla o Bilbao \u2013con un hist\u00f3rico indulto-.<\/p>\n<p>El acto, organizado por el <strong>Club Taurino de la Juventud de B\u00e9ziers<\/strong> y la <strong>Federaci\u00f3n de Clubes Taurinos de la ciudad<\/strong>, fue recibido con entusiasmo por una afici\u00f3n entregada, que mostr\u00f3 su respeto y admiraci\u00f3n por la figura del sevillano.<\/p>\n<p>Este viernes, Borja continu\u00f3 con una visita a la emblem\u00e1tica <strong>ganader\u00eda de Robert Marg\u00e9<\/strong>, uno de los referentes de la caba\u00f1a brava francesa. Posteriormente, Borja Jim\u00e9nez ser\u00e1 recibido oficialmente por el alcalde de B\u00e9ziers en el <strong>Museo Taurino<\/strong>, donde se escenificar\u00e1 el reconocimiento institucional a su labor en los ruedos.<\/p>\n<p>El punto culminante llegar\u00e1 esta noche, durante la tradicional <strong>cena de gala<\/strong>, en la que Borja Jim\u00e9nez recibir\u00e1 el <strong>Premio al Triunfador de la Feria de B\u00e9ziers 2025<\/strong>, distinci\u00f3n que reconoce su brillante actuaci\u00f3n durante el ciclo ferial celebrado el pasado mes de agosto.<\/p>\n<p>La velada, que incluir\u00e1 un aperitivo en la <strong>Pe\u00f1a Oliva<\/strong> y la entrega de trofeos en la plaza de toros, pondr\u00e1 fin a unas jornadas que refuerzan el v\u00ednculo entre B\u00e9ziers y la tauromaquia, y que consolidan al torero sevillano como un eje del toreo internacional.<\/p>\n<p>\u00a0<\/p>\n","protected":false},"excerpt":{"rendered":"El torero sevillano Borja Jim\u00e9nez ha sido el gran protagonista de las Jornadas Taurinas de B\u00e9ziers, una cita&hellip;\n","protected":false},"author":2,"featured_media":182921,"comment_status":"","ping_status":"","sticky":false,"template":"","format":"standard","meta":{"footnotes":""},"categories":[277],"tags":[373,168,25,24,23,167,374],"class_list":{"0":"post-182920","1":"post","2":"type-post","3":"status-publish","4":"format-standard","5":"has-post-thumbnail","7":"category-toreo","8":"tag-bullfighting","9":"tag-deportes","10":"tag-es","11":"tag-espana","12":"tag-spain","13":"tag-sports","14":"tag-toreo"},"share_on_mastodon":{"url":"","error":""},"_links":{"self":[{"href":"https:\/\/www.europesays.com\/es\/wp-json\/wp\/v2\/posts\/182920","targetHints":{"allow":["GET"]}}],"collection":[{"href":"https:\/\/www.europesays.com\/es\/wp-json\/wp\/v2\/posts"}],"about":[{"href":"https:\/\/www.europesays.com\/es\/wp-json\/wp\/v2\/types\/post"}],"author":[{"embeddable":true,"href":"https:\/\/www.europesays.com\/es\/wp-json\/wp\/v2\/users\/2"}],"replies":[{"embeddable":true,"href":"https:\/\/www.europesays.com\/es\/wp-json\/wp\/v2\/comments?post=182920"}],"version-history":[{"count":0,"href":"https:\/\/www.europesays.com\/es\/wp-json\/wp\/v2\/posts\/182920\/revisions"}],"wp:featuredmedia":[{"embeddable":true,"href":"https:\/\/www.europesays.com\/es\/wp-json\/wp\/v2\/media\/182921"}],"wp:attachment":[{"href":"https:\/\/www.europesays.com\/es\/wp-json\/wp\/v2\/media?parent=182920"}],"wp:term":[{"taxonomy":"category","embeddable":true,"href":"https:\/\/www.europesays.com\/es\/wp-json\/wp\/v2\/categories?post=182920"},{"taxonomy":"post_tag","embeddable":true,"href":"https:\/\/www.europesays.com\/es\/wp-json\/wp\/v2\/tags?post=182920"}],"curies":[{"name":"wp","href":"https:\/\/api.w.org\/{rel}","templated":true}]}}