{"id":182925,"date":"2025-10-17T13:04:08","date_gmt":"2025-10-17T13:04:08","guid":{"rendered":"https:\/\/www.europesays.com\/es\/182925\/"},"modified":"2025-10-17T13:04:08","modified_gmt":"2025-10-17T13:04:08","slug":"red-bull-considera-que-las-opciones-del-titulo-de-verstappen-pasan-por-mclaren-por-merito-propio","status":"publish","type":"post","link":"https:\/\/www.europesays.com\/es\/182925\/","title":{"rendered":"Red Bull considera que las opciones del t\u00edtulo de Verstappen pasan por McLaren: \u00abPor m\u00e9rito propio&#8230;\u00bb"},"content":{"rendered":"<p class=\"L6-news-detail__text\">La temporada de<b> F\u00f3rmula 1<\/b> encara su recta final y el desenlace del campeonato del mundo est\u00e1 cada vez m\u00e1s cerca. A falta de seis citas,<b> Oscar Piastri <\/b>lidera el Mundial con 22 puntos de ventaja respecto a <b>Lando Norris<\/b> y 63 en relaci\u00f3n a <b><a title=\"Max Verstappen\" href=\"https:\/\/www.lasexta.com\/noticias\/deportes\/motor\/formula1\/discurso-jefe-red-bull-convencer-max-verstappen-nuestro-motor_2025101568ef7f1c51264f432a7c2458.html\" target=\"_blank\" rel=\"nofollow noopener\">Max Verstappen<\/a><\/b>.<\/p>\n<p class=\"L6-news-detail__text\">La diferencia del l\u00edder con el neerland\u00e9s se ha reducido en los \u00faltimos GP pero<b> Helmut Marko<\/b>, asesor de la escuder\u00eda, se\u00f1al\u00f3 la dificultad de asaltar el campeonato: \u00abSi los pilotos de McLaren siguen compitiendo entre ellos y se producen m\u00e1s incidentes, no es imposible. <b>Pero por m\u00e9rito propio no puede superarse<\/b>\u00ab.<\/p>\n<p class=\"L6-news-detail__text\">A pesar de la distancia, la esperanza permanece intacta y Marko exterioriza el planteamiento del equipo para lo que resta de temporada en declaraciones para el peri\u00f3dico austriaco &#8216;Kleine Zeitung&#8217;: \u00abTendremos que mantener nuestro coche en plena forma. <b>Mientras sea matem\u00e1ticamente posible, sin duda seguiremos luchando<\/b>\u00ab.<\/p>\n<p class=\"L6-news-detail__text\">De esta forma analizaba el asesor de Red Bull el desenlace de un <b>Mundial <\/b>que hace poco parec\u00eda totalmente decidido para <b><a title=\"McLaren\" href=\"https:\/\/www.lasexta.com\/noticias\/deportes\/motor\/formula1\/mclaren-teme-que-max-verstappen-zarpazo-mundial-sigue-presente_2025101568ef4fe051264f432a7a329b.html\" target=\"_blank\" rel=\"nofollow noopener\">McLaren<\/a><\/b>. Sin embargo, los \u00faltimos resultados han dejado abierta la puerta, aunque sea de forma remota, de que se produzca el &#8216;sorpasso&#8217; del tetracampe\u00f3n. Todo antes del <b>GP de Austin<\/b>, en el Circuito de las Am\u00e9ricas, donde el neerland\u00e9s buscar\u00e1 reducir su desventaja de cara a las cinco \u00faltimas fechas del campeonato.<\/p>\n<p class=\"L6-support-news-video__title\">\u00abLo ha tirado\u00bb<\/p>\n<p>            <a href=\"https:\/\/www.lasexta.com\/noticias\/deportes\/motor\/ducati-desvela-reaccion-equipo-marc-marquez-accidente_2025100868e69f8b9c028a4cad29a930.html\" class=\"L6-news__link\" rel=\"nofollow noopener\" target=\"_blank\"><br \/>\n                Ducati desvela la reacci\u00f3n del equipo de Marc M\u00e1rquez durante su accidente<\/p>\n<p class=\"recirculation-video-desc\">Tras ser embestido por Marco Bezzecchi en la salida del Gran Premio de Indonesia, el eneacampe\u00f3n lleg\u00f3 a un box que estaba muy preocupado por su estado. <\/p>\n<p>            <\/a><\/p>\n","protected":false},"excerpt":{"rendered":"La temporada de F\u00f3rmula 1 encara su recta final y el desenlace del campeonato del mundo est\u00e1 cada&hellip;\n","protected":false},"author":2,"featured_media":182926,"comment_status":"","ping_status":"","sticky":false,"template":"","format":"standard","meta":{"footnotes":""},"categories":[270],"tags":[168,25,24,306,271,272,23,167],"class_list":{"0":"post-182925","1":"post","2":"type-post","3":"status-publish","4":"format-standard","5":"has-post-thumbnail","7":"category-formula-1","8":"tag-deportes","9":"tag-es","10":"tag-espana","11":"tag-f1","12":"tag-formula-1","13":"tag-formula1","14":"tag-spain","15":"tag-sports"},"share_on_mastodon":{"url":"","error":""},"_links":{"self":[{"href":"https:\/\/www.europesays.com\/es\/wp-json\/wp\/v2\/posts\/182925","targetHints":{"allow":["GET"]}}],"collection":[{"href":"https:\/\/www.europesays.com\/es\/wp-json\/wp\/v2\/posts"}],"about":[{"href":"https:\/\/www.europesays.com\/es\/wp-json\/wp\/v2\/types\/post"}],"author":[{"embeddable":true,"href":"https:\/\/www.europesays.com\/es\/wp-json\/wp\/v2\/users\/2"}],"replies":[{"embeddable":true,"href":"https:\/\/www.europesays.com\/es\/wp-json\/wp\/v2\/comments?post=182925"}],"version-history":[{"count":0,"href":"https:\/\/www.europesays.com\/es\/wp-json\/wp\/v2\/posts\/182925\/revisions"}],"wp:featuredmedia":[{"embeddable":true,"href":"https:\/\/www.europesays.com\/es\/wp-json\/wp\/v2\/media\/182926"}],"wp:attachment":[{"href":"https:\/\/www.europesays.com\/es\/wp-json\/wp\/v2\/media?parent=182925"}],"wp:term":[{"taxonomy":"category","embeddable":true,"href":"https:\/\/www.europesays.com\/es\/wp-json\/wp\/v2\/categories?post=182925"},{"taxonomy":"post_tag","embeddable":true,"href":"https:\/\/www.europesays.com\/es\/wp-json\/wp\/v2\/tags?post=182925"}],"curies":[{"name":"wp","href":"https:\/\/api.w.org\/{rel}","templated":true}]}}