{"id":182927,"date":"2025-10-17T13:05:11","date_gmt":"2025-10-17T13:05:11","guid":{"rendered":"https:\/\/www.europesays.com\/es\/182927\/"},"modified":"2025-10-17T13:05:11","modified_gmt":"2025-10-17T13:05:11","slug":"forrest-howard-y-kurucs-baja-ante-el-partizan","status":"publish","type":"post","link":"https:\/\/www.europesays.com\/es\/182927\/","title":{"rendered":"Forrest, Howard y Kurucs, baja ante el Partizan"},"content":{"rendered":"<p>\n        Si el<a href=\"https:\/\/www.noticiasdealava.eus\/baskonia\/2025\/10\/16\/buesa-quiere-primera-alegria-continental-previa-baskonia-partizan-euroliga-10227349.html\" title=\"encuentro contra el Partizan\" target=\"_blank\" class=\"link copy\" rel=\"nofollow noopener\"> encuentro contra el Partizan<\/a> de esta noche a partir de las<strong> 20.45 horas en el Buesa Arena <\/strong>ya iba a resultar exigente para el Baskonia por la talentosa plantilla con la que cuenta el rival, la <strong>ausencia de tres jugadores de peso<\/strong> para los azulgranas dificultar\u00e1 a\u00fan m\u00e1s que los hombres de Paolo Galbiati puedan sumar su <strong>primera victoria en la Euroliga <\/strong>de la temporada.\n<\/p>\n<p class=\"article-body__text \">\n        Seg\u00fan informa el club,<strong> Trent Forrest, Markus Howard y Rodions Kurucs se perder\u00e1n el encuentro<\/strong> de esta tarde por lesi\u00f3n, por lo que presenciar\u00e1n la cita desde la grada y dejar\u00e1n a Paolo Galbiati con <strong>s\u00f3lo diez jugadores <\/strong>de la primera plantilla a disposici\u00f3n.\n<\/p>\n<p class=\"article-photo__footer\">\n            Markus Howard, que termin\u00f3 con una lesi\u00f3n en el dedo tras una primera parte nefasta, es perseguido por Robinson.            Euroliga        <\/p>\n<p class=\"article-body__text \">\n        <a href=\"https:\/\/www.noticiasdealava.eus\/baskonia\/2025\/10\/15\/1x1-baskonia-forrest-howard-fuera-10223278.html\" title=\"Trent Forrest y Markus Howard\" target=\"_blank\" class=\"link copy\" rel=\"nofollow noopener\">Trent Forrest y Markus Howard <\/a>se perdieron la segunda parte del encuentro contra el Par\u00eds Basketball del pasado mi\u00e9rcoles tras lesionarse durante el transcurso de la primera parte. En el caso del base, sufri\u00f3 un<strong> latigazo en la zona isquiotibial <\/strong>al lanzarse a pelear un bal\u00f3n al final de la primera parte, mientras que Howard no pudo terminar la cita por<strong> dolores en un dedo<\/strong> de la mano izquierda.\n<\/p>\n<p>            <a href=\"https:\/\/www.noticiasdealava.eus\/baskonia\/2025\/10\/16\/buesa-quiere-primera-alegria-continental-previa-baskonia-partizan-euroliga-10227349.html\" title=\"El Buesa quiere ya la primera alegr\u00eda continental\" class=\"new__media\" rel=\"nofollow noopener\" target=\"_blank\"><\/p>\n<p>                <img alt=\"El Buesa quiere ya la primera alegr\u00eda continental\" data-src=\"https:\/\/www.europesays.com\/es\/wp-content\/uploads\/2025\/10\/0902906e-ebb0-4b7e-8d2b-850a472d7efa_16-9-aspect-ratio_default_0.jpg\" class=\"lozad\"\/><\/p>\n<p>        <\/a><\/p>\n<p>        <a href=\"https:\/\/www.noticiasdealava.eus\/baskonia\/2025\/10\/16\/buesa-quiere-primera-alegria-continental-previa-baskonia-partizan-euroliga-10227349.html\" title=\"El Buesa quiere ya la primera alegr\u00eda continental\" class=\"new__headline\" rel=\"nofollow noopener\" target=\"_blank\"><br \/>\n            El Buesa quiere ya la primera alegr\u00eda continental<br \/>\n        <\/a><\/p>\n<p class=\"article-photo__footer\">\n            Rodions Kurucs, el d\u00eda de su presentaci\u00f3n con el Baskonia            ADRIAN RUIZ HIERRO        <\/p>\n<p class=\"article-body__text \">\n        <strong>Kurucs, por su parte, arrastra molestias en su fascia plantar<\/strong> desde el encuentro contra el Real Madrid del pasado domingo, aunque<a href=\"https:\/\/www.noticiasdealava.eus\/baskonia\/2025\/10\/13\/alivio-baskonia-rodions-kurucs-10208124.html\" title=\"son habituales en el proceso de rehabilitaci\u00f3n\" target=\"_blank\" class=\"link copy\" rel=\"nofollow noopener\"> son habituales en el proceso de rehabilitaci\u00f3n<\/a> de la operaci\u00f3n a la que se someti\u00f3 el pasado verano y deber\u00eda poder regresar pronto a las canchas. Eso s\u00ed, el club no va a asumir riesgos teniendo en cuenta que se trata de una zona delicada.\n<\/p>\n<p class=\"article-photo__footer\">\n            Trent Forrest durante su exhibici\u00f3n contra el Real Madrid            ACB        <\/p>\n<p class=\"article-body__text \">\n        En cualquier caso,<strong> lo que m\u00e1s preocupa en estos momentos son las lesiones de Forrest y Howard. <\/strong>Ambos se han sometido a pruebas m\u00e9dicas para valorar el alcance de sus respectivas lesiones y<strong> el club tiene previsto emitir un parte m\u00e9dico <\/strong>cuando se obtenga un diagn\u00f3stico completo, algo a lo que s\u00f3lo acostumbra en lesiones serias que supongan m\u00e1s de una semana de baja.\n<\/p>\n<p class=\"article-body__text \">\n        De confirmarse, Paolo Galbiati perder\u00eda en un<strong> momento muy delicado de la campa\u00f1a <\/strong>con s\u00f3lo una victoria en seis encuentros entre las dos competiciones a <strong>dos de los pilares del equipo<\/strong> como son Forrest y Howard, algo que supondr\u00eda un duro rev\u00e9s a las aspiraciones azulgranas.<\/p>\n","protected":false},"excerpt":{"rendered":"Si el encuentro contra el Partizan de esta noche a partir de las 20.45 horas en el Buesa&hellip;\n","protected":false},"author":2,"featured_media":182928,"comment_status":"","ping_status":"","sticky":false,"template":"","format":"standard","meta":{"footnotes":""},"categories":[269],"tags":[6814,299,298,4714,168,25,24,833,26983,23519,25866,45749,23,167],"class_list":{"0":"post-182927","1":"post","2":"type-post","3":"status-publish","4":"format-standard","5":"has-post-thumbnail","7":"category-baloncesto","8":"tag-baja","9":"tag-baloncesto","10":"tag-basketball","11":"tag-baskonia","12":"tag-deportes","13":"tag-es","14":"tag-espana","15":"tag-euroliga","16":"tag-forrest","17":"tag-howard","18":"tag-kurucs","19":"tag-partizan","20":"tag-spain","21":"tag-sports"},"share_on_mastodon":{"url":"","error":""},"_links":{"self":[{"href":"https:\/\/www.europesays.com\/es\/wp-json\/wp\/v2\/posts\/182927","targetHints":{"allow":["GET"]}}],"collection":[{"href":"https:\/\/www.europesays.com\/es\/wp-json\/wp\/v2\/posts"}],"about":[{"href":"https:\/\/www.europesays.com\/es\/wp-json\/wp\/v2\/types\/post"}],"author":[{"embeddable":true,"href":"https:\/\/www.europesays.com\/es\/wp-json\/wp\/v2\/users\/2"}],"replies":[{"embeddable":true,"href":"https:\/\/www.europesays.com\/es\/wp-json\/wp\/v2\/comments?post=182927"}],"version-history":[{"count":0,"href":"https:\/\/www.europesays.com\/es\/wp-json\/wp\/v2\/posts\/182927\/revisions"}],"wp:featuredmedia":[{"embeddable":true,"href":"https:\/\/www.europesays.com\/es\/wp-json\/wp\/v2\/media\/182928"}],"wp:attachment":[{"href":"https:\/\/www.europesays.com\/es\/wp-json\/wp\/v2\/media?parent=182927"}],"wp:term":[{"taxonomy":"category","embeddable":true,"href":"https:\/\/www.europesays.com\/es\/wp-json\/wp\/v2\/categories?post=182927"},{"taxonomy":"post_tag","embeddable":true,"href":"https:\/\/www.europesays.com\/es\/wp-json\/wp\/v2\/tags?post=182927"}],"curies":[{"name":"wp","href":"https:\/\/api.w.org\/{rel}","templated":true}]}}