{"id":182931,"date":"2025-10-17T13:07:09","date_gmt":"2025-10-17T13:07:09","guid":{"rendered":"https:\/\/www.europesays.com\/es\/182931\/"},"modified":"2025-10-17T13:07:09","modified_gmt":"2025-10-17T13:07:09","slug":"gabriel-rufian-y-ester-exposito-sorprendidos-bailando-juntos-en-un-after","status":"publish","type":"post","link":"https:\/\/www.europesays.com\/es\/182931\/","title":{"rendered":"Gabriel Rufi\u00e1n y Ester Exp\u00f3sito, sorprendidos bailando juntos en un &#8216;after&#8217;"},"content":{"rendered":"<p><a class=\"v-mdl-ath__fig-a\" href=\"https:\/\/www.lasprovincias.es\/autor\/maria-gardo-481.html\" title=\"Mar\u00eda Gard\u00f3\" rel=\"nofollow noopener\" target=\"_blank\"><br \/>\n<img decoding=\"async\" class=\"v-mdl-ath__img\" src=\"https:\/\/www.europesays.com\/es\/wp-content\/uploads\/2025\/07\/autor-481-foto-2.jpeg\" alt=\"Mar\u00eda Gard\u00f3\"\/><br \/>\n<\/a><\/p>\n<p class=\"v-mdl-ath__p v-mdl-ath__p--6\">\nViernes, 17 de octubre 2025, 11:46<\/p>\n<p class=\"v-p\">Gabriel Rufi\u00e1n y Ester Exp\u00f3sito han sido pillados bailando bachata en un &#8216;after&#8217; de Madrid. Las im\u00e1genes han corrido como la p\u00f3lvora en redes sociales. Fueron grabadas por un grupo de personas que se encontraban en el mismo local. <\/p>\n<p class=\"v-p\">Seg\u00fan cuentan medios como &#8216;El Mundo&#8217;, ambos se encontraron unas horas antes en una discoteca y entablaron conversaci\u00f3n. M\u00e1s tarde salieron juntos hasta acudir al &#8216;after&#8217; en el que fueron grabados. <\/p>\n<blockquote class=\"twitter-tweet\" data-media-max-width=\"560\">\n<p lang=\"es\" dir=\"ltr\">Lo de Ester Exp\u00f3sito con el ex separatista Gabriel Rufi\u00e1n no lo vimos venir. Aqu\u00ed de after en Moncloa bailando juntos.<\/p>\n<p>Ahora vemos por qu\u00e9 le gusta tanto Madrid y huy\u00f3 de Santa Coloma dejando tirados a los vecinos que le votaron. <a href=\"https:\/\/t.co\/nVsBcDmWln\" rel=\"nofollow\">pic.twitter.com\/nVsBcDmWln<\/a><\/p>\n<p>\u2014 Arturo Villa (@ArturoVilla_) <a href=\"https:\/\/twitter.com\/ArturoVilla_\/status\/1978835727719768092?ref_src=twsrc%5Etfw\" rel=\"nofollow noopener\" target=\"_blank\">October 16, 2025<\/a><\/p><\/blockquote>\n<p class=\"v-p\">En el v\u00eddeo se puede ver a Rufi\u00e1n y a Exp\u00f3sito bailando la canci\u00f3n &#8216;El malo&#8217;, de Aventura. Ella aparece con un vestido blanco y el pelo recogido; \u00e9l, con una camiseta negra de manga corta y pantal\u00f3n gris. <\/p>\n<p class=\"v-p\">La actriz se encontraba en Madrid por motivos profesionales relacionados con su \u00faltima serie, &#8216;Bandidos&#8217;. Mientras, Rufi\u00e1n hab\u00eda pasado la noche en la capital tras la sesi\u00f3n de control al Gobierno.<\/p>\n<p>Reporta un error<\/p>\n<p><script async src=\"https:\/\/platform.twitter.com\/widgets.js\" charset=\"utf-8\"><\/script><\/p>\n","protected":false},"excerpt":{"rendered":"Viernes, 17 de octubre 2025, 11:46 Gabriel Rufi\u00e1n y Ester Exp\u00f3sito han sido pillados bailando bachata en un&hellip;\n","protected":false},"author":2,"featured_media":182932,"comment_status":"","ping_status":"","sticky":false,"template":"","format":"standard","meta":{"footnotes":""},"categories":[174],"tags":[25172,15762,255,146,147,25,24,30817,33920,256,35871,1300,45069,51764,23],"class_list":{"0":"post-182931","1":"post","2":"type-post","3":"status-publish","4":"format-standard","5":"has-post-thumbnail","7":"category-famosos","8":"tag-after","9":"tag-bailando","10":"tag-celebrities","11":"tag-entertainment","12":"tag-entretenimiento","13":"tag-es","14":"tag-espana","15":"tag-ester","16":"tag-exposito","17":"tag-famosos","18":"tag-gabriel","19":"tag-juntos","20":"tag-rufian","21":"tag-sorprendidos","22":"tag-spain"},"share_on_mastodon":{"url":"","error":""},"_links":{"self":[{"href":"https:\/\/www.europesays.com\/es\/wp-json\/wp\/v2\/posts\/182931","targetHints":{"allow":["GET"]}}],"collection":[{"href":"https:\/\/www.europesays.com\/es\/wp-json\/wp\/v2\/posts"}],"about":[{"href":"https:\/\/www.europesays.com\/es\/wp-json\/wp\/v2\/types\/post"}],"author":[{"embeddable":true,"href":"https:\/\/www.europesays.com\/es\/wp-json\/wp\/v2\/users\/2"}],"replies":[{"embeddable":true,"href":"https:\/\/www.europesays.com\/es\/wp-json\/wp\/v2\/comments?post=182931"}],"version-history":[{"count":0,"href":"https:\/\/www.europesays.com\/es\/wp-json\/wp\/v2\/posts\/182931\/revisions"}],"wp:featuredmedia":[{"embeddable":true,"href":"https:\/\/www.europesays.com\/es\/wp-json\/wp\/v2\/media\/182932"}],"wp:attachment":[{"href":"https:\/\/www.europesays.com\/es\/wp-json\/wp\/v2\/media?parent=182931"}],"wp:term":[{"taxonomy":"category","embeddable":true,"href":"https:\/\/www.europesays.com\/es\/wp-json\/wp\/v2\/categories?post=182931"},{"taxonomy":"post_tag","embeddable":true,"href":"https:\/\/www.europesays.com\/es\/wp-json\/wp\/v2\/tags?post=182931"}],"curies":[{"name":"wp","href":"https:\/\/api.w.org\/{rel}","templated":true}]}}