{"id":182942,"date":"2025-10-17T13:15:09","date_gmt":"2025-10-17T13:15:09","guid":{"rendered":"https:\/\/www.europesays.com\/es\/182942\/"},"modified":"2025-10-17T13:15:09","modified_gmt":"2025-10-17T13:15:09","slug":"la-audiencia-enmudece-ante-la-barbaridad-vivida-anoche-en-supervivientes-all-stars-el-mundo","status":"publish","type":"post","link":"https:\/\/www.europesays.com\/es\/182942\/","title":{"rendered":"La audiencia enmudece ante la &quot;barbaridad&quot; vivida anoche en Supervivientes All Stars &#8211; El Mundo"},"content":{"rendered":"<ol>\n<li><a href=\"https:\/\/news.google.com\/rss\/articles\/CBMiiwFBVV95cUxONVlOby0tZ0FscDhLREUzWmx3RkVteDdZRFR2MUdqNHVQc01SSkFIR291bkRoWkNYTF9uWENTRVg5eHdGLXltSHIwNzA1OG54Y2ZGYW1pbDBkZmJ3aUh3ZWNUdnJvMURiVkkyU2FoTzRWYlZtYUthZDJiUVVBRDVQZG1MWHgxM3lmemsw?oc=5\" target=\"_blank\" rel=\"nofollow noopener\">La audiencia enmudece ante la \u00abbarbaridad\u00bb vivida anoche en Supervivientes All Stars<\/a>&nbsp;&nbsp;El Mundo<\/li>\n<li><a href=\"https:\/\/news.google.com\/rss\/articles\/CBMi5gFBVV95cUxPcFk2aTdIblhvVGVKRjhNc1hKSVVZTmJCTFV6VlN3R1Z5a2tadGdBVjZ0M3BCTjI5T2JiemNZX3B3SEZ1SGxyNHFWUjRkNEtqWFRubV9KNHo0RkFQV1JtSXQtMm84QzN2Z2Fmb1d4Z0EtcTFoSFhBY0JwX0tfVURwVXR1QVFZWTBQbFE3VE8tOWFiNDRzcWlWWlBJd1RBWm9sbnNnUHB5ZWg0X3pBS1hjdXJyM1piOGU4SUp2NFZjN0hOcEdRRy10cGRsTHMwRlBWang5UnJ0THA0QThYSjEtcnMxMldlZ9IB8gFBVV95cUxPTGtSSkVrRTRHY2hmVXdxYkpnanctUzNnZUcyUnZJQzduai02dFZUUjZEQ3BGLVZlaHJlOFZyV2M1QzF4VmN5MEd6MUs2QWVKQ3RaaFBNMGJuRVQ1SnRlOVF5R1ZURXFNMkNQQTk5bHdHdTlPb25wR2hoS3Q0ak9LZlNSUGhDMldLcWpoRFZDTGJWSERUR3VIUzhBeWJIWDZrOVE4eHA1QzJvMVpxbzlRRGU4Qkp0V3ZZbExPR0pKT1FNbTRGQUF3SkJ5amZrSVQ5UllaOVhHbURNZjg3MHg5WFV0UHpGRGFfVTYxMWZhTHhiQQ?oc=5\" target=\"_blank\" rel=\"nofollow noopener\">La \u00e9pica noria infernal Miri P\u00e9rez y Rub\u00e9n Torres hace historia en Supervivientes All Stars 2025<\/a>&nbsp;&nbsp;Telecinco<\/li>\n<li><a href=\"https:\/\/news.google.com\/rss\/articles\/CBMi1AFBVV95cUxQSHFzZ1NHd3Qwcnl5Z0lGRnY1MGNEYnVmNGFRR0FBdmdkM0NkSEVBRUxtdm9VM1JJOTVmeDh6dy1QRjBadExjd0NtcTdjLTBsZW1zSDdjOW91dzRCTVota3l1Z0NGZHZpM1YtYk9fUlROMjRJa3F0aXVpQ2Qzb2p6ZVNPRnpDMnp5d3hzTXAyZlpvUEhmRkNWd19LYXQ0M1BTNm9tbWJYWmZRWWdvTzBYbjhUOVh3Z04zSXNfVzE0S2MwelpVcVZCTFVKZmxDckt6TEczZA?oc=5\" target=\"_blank\" rel=\"nofollow noopener\">Miri P\u00e9rez-Cabrero y Rub\u00e9n Torres hacen historia en la noria infernal de &#8216;Supervivientes&#8217;: \u00ab\u00a120 minutos!\u00bb<\/a>&nbsp;&nbsp;20Minutos<\/li>\n<li><a href=\"https:\/\/news.google.com\/rss\/articles\/CBMiogFBVV95cUxQb3E0dllTZkNheDQyOXhPODN3OFBGdk5xdzZHUllzazB1SUd1U2UzbDN0RlpOMFEzSEk4U2lKTFRwbVlRSTFhQW8yYzc3ZTVaZDdscWV2RXI2VWd0clluMmNhakpzLTVsLUw5RGNWRlBMdDVhbDRKcGxCZEIwZ0pTTWFNR1NaTkFGSWU4RWxvTm5LaHlyOXVsaHFWcGRvTXd5LXfSAacBQVVfeXFMT0Z0TWtKZzJIM2xZR0lndGFGaVJfc3RMLVZTUVJrNlo5bDBhaFFWN0VETjRtZENkTkVMLUlKdXhzTVI0VjJ3TzFNMXhYVWJqdDk4eFF1ZE1zdTNueFBpMGY5a2hOWFNocENteGpSVlgtaHdyeHlMLUV5TU5mUWF2Z2k2azRJU0E3SHN3SUdJNEpBdkF2UE9NNTZzRUdNVnJpb2lsTkJLU0U?oc=5\" target=\"_blank\" rel=\"nofollow noopener\">Miri P\u00e9rez y Rub\u00e9n Torres viven un tremendo duelo en &#8216;Supervivientes&#8217;: noria, v\u00f3mitos y 20 minutos para la inmunidad<\/a>&nbsp;&nbsp;El Peri\u00f3dico<\/li>\n<li><a href=\"https:\/\/news.google.com\/rss\/articles\/CBMiwgFBVV95cUxQcEZpZ0ZwU3p6eU5mcU9hemN1NTM1cXNNa0xNNTRqQ0lNalBTOWpVT3dWMFJMMUVFOGlLOFZlSXhJTzBGMGtrREJEMnJvQ2NXTEVwcXczZ1dtdm9XQnNKX2pxLUpzOXU4ejhXUmJnOFBTMkxWODg4YXNZNVVpNUNmSHJCYUhBNV92bGdIRF9kTmluWXhNMlVpUVZlYjJQVWlla2tkRjRFaE1pV0dGc3Y3OS11SUF4RDRfbU9VMlpQeWM3UdIBxwFBVV95cUxQYjJiWFFYLTZuc3o5QmRQS3ptNG91aTA5VTlOMGRHNXVTZ2plWEE5RjNOOUtITk5tYlNyVjRIM3lmNGRIZ3NCRFJkWFQ0TGtNZUxELXVHbjNhSUEtc2JTdVVlQi04N3lQNUZyWWFJQUVvV3NtMFZvV3lsQnNnR2NsNmF4RXF1OVNBQlN3OWY1eFBOWjYtWm55cVpwVkx3cXZtX0ZCOFdEWlQ4Mk9JdHpja1ZwUF8wQUQzZzJoTFN5SnlheWFma2Nj?oc=5\" target=\"_blank\" rel=\"nofollow noopener\">Miri y Torres hacen historia en &#8216;Supervivientes All Stars&#8217; con una ag\u00f3nica y salvaje noria (de r\u00e9cord)<\/a>&nbsp;&nbsp;El Confidencial<\/li>\n<\/ol>\n","protected":false},"excerpt":{"rendered":"La audiencia enmudece ante la \u00abbarbaridad\u00bb vivida anoche en Supervivientes All Stars&nbsp;&nbsp;El Mundo La \u00e9pica noria infernal Miri&hellip;\n","protected":false},"author":2,"featured_media":182943,"comment_status":"","ping_status":"","sticky":false,"template":"","format":"standard","meta":{"footnotes":""},"categories":[91],"tags":[146,147,25,24,6063,22713,23,3947,692,807,32358],"class_list":{"0":"post-182942","1":"post","2":"type-post","3":"status-publish","4":"format-standard","5":"has-post-thumbnail","7":"category-entretenimiento","8":"tag-entertainment","9":"tag-entretenimiento","10":"tag-es","11":"tag-espana","12":"tag-jorge-javier-vazquez","13":"tag-laura-madrueno","14":"tag-spain","15":"tag-supervivientes","16":"tag-telecinco","17":"tag-television","18":"tag-television-momentvs"},"share_on_mastodon":{"url":"","error":""},"_links":{"self":[{"href":"https:\/\/www.europesays.com\/es\/wp-json\/wp\/v2\/posts\/182942","targetHints":{"allow":["GET"]}}],"collection":[{"href":"https:\/\/www.europesays.com\/es\/wp-json\/wp\/v2\/posts"}],"about":[{"href":"https:\/\/www.europesays.com\/es\/wp-json\/wp\/v2\/types\/post"}],"author":[{"embeddable":true,"href":"https:\/\/www.europesays.com\/es\/wp-json\/wp\/v2\/users\/2"}],"replies":[{"embeddable":true,"href":"https:\/\/www.europesays.com\/es\/wp-json\/wp\/v2\/comments?post=182942"}],"version-history":[{"count":0,"href":"https:\/\/www.europesays.com\/es\/wp-json\/wp\/v2\/posts\/182942\/revisions"}],"wp:featuredmedia":[{"embeddable":true,"href":"https:\/\/www.europesays.com\/es\/wp-json\/wp\/v2\/media\/182943"}],"wp:attachment":[{"href":"https:\/\/www.europesays.com\/es\/wp-json\/wp\/v2\/media?parent=182942"}],"wp:term":[{"taxonomy":"category","embeddable":true,"href":"https:\/\/www.europesays.com\/es\/wp-json\/wp\/v2\/categories?post=182942"},{"taxonomy":"post_tag","embeddable":true,"href":"https:\/\/www.europesays.com\/es\/wp-json\/wp\/v2\/tags?post=182942"}],"curies":[{"name":"wp","href":"https:\/\/api.w.org\/{rel}","templated":true}]}}