{"id":182954,"date":"2025-10-17T13:21:19","date_gmt":"2025-10-17T13:21:19","guid":{"rendered":"https:\/\/www.europesays.com\/es\/182954\/"},"modified":"2025-10-17T13:21:19","modified_gmt":"2025-10-17T13:21:19","slug":"un-invicto-que-defender-ante-la-necesidad-gallega","status":"publish","type":"post","link":"https:\/\/www.europesays.com\/es\/182954\/","title":{"rendered":"Un invicto que defender ante la necesidad gallega"},"content":{"rendered":"<p class=\"paragraph\" style=\"margin: 0cm;text-indent: -0.1pt;vertical-align: baseline;text-align: justify\">El Bathco BM Torrelavega recibe ma\u00f1ana s\u00e1bado desde las 20:30 al Frigor\u00edficos del Morrazo en la jornada 6 de la Liga NEXUS ENERG\u00cdA ASOBAL. Una nueva batalla para el equipo naranja con la oportunidad de defender su invicto en la liga en una jornada que podr\u00eda acabar con los c\u00e1ntabros como l\u00edderes en solitario de la competici\u00f3n.<\/p>\n<p>\u00a0<\/p>\n<p class=\"paragraph\" style=\"margin: 0cm;text-indent: -0.1pt;vertical-align: baseline;text-align: justify\">M\u00e1s all\u00e1 del duelo entre IRUDEK Bidasoa Irun y Bar\u00e7a, esa posibilidad pasar\u00e1 por superar a un Frigor\u00edficos del Morrazo que llega necesitado a Torrelavega. El equipo de Enrique Dom\u00ednguez lleva 2 puntos en los 5 partidos disputados, tras haber conseguido un solo triunfo en la jornada 3 ante Bada Huesca. Una tendencia que, junto al mejor inicio en la \u00e9lite para el Bathco BM Torrelavega, se viste de oportunidad para los locales. Los antecedentes en estas 4 pasadas temporadas marcan, adem\u00e1s, un 3 \u2013 1 favorable para los torrelaveguenses.<\/p>\n<p>\u00a0<\/p>\n<p class=\"paragraph\" style=\"margin: 0cm;text-indent: -0.1pt;vertical-align: baseline;text-align: justify\">A pesar de todo, el duelo que se plantea queda bien lejos de la palabra \u2018f\u00e1cil\u2019. La n\u00f3mina de jugadores del conjunto gallego se viene acoplando al estilo de Dom\u00ednguez, un estilo que habitualmente ha puesto en dificultades a los naranjas. \u201cCada partido es un mundo\u201d subraya Cu\u00e9tara, destacando que \u201cel estilo de Quique es muy vistoso, muy r\u00e1pido y competitivo, lleva tiempo acoplarse pero estoy seguro que acabar\u00e1 sacando el mejor rendimiento a su equipo\u201d.<\/p>\n<p>\u00a0<\/p>\n<p class=\"paragraph\" style=\"margin: 0cm;text-indent: -0.1pt;vertical-align: baseline;text-align: justify\">El asturiano se\u00f1ala que \u201cdebemos dar un paso adelante en casa, ser m\u00e1s s\u00f3lidos y controlar mejor el juego como cuando jugamos a domicilio\u201d. Para Cu\u00e9tara, el \u201cfactor p\u00fablico, ambiente\u201d es muy importante para \u201cser cada vez m\u00e1s competitivos y aprender a jugar con el favoritismo y la presi\u00f3n que conlleva\u201d. Adem\u00e1s, conf\u00eda en \u201crecuperar alguno de nuestros jugadores lesionados, especialmente en la primera l\u00ednea\u201d de cara al fin de semana.<\/p>\n<p>\u00a0<\/p>\n<p class=\"paragraph\" style=\"margin: 0cm;text-indent: -0.1pt;vertical-align: baseline;text-align: justify\">El partido comenzar\u00e1 a las 20:30 y estar\u00e1 dirigido por Miguel Mart\u00edn Soria y Jes\u00fas \u00c1lvarez, de las federaciones valenciana y asturiana.<\/p>\n","protected":false},"excerpt":{"rendered":"El Bathco BM Torrelavega recibe ma\u00f1ana s\u00e1bado desde las 20:30 al Frigor\u00edficos del Morrazo en la jornada 6&hellip;\n","protected":false},"author":2,"featured_media":182955,"comment_status":"","ping_status":"","sticky":false,"template":"","format":"standard","meta":{"footnotes":""},"categories":[278],"tags":[376,168,25,24,375,23,167],"class_list":{"0":"post-182954","1":"post","2":"type-post","3":"status-publish","4":"format-standard","5":"has-post-thumbnail","7":"category-balonmano","8":"tag-balonmano","9":"tag-deportes","10":"tag-es","11":"tag-espana","12":"tag-handball","13":"tag-spain","14":"tag-sports"},"share_on_mastodon":{"url":"","error":""},"_links":{"self":[{"href":"https:\/\/www.europesays.com\/es\/wp-json\/wp\/v2\/posts\/182954","targetHints":{"allow":["GET"]}}],"collection":[{"href":"https:\/\/www.europesays.com\/es\/wp-json\/wp\/v2\/posts"}],"about":[{"href":"https:\/\/www.europesays.com\/es\/wp-json\/wp\/v2\/types\/post"}],"author":[{"embeddable":true,"href":"https:\/\/www.europesays.com\/es\/wp-json\/wp\/v2\/users\/2"}],"replies":[{"embeddable":true,"href":"https:\/\/www.europesays.com\/es\/wp-json\/wp\/v2\/comments?post=182954"}],"version-history":[{"count":0,"href":"https:\/\/www.europesays.com\/es\/wp-json\/wp\/v2\/posts\/182954\/revisions"}],"wp:featuredmedia":[{"embeddable":true,"href":"https:\/\/www.europesays.com\/es\/wp-json\/wp\/v2\/media\/182955"}],"wp:attachment":[{"href":"https:\/\/www.europesays.com\/es\/wp-json\/wp\/v2\/media?parent=182954"}],"wp:term":[{"taxonomy":"category","embeddable":true,"href":"https:\/\/www.europesays.com\/es\/wp-json\/wp\/v2\/categories?post=182954"},{"taxonomy":"post_tag","embeddable":true,"href":"https:\/\/www.europesays.com\/es\/wp-json\/wp\/v2\/tags?post=182954"}],"curies":[{"name":"wp","href":"https:\/\/api.w.org\/{rel}","templated":true}]}}