{"id":182960,"date":"2025-10-17T13:27:15","date_gmt":"2025-10-17T13:27:15","guid":{"rendered":"https:\/\/www.europesays.com\/es\/182960\/"},"modified":"2025-10-17T13:27:15","modified_gmt":"2025-10-17T13:27:15","slug":"video-f1-colapinto-uso-un-sombrero-personalizado-en-su-primer-dia-en-austin","status":"publish","type":"post","link":"https:\/\/www.europesays.com\/es\/182960\/","title":{"rendered":"VIDEO: F1: Colapinto us\u00f3 un sombrero personalizado en su primer d\u00eda en Austin"},"content":{"rendered":"<p><strong>A partir de este fin de semana<\/strong>, la <strong>F\u00f3rmula 1<\/strong> pondr\u00e1 en marcha el <strong>Gran Premio de Estados Unidos<\/strong> en el marco de la <strong>decimonovena ronda correspondiente al campeonato mundial 2025<\/strong> en el circuito de <strong>Las Am\u00e9ricas <\/strong>de <strong>Austin<\/strong>, <strong>Texas<\/strong>.<\/p>\n<p>&#13;<br \/>\n&#13;<\/p>\n<p><strong>Leer adem\u00e1s:\u00a0<\/strong><a href=\"https:\/\/www.carburando.com\/notas\/f1-la-exigencia-de-alpine-para-la-continuidad-de-franco-colapinto-en-2026\" target=\"_blank\" rel=\"nofollow noopener\">F1: la exigencia de Alpine para la continuidad de Franco Colapinto en 2026<\/a><\/p>\n<p>&#13;<br \/>\n&#13;<\/p>\n<p>Al llegar a dicho escenario, los pilotos pueden colocarse los sombreros t\u00edpicos de \u201cvaquero\u201d que se utilizan en el estado y en esta ocasi\u00f3n, <strong>Franco Colapinto us\u00f3 uno particular<\/strong>. El piloto argentino pudo personalizar el suyo <strong>agregando las siglas de su nombre en los bordes y caus\u00f3 sensaci\u00f3n cuando lo mostr\u00f3 en redes sociales. <\/strong><\/p>\n<p>&#13;<br \/>\n&#13;<br \/>\n<strong>Mira el video: <\/strong>&#13;<br \/>\n&#13;<br \/>\n&#13;<br \/>\n&#13;<br \/>\n&#13;<br \/>\n&#13;<\/p>\n<p>En su presentaci\u00f3n con la prensa, Colapinto se mostr\u00f3 tranquilo y asegur\u00f3 que Alpine ya le dijo que necesitan de \u00e9l para que pueda lograr la continuidad.\u00a0<strong>\u201cPara continuar en 2026 me han dicho que debo seguir haci\u00e9ndolo como hasta ahora. Tengo que seguir trabajando y creciendo<\/strong>. Pero todos seguimos empujando y la motivaci\u00f3n est\u00e1 alta. Estoy seguro de que el a\u00f1o que viene ser\u00e1 importante mantener esta actitud, y conf\u00edo en que tendremos\u00a0un\u00a0auto\u00a0r\u00e1pido\u201d, afirm\u00f3.<\/p>\n<p>&#13;<br \/>\n&#13;<\/p>\n<p><strong><a href=\"http:\/\/carburando.com\/notas\/pobre-la-contundente-critica-de-alonso-a-la-transmision-de-la-formula-1\" rel=\"nofollow noopener\" target=\"_blank\">Leer adem\u00e1s: La contundente cr\u00edtica de Fernando Alonso a las transmisiones de la F1<\/a><\/strong><\/p>\n<p>&#13;<br \/>\n&#13;<\/p>\n<p>Con un panorama que parece aclarado, el chico de Pilar solt\u00f3 una declaraci\u00f3n que invita a so\u00f1ar con la noticia que tiene en vilo al p\u00fablico argentino. \u201c<strong>No he hablado con ning\u00fan otro equipo de F1<\/strong>\u201d, dijo el piloto de 22 a\u00f1os en una expresi\u00f3n de la cual se podr\u00eda desprender l<strong>a alternativa de que la renovaci\u00f3n estar\u00eda al caer<\/strong>. Caso contrario<strong>\u00a0ser\u00eda pensar que una negativa de Alpine marcar\u00eda el final de Franco en la m\u00e1xima categor\u00eda, lo cual parece poco probable.<\/strong><\/p>\n<p>&#13;<br \/>\n&#13;<br \/>\n<strong>\u00bfQu\u00e9 mirada tiene Colapinto a futuro?<\/strong>&#13;<br \/>\n&#13;<\/p>\n<p><strong>Si bien ser\u00eda inusual una salida de Colapinto de la F1 en el corto plazo, algunos medios internacionales deslizaron la posibilidad ni bien comenz\u00f3 el receso del verano europeo, cuando el argentino estaba en el centro de la escena por su performance.\u00a0<\/strong>La web F\u00f3rmula 1 Magazine dio a conocer que los managers de Franco estaban evaluando opciones en IndyCar y el Mundial de Resistencia (WEC). Con el presente del joven pilarense, esas afirmaciones perdieron fuerza y quedaron sepultadas este jueves.<\/p>\n<p>&#13;<br \/>\n&#13;<\/p>\n<p><strong><a href=\"http:\/\/carburando.com\/notas\/f1-no-se-la-jugo-colapinto-evito-adelantar-su-candidato-para-el-campeonato-2025\" rel=\"nofollow noopener\" target=\"_blank\">Leer adem\u00e1s: Colapinto evit\u00f3 dar su candidato a quedarse con el t\u00edtulo en la temporada 2025 de la F1<\/a><\/strong><\/p>\n<p>&#13;<br \/>\n&#13;<\/p>\n<p>\u201cBueno,\u00a0<strong>me encanta ver Indycar, pero la verdad es que no me veo pilotando en esa categor\u00eda en el corto plazo. Cuando sea m\u00e1s mayor,<\/strong>\u00a0a lo mejor s\u00ed. Me encantar\u00eda probarlo\u201d, cerr\u00f3 el argentino, quien este fin de semana afrontar\u00e1 su carrera n\u00famero 13 a bordo del A525 de la escuder\u00eda de Enstone.<\/p>\n","protected":false},"excerpt":{"rendered":"A partir de este fin de semana, la F\u00f3rmula 1 pondr\u00e1 en marcha el Gran Premio de Estados&hellip;\n","protected":false},"author":2,"featured_media":182961,"comment_status":"","ping_status":"","sticky":false,"template":"","format":"standard","meta":{"footnotes":""},"categories":[270],"tags":[168,25,24,4636,306,271,272,23,167],"class_list":{"0":"post-182960","1":"post","2":"type-post","3":"status-publish","4":"format-standard","5":"has-post-thumbnail","7":"category-formula-1","8":"tag-deportes","9":"tag-es","10":"tag-espana","11":"tag-frmula-1","12":"tag-f1","13":"tag-formula-1","14":"tag-formula1","15":"tag-spain","16":"tag-sports"},"share_on_mastodon":{"url":"","error":""},"_links":{"self":[{"href":"https:\/\/www.europesays.com\/es\/wp-json\/wp\/v2\/posts\/182960","targetHints":{"allow":["GET"]}}],"collection":[{"href":"https:\/\/www.europesays.com\/es\/wp-json\/wp\/v2\/posts"}],"about":[{"href":"https:\/\/www.europesays.com\/es\/wp-json\/wp\/v2\/types\/post"}],"author":[{"embeddable":true,"href":"https:\/\/www.europesays.com\/es\/wp-json\/wp\/v2\/users\/2"}],"replies":[{"embeddable":true,"href":"https:\/\/www.europesays.com\/es\/wp-json\/wp\/v2\/comments?post=182960"}],"version-history":[{"count":0,"href":"https:\/\/www.europesays.com\/es\/wp-json\/wp\/v2\/posts\/182960\/revisions"}],"wp:featuredmedia":[{"embeddable":true,"href":"https:\/\/www.europesays.com\/es\/wp-json\/wp\/v2\/media\/182961"}],"wp:attachment":[{"href":"https:\/\/www.europesays.com\/es\/wp-json\/wp\/v2\/media?parent=182960"}],"wp:term":[{"taxonomy":"category","embeddable":true,"href":"https:\/\/www.europesays.com\/es\/wp-json\/wp\/v2\/categories?post=182960"},{"taxonomy":"post_tag","embeddable":true,"href":"https:\/\/www.europesays.com\/es\/wp-json\/wp\/v2\/tags?post=182960"}],"curies":[{"name":"wp","href":"https:\/\/api.w.org\/{rel}","templated":true}]}}