{"id":182962,"date":"2025-10-17T13:28:09","date_gmt":"2025-10-17T13:28:09","guid":{"rendered":"https:\/\/www.europesays.com\/es\/182962\/"},"modified":"2025-10-17T13:28:09","modified_gmt":"2025-10-17T13:28:09","slug":"luke-fischer-tambien-es-duda-en-el-san-pablo-para-visitar-al-real-madrid-este-domingo","status":"publish","type":"post","link":"https:\/\/www.europesays.com\/es\/182962\/","title":{"rendered":"Luke Fischer tambi\u00e9n es duda en el San Pablo para visitar al Real Madrid este domingo"},"content":{"rendered":"<p>El Recoletas Salud San Pablo Burgos visita este domingo a las 12:30 horas el Movistar Arena para medirse al vigente campe\u00f3n de la ACB, el Real Madrid, aunque cuenta con dos dudas: Jon Axel Gudmundsson y Luke Fischer. El primero de ellos ya se perdi\u00f3 el anterior encuentro, en Bilbao, mientras el segundo arrastra unos problemas en una de sus rodillas desde la pretemporada y \u00abno ha entrenado con cierta regularidad desde la semana pasada\u00bb.<\/p>\n<blockquote>\n<p>Jon (Gudmundsson) sigue evolucionando. Todav\u00eda con cierta limitaci\u00f3n y dolencia\u00bb<\/p>\n<\/blockquote>\n<p>\u00abJon (Gudmundsson) sigue evolucionando. Todav\u00eda con cierta limitaci\u00f3n y dolencia, as\u00ed que tenemos dos d\u00edas m\u00e1s para evaluar si podr\u00e1 estar y participar. Luke (Fischer) no ha podido entrenar con ciarta regularidad desde la semana pasada, sigue trabajando y veremos c\u00f3mo llega y si lo hace al 100%. Los dem\u00e1s est\u00e1n bien, estamos entrenando bien, intentando coger el ritmo que creo que es necesario para ser m\u00e1s competitivos cada fin de semana\u00bb, ha adelantado el t\u00e9cnico del club burgal\u00e9s, Bruno Savignani, en la rueda de prensa previa a la tercera jornada de la ACB.<\/p>\n<blockquote>\n<p>No me gusta forzar a los jugadores, creo que el jugador tiene que sentirse c\u00f3modo para aportar\u00bb<\/p>\n<\/blockquote>\n<p>\u00abNo me gusta forzar a los jugadores, creo que el jugador tiene que sentirse c\u00f3modo para aportar. Prefiero tener un jugador que est\u00e9 al 100% y aportando el m\u00e1ximo que pueda, que a otro m\u00e1s determinante al que le falten determinadas cosas, porque al final no tenemos una cosa ni otra\u00bb, ha a\u00f1adido Savignani sobre la situaci\u00f3n de sus pupilos, aunque ha confesado que concede la misma importancia a todos los encuentros y que no les &#8216;borrar\u00e1&#8217; porque se trate de una de las salidas m\u00e1s complicadas de la temporada. \u00abMiro todos los partidos con la misma importancia. El partido de la primera jornada o el \u00faltimo valen lo mismo que el partido del domingo. Soy una persona, un entrenador exigente y ambicioso, hay que tener esta mentalidad. Tengo que poner esa ambici\u00f3n en la mesa todos los d\u00edas por muy dif\u00edcil que sea\u00bb.<\/p>\n<blockquote>\n<p>Los equipos de Euroliga tienen 15 o 16 jugadores. \u00bfRotar\u00e1n?\u00a0Ciertas cosas no podemos predecir ni controlar\u00bb<\/p>\n<\/blockquote>\n<p>Savignani es consciente de que, en una semana en la que el rival va a haber jugado tres partidos, podr\u00eda rotar, pero \u00e9l se limita \u00aba controlar lo que podemos controlar\u00bb: \u00abEs mucho m\u00e1s complejo hacer scouting porque tienen muchos jugadores con mucha calidad y pueden mover un jugador sin cambiar mucho la identidad del equipo. Eso, sin duda, dificulta. Los equipos de Euroliga tienen 15 o 16 jugadores. \u00bfRotar\u00e1n o no? \u00bfQui\u00e9n estar\u00e1 dentro, qui\u00e9n estar\u00e1 afuera? Ciertas cosas no podemos predecir ni controlar, tenemos que hacer nuestra preparaci\u00f3n de la manera que creemos\u00bb, ha remarcado el preparador brasile\u00f1o.<\/p>\n<blockquote>\n<p>Tenemos el gen ganador de la temporada pasada, pero con total conciencia que ahora estamos en otra liga y tenemos otra condici\u00f3n\u00bb<\/p>\n<\/blockquote>\n<p>Respecto a la primera derrota, ha salido en defensa de sus jugadores, se\u00f1alando que les vio \u00abbastante molestos\u00bb y que tienen ganas de corregir aspectos que provocaron esa decepci\u00f3n en Miribilla: \u00abNosotros el a\u00f1o pasado tuvimos una temporada muy lineal, de perder poco y acostumbrarnos a ganar. Creo que ese gen lo tenemos, pero con total conciencia que ahora estamos en otra liga, tenemos otra condici\u00f3n y dentro de nuestras posibilidades tenemos que seguir teniendo ganas de competir, de ganar, de estar ah\u00ed, de ser un equipo que juega duro y juega junto\u00bb, ha cerrado.<\/p>\n","protected":false},"excerpt":{"rendered":"El Recoletas Salud San Pablo Burgos visita este domingo a las 12:30 horas el Movistar Arena para medirse&hellip;\n","protected":false},"author":2,"featured_media":182963,"comment_status":"","ping_status":"","sticky":false,"template":"","format":"standard","meta":{"footnotes":""},"categories":[269],"tags":[299,298,14681,168,25,24,3048,3919,23,167],"class_list":{"0":"post-182962","1":"post","2":"type-post","3":"status-publish","4":"format-standard","5":"has-post-thumbnail","7":"category-baloncesto","8":"tag-baloncesto","9":"tag-basketball","10":"tag-bruno-savignani","11":"tag-deportes","12":"tag-es","13":"tag-espana","14":"tag-real-madrid","15":"tag-san-pablo-burgos","16":"tag-spain","17":"tag-sports"},"share_on_mastodon":{"url":"","error":""},"_links":{"self":[{"href":"https:\/\/www.europesays.com\/es\/wp-json\/wp\/v2\/posts\/182962","targetHints":{"allow":["GET"]}}],"collection":[{"href":"https:\/\/www.europesays.com\/es\/wp-json\/wp\/v2\/posts"}],"about":[{"href":"https:\/\/www.europesays.com\/es\/wp-json\/wp\/v2\/types\/post"}],"author":[{"embeddable":true,"href":"https:\/\/www.europesays.com\/es\/wp-json\/wp\/v2\/users\/2"}],"replies":[{"embeddable":true,"href":"https:\/\/www.europesays.com\/es\/wp-json\/wp\/v2\/comments?post=182962"}],"version-history":[{"count":0,"href":"https:\/\/www.europesays.com\/es\/wp-json\/wp\/v2\/posts\/182962\/revisions"}],"wp:featuredmedia":[{"embeddable":true,"href":"https:\/\/www.europesays.com\/es\/wp-json\/wp\/v2\/media\/182963"}],"wp:attachment":[{"href":"https:\/\/www.europesays.com\/es\/wp-json\/wp\/v2\/media?parent=182962"}],"wp:term":[{"taxonomy":"category","embeddable":true,"href":"https:\/\/www.europesays.com\/es\/wp-json\/wp\/v2\/categories?post=182962"},{"taxonomy":"post_tag","embeddable":true,"href":"https:\/\/www.europesays.com\/es\/wp-json\/wp\/v2\/tags?post=182962"}],"curies":[{"name":"wp","href":"https:\/\/api.w.org\/{rel}","templated":true}]}}