{"id":183004,"date":"2025-10-17T13:55:08","date_gmt":"2025-10-17T13:55:08","guid":{"rendered":"https:\/\/www.europesays.com\/es\/183004\/"},"modified":"2025-10-17T13:55:08","modified_gmt":"2025-10-17T13:55:08","slug":"prohibieron-cien-anos-de-soledad-junto-a-otros-4-000-libros-en-eeuu","status":"publish","type":"post","link":"https:\/\/www.europesays.com\/es\/183004\/","title":{"rendered":"Prohibieron Cien a\u00f1os de soledad junto a otros 4.000 libros en EEUU"},"content":{"rendered":"\n<p data-start=\"133\" data-end=\"588\">Un <strong>informe reciente <\/strong>de una organizaci\u00f3n dedicada a la defensa de la <strong data-start=\"214\" data-end=\"239\">libertad de expresi\u00f3n<\/strong>, revel\u00f3 que <strong data-start=\"406\" data-end=\"441\">4.000 libros fueron prohibidos<\/strong> en <strong data-start=\"445\" data-end=\"471\">87 distritos escolares <\/strong>de<strong data-start=\"445\" data-end=\"471\"> Estados Unidos<\/strong>, entre ellos<a href=\"https:\/\/www.ambito.com\/espectaculos\/netflix-confirmo-que-la-segunda-parte-cien-anos-soledad-ya-esta-produccion-n6112325\" target=\"_blank\" rel=\"follow nofollow noopener\"><strong> \u00abCien a\u00f1os de soledad\u00bb<\/strong> de<strong> Gabriel Garc\u00eda M\u00e1rquez<\/strong><\/a><strong data-start=\"445\" data-end=\"471\">. <\/strong> En el escrito, tambi\u00e9n denunci\u00f3 una \u00abexpansi\u00f3n sin precedentes de la <strong><a href=\"https:\/\/www.ambito.com\/mundo\/eeuu-vetara-funcionarios-extranjeros-censura-flagrante-redes-sociales-n6150380\" target=\"_blank\" rel=\"follow nofollow noopener\">censura literaria<\/a><\/strong>\u00bb en el sistema educativo p\u00fablico.<\/p>\n<p data-start=\"133\" data-end=\"588\">La prohibici\u00f3n tuvo lugar durante el ciclo escolar <strong data-start=\"382\" data-end=\"395\">2024-2025<\/strong>, consolidando una <strong>tendencia que crece<\/strong> desde hace tres a\u00f1os y que pone en riesgo el acceso a la lectura en las aulas.<\/p>\n<p data-start=\"590\" data-end=\"1016\">El estudio de PEN America, titulado <strong data-start=\"611\" data-end=\"661\">\u201cLa normalizaci\u00f3n de la prohibici\u00f3n de libros\u201d<\/strong>, registr\u00f3 <strong data-start=\"672\" data-end=\"698\">6.870 casos de censura<\/strong> en todo el pa\u00eds, un n\u00famero que, seg\u00fan sus autores, \u201c<strong data-start=\"751\" data-end=\"831\">nunca antes han visto los estadounidenses una cifra semejante en su historia<\/strong>\u201d.<\/p>\n<p data-start=\"590\" data-end=\"1016\">La entidad advirti\u00f3 que se implement\u00f3 un <strong data-start=\"875\" data-end=\"908\">modelo de control sistem\u00e1tico<\/strong> que afecta tanto a los <strong data-start=\"932\" data-end=\"957\">materiales literarios<\/strong> como a la <strong data-start=\"968\" data-end=\"1000\">estructura educativa p\u00fablica<\/strong> en su conjunto.<\/p>\n<p>  Una pol\u00edtica de Estados Unidos <\/p>\n<p data-start=\"1085\" data-end=\"1289\">Desde <strong data-start=\"1091\" data-end=\"1099\">2021<\/strong>, PEN America contabiliz\u00f3 <strong data-start=\"1125\" data-end=\"1159\">22.810 acciones de prohibici\u00f3n<\/strong> en <strong data-start=\"1163\" data-end=\"1177\">45 estados<\/strong>, que abarcan desde restricciones totales hasta limitaciones por edad o requerimientos de permisos especiales.<\/p>\n<p data-start=\"1291\" data-end=\"1665\">Entre los libros afectados se encuentran cl\u00e1sicos de la literatura mundial como \u201cCien a\u00f1os de soledad\u201d y <strong data-start=\"1400\" data-end=\"1439\">\u201cEl amor en los tiempos del c\u00f3lera\u201d<\/strong>, de Gabriel Garc\u00eda M\u00e1rquez, retirados de circulaci\u00f3n en distintos condados. Estas obras del Nobel colombiano se suman a una larga lista de t\u00edtulos se\u00f1alados por su contenido sobre identidad, diversidad o cr\u00edtica social.<\/p>\n<p>Gabriel Garcia Marquez.jpg   <\/p>\n<p>  <img loading=\"lazy\" decoding=\"async\" src=\"https:\/\/www.ambito.com\/css-custom\/239\/lazy.svg\" data-td-src-property=\"https:\/\/media.ambito.com\/p\/1e4086bb914111e1a4fcebe561f1fc4f\/adjuntos\/239\/imagenes\/040\/670\/0040670669\/gabriel-garcia-marquezjpg.jpg\" alt=\"Dos obras caracter\u00edsticas de Gabriel Garc\u00eda M\u00e1rquez entran en la prohibici\u00f3n. \" title=\"Dos obras caracter\u00edsticas de Gabriel Garc\u00eda M\u00e1rquez entran en la prohibici\u00f3n. \" width=\"689\" height=\"460\" id=\"7786857-Libre-2021541937_embed\"\/>  <\/p>\n<p> Dos obras caracter\u00edsticas de Gabriel Garc\u00eda M\u00e1rquez entran en la prohibici\u00f3n.<\/p>\n<p>Archivo<\/p>\n<p data-start=\"1667\" data-end=\"1930\"> Los estados con mayor cantidad de prohibiciones son <strong data-start=\"1719\" data-end=\"1730\">Florida<\/strong>, con <strong data-start=\"1736\" data-end=\"1751\">2.304 casos<\/strong>, seguida por <strong data-start=\"1765\" data-end=\"1774\">Texas<\/strong>, <strong data-start=\"1776\" data-end=\"1789\">Tennessee<\/strong> y <strong data-start=\"1792\" data-end=\"1807\">Pensilvania<\/strong>. El informe tambi\u00e9n alerta que otros como <strong data-start=\"1850\" data-end=\"1862\">Michigan<\/strong> y <strong data-start=\"1865\" data-end=\"1878\">Minnesota<\/strong> podr\u00edan replicar estas medidas en el corto plazo.<\/p>\n<p data-start=\"1932\" data-end=\"2370\">PEN America atribuye esta oleada a la <strong data-start=\"1970\" data-end=\"2005\">presi\u00f3n de grupos conservadores<\/strong> que promovieron una <strong data-start=\"2026\" data-end=\"2051\">estrategia coordinada<\/strong> para restringir el acceso a materiales relacionados con <strong data-start=\"2108\" data-end=\"2156\">raza, g\u00e9nero, diversidad e historia reciente<\/strong>. \u201cHan explotado los miedos y las ansiedades de los padres para ejercer control ideol\u00f3gico sobre la educaci\u00f3n p\u00fablica en todo Estados Unidos<strong> mediante t\u00e1cticas consistentes y coordinadas<\/strong>\u201d, denuncia el documento.<\/p>\n<p>Ejemplos de censura y m\u00e9todos aplicados <\/p>\n<p data-start=\"2425\" data-end=\"2829\">El informe destaca como caso emblem\u00e1tico el del estado de <strong data-start=\"2483\" data-end=\"2496\">Tennessee<\/strong>, donde fueron retiradas de los programas escolares obras como <strong data-start=\"2559\" data-end=\"2579\">\u201cFahrenheit 451\u201d<\/strong>, de <strong data-start=\"2584\" data-end=\"2600\">Ray Bradbury<\/strong>, y una <strong data-start=\"2608\" data-end=\"2654\">adaptaci\u00f3n gr\u00e1fica del Diario de Ana Frank<\/strong>. Seg\u00fan los investigadores, estas decisiones \u201cno respondieron a criterios pedag\u00f3gicos\u201d, sino a <strong data-start=\"2749\" data-end=\"2794\">intentos de imponer una visi\u00f3n ideol\u00f3gica<\/strong> sobre los contenidos educativos.<\/p>\n<p data-start=\"2831\" data-end=\"2919\">En este marco, durante el \u00faltimo a\u00f1o, PEN America identific\u00f3 tres tipos principales de restricciones, desde<strong> prohibiciones totales<\/strong>, que eliminan los libros de bibliotecas y aulas, a <strong>limitaciones por edad o grado escolar. <\/strong>Tambi\u00e9n detectaron libros<strong data-start=\"3051\" data-end=\"3118\"> sujetos a revisi\u00f3n o con requisitos de acceso especial.<\/strong><\/p>\n<p data-start=\"3122\" data-end=\"3382\"> Incluso el <strong data-start=\"3133\" data-end=\"3153\">gobierno federal<\/strong> intervino en algunos casos: casi <strong data-start=\"3187\" data-end=\"3218\">600 libros fueron retirados<\/strong> de escuelas bajo administraci\u00f3n del <strong data-start=\"3255\" data-end=\"3282\">Departamento de Defensa<\/strong>, en cumplimiento de directrices internas vinculadas a temas de <strong data-start=\"3346\" data-end=\"3381\">diversidad, inclusi\u00f3n y equidad<\/strong>.<\/p>\n<p>Autores y obras bajo la mira <\/p>\n<p data-start=\"3426\" data-end=\"3708\">La ofensiva abarca a escritores de renombre internacional como <strong data-start=\"3489\" data-end=\"3507\">Isabel Allende<\/strong>, <strong data-start=\"3509\" data-end=\"3525\">Stephen King<\/strong>, <strong data-start=\"3527\" data-end=\"3543\">Sara J. Maas<\/strong>, <strong data-start=\"3545\" data-end=\"3562\">Ellen Hopkins<\/strong>, <strong data-start=\"3564\" data-end=\"3582\">Atsushi Ohkubo<\/strong> y <strong data-start=\"3585\" data-end=\"3604\">Elena K. Arnold<\/strong>. En el caso de Allende, su novela <strong data-start=\"3639\" data-end=\"3669\">\u201cLa casa de los esp\u00edritus\u201d<\/strong> figura entre los t\u00edtulos eliminados.<\/p>\n<p data-start=\"3710\" data-end=\"4023\">El informe advierte que esta pr\u00e1ctica genera <strong data-start=\"3755\" data-end=\"3789\">da\u00f1os econ\u00f3micos y emocionales<\/strong> tanto para los autores como para las editoriales, y en algunos casos <strong data-start=\"3859\" data-end=\"3957\">la censura de una sola obra deriv\u00f3 en la exclusi\u00f3n completa de toda la producci\u00f3n del escritor<\/strong>, fen\u00f3meno que el estudio define como una \u201c<strong data-start=\"4000\" data-end=\"4019\">Letra Escarlata<\/strong>\u201d.<\/p>\n<p data-start=\"4025\" data-end=\"4398\">Una proporci\u00f3n significativa de las prohibiciones se concentr\u00f3 en textos que abordan <strong data-start=\"4110\" data-end=\"4126\">temas LGBTI+<\/strong>, se\u00f1alados como \u201csexualmente expl\u00edcitos\u201d por las autoridades o los grupos que impulsaron las denuncias. Tambi\u00e9n fueron retiradas obras que tratan sobre <strong data-start=\"4279\" data-end=\"4347\">justicia racial, migraci\u00f3n, violencia sexual y memoria hist\u00f3rica<\/strong>, calificadas como \u201cinapropiadas\u201d para estudiantes.<\/p>\n<p>El impacto en la educaci\u00f3n <\/p>\n<p data-start=\"4442\" data-end=\"4770\">La definici\u00f3n de <strong data-start=\"4459\" data-end=\"4470\">censura<\/strong> adoptada por PEN America abarca cualquier medida que <strong data-start=\"4524\" data-end=\"4584\">limite el acceso estudiantil a un libro por su contenido<\/strong>. Seg\u00fan el informe, la pr\u00e1ctica afecta no solo al \u00e1mbito literario, sino tambi\u00e9n a otros <strong data-start=\"4673\" data-end=\"4697\">recursos pedag\u00f3gicos<\/strong>, como <strong data-start=\"4704\" data-end=\"4767\">manuales escolares, ferias del libro y programas educativos<\/strong>.<\/p>\n<p data-start=\"4772\" data-end=\"5038\">En varios distritos, la censura deriv\u00f3 en <strong data-start=\"4814\" data-end=\"4840\">cancelaci\u00f3n de eventos<\/strong>, <strong data-start=\"4842\" data-end=\"4883\">restricciones a donaciones literarias<\/strong> y <strong data-start=\"4886\" data-end=\"4925\">revisi\u00f3n de contenidos curriculares<\/strong>. De esta manera, el fen\u00f3meno comenz\u00f3 a alterar la <strong data-start=\"4976\" data-end=\"5005\">vida acad\u00e9mica y cultural<\/strong> de miles de escuelas p\u00fablicas.<\/p>\n<p data-start=\"5040\" data-end=\"5400\" data-is-last-node=\"\" data-is-only-node=\"\">La organizaci\u00f3n concluye que esta tendencia amenaza uno de los pilares de la educaci\u00f3n estadounidense: el <strong data-start=\"5146\" data-end=\"5178\">libre acceso al conocimiento<\/strong>. En palabras del informe, \u201c<strong data-start=\"5206\" data-end=\"5324\">la censura dej\u00f3 de ser una reacci\u00f3n aislada para convertirse en una pol\u00edtica estructural, organizada y persistente<\/strong>\u201d, una advertencia que encendi\u00f3 la alarma en el mundo literario y acad\u00e9mico.<\/p>\n","protected":false},"excerpt":{"rendered":"Un informe reciente de una organizaci\u00f3n dedicada a la defensa de la libertad de expresi\u00f3n, revel\u00f3 que 4.000&hellip;\n","protected":false},"author":2,"featured_media":183005,"comment_status":"","ping_status":"","sticky":false,"template":"","format":"standard","meta":{"footnotes":""},"categories":[172],"tags":[224,146,147,25,24,225,23],"class_list":{"0":"post-183004","1":"post","2":"type-post","3":"status-publish","4":"format-standard","5":"has-post-thumbnail","7":"category-libros","8":"tag-books","9":"tag-entertainment","10":"tag-entretenimiento","11":"tag-es","12":"tag-espana","13":"tag-libros","14":"tag-spain"},"share_on_mastodon":{"url":"","error":""},"_links":{"self":[{"href":"https:\/\/www.europesays.com\/es\/wp-json\/wp\/v2\/posts\/183004","targetHints":{"allow":["GET"]}}],"collection":[{"href":"https:\/\/www.europesays.com\/es\/wp-json\/wp\/v2\/posts"}],"about":[{"href":"https:\/\/www.europesays.com\/es\/wp-json\/wp\/v2\/types\/post"}],"author":[{"embeddable":true,"href":"https:\/\/www.europesays.com\/es\/wp-json\/wp\/v2\/users\/2"}],"replies":[{"embeddable":true,"href":"https:\/\/www.europesays.com\/es\/wp-json\/wp\/v2\/comments?post=183004"}],"version-history":[{"count":0,"href":"https:\/\/www.europesays.com\/es\/wp-json\/wp\/v2\/posts\/183004\/revisions"}],"wp:featuredmedia":[{"embeddable":true,"href":"https:\/\/www.europesays.com\/es\/wp-json\/wp\/v2\/media\/183005"}],"wp:attachment":[{"href":"https:\/\/www.europesays.com\/es\/wp-json\/wp\/v2\/media?parent=183004"}],"wp:term":[{"taxonomy":"category","embeddable":true,"href":"https:\/\/www.europesays.com\/es\/wp-json\/wp\/v2\/categories?post=183004"},{"taxonomy":"post_tag","embeddable":true,"href":"https:\/\/www.europesays.com\/es\/wp-json\/wp\/v2\/tags?post=183004"}],"curies":[{"name":"wp","href":"https:\/\/api.w.org\/{rel}","templated":true}]}}