{"id":183020,"date":"2025-10-17T14:04:09","date_gmt":"2025-10-17T14:04:09","guid":{"rendered":"https:\/\/www.europesays.com\/es\/183020\/"},"modified":"2025-10-17T14:04:09","modified_gmt":"2025-10-17T14:04:09","slug":"zelenski-busca-consolidar-su-buena-sintonia-con-trump-para-conseguir-los-misiles-tomahawk","status":"publish","type":"post","link":"https:\/\/www.europesays.com\/es\/183020\/","title":{"rendered":"Zelenski busca consolidar su buena sinton\u00eda con Trump para conseguir los misiles Tomahawk"},"content":{"rendered":"<p style=\"\">Sobre la mesa est\u00e1 la cuesti\u00f3n clave de los Tomahawk. Una petici\u00f3n ucraniana de los tiempos de la Administraci\u00f3n Biden que, esta vez, s\u00ed podr\u00eda llegar a concretarse. El presidente de Estados Unidos, <strong>Donald Trump<\/strong>, aument\u00f3 las expectativas sobre su posible suministro a Ucrania  &#8230; durante varias semanas. Los Tomahawk son misiles subs\u00f3nicos de largo alcance capaces de alcanzar un objetivo a m\u00e1s de 1.500 kil\u00f3metros de distancia. Lo que significar\u00eda que una gran parte de la Rusia europea ser\u00eda vulnerable a ellos. <\/p>\n<p class=\"voc-p\" style=\"\">El Kremlin lanz\u00f3 todo tipo de advertencias tras las declaraciones del republicano. Pero este amago de presionar a Mosc\u00fa parece entrar en otra nueva pausa t\u00e9cnica. Un d\u00eda antes del esperado di\u00e1logo entre Trump y Zelenski, Putin consigui\u00f3 ganar al menos otras dos semanas. El tiempo previsto por el l\u00edder norteamericano para la pr\u00f3xima cumbre con el mandatario ruso en Hungr\u00eda.<\/p>\n<p class=\"voc-p\" style=\"\">El ministro de Exteriores de Ucrania,<strong> Andrii Sybiha <\/strong>afirm\u00f3 que \u00ab<a href=\"https:\/\/www.abc.es\/internacional\/drones-ucranianos-adentran-vez-rusia-espera-incierta-20251009162615-nt.html\" data-voc-vtm-id=\"in-text-traffic\" title=\"la discursi\u00f3n sobre los misiles Tomahawk\" data-mrf-link=\"www.abc.es\" rel=\"nofollow noopener\" target=\"_blank\">la discursi\u00f3n sobre los misiles Tomahawk<\/a> ya hab\u00eda obligado a Putin a volver al di\u00e1logo con Estados Unidos\u00bb. Sin embargo, los temores ante un nuevo cambio del vol\u00e1til Trump tras sus conversaciones directas con el jefe del Kremlin es latente en Kiev. Sybiha no olvid\u00f3 mencionar la resoluci\u00f3n del conflicto en Israel como ejemplo de que Trump puede ser calve para lograr la paz en Europa. <\/p>\n<p class=\"voc-p\" style=\"\">Los m\u00ednimos resultados de <a href=\"https:\/\/www.abc.es\/internacional\/trump-putin-salen-alaska-acuerdo-20250816014853-nt.html\" data-voc-vtm-id=\"in-text-traffic\" title=\"la cumbre de Alaska en agosto entre Trump y Putin\" data-mrf-link=\"www.abc.es\" rel=\"nofollow noopener\" target=\"_blank\">la cumbre de Alaska en agosto entre Trump y Putin<\/a> abrieron una nueva din\u00e1mica en la Casa Blanca. Trump parec\u00eda hastiado de la inmovilidad del l\u00edder ruso y la falta de acuerdos importantes para poner fin a la guerra. El alto el fuego temporal buscado durante meses no lleg\u00f3 a concretarse nunca. Las reuniones en Arabia Saud\u00ed y nuevas rondas de <a href=\"https:\/\/www.abc.es\/internacional\/delegaciones-ucrania-rusia-reunen-tercera-vez-estambul-20250723193724-nt.html\" data-voc-vtm-id=\"in-text-traffic\" title=\"conversaciones bilaterales entre Ucrania y Rusia en Turqu\u00eda\" data-mrf-link=\"www.abc.es\" rel=\"nofollow noopener\" target=\"_blank\">conversaciones bilaterales entre Ucrania y Rusia en Turqu\u00eda<\/a> tampoco arrojaron grandes resultados m\u00e1s all\u00e1 del intercambio de prisioneros por ambos bandos. <\/p>\n<p class=\"voc-p\" style=\"\">El mandatario estadounidense lleg\u00f3 a manifestar que Kiev podr\u00eda llegar a <strong>recuperar todos los territorios ocupados<\/strong> en unas declaraciones que muchos leyeron con un giro en la estrategia de Estados Unidos.<\/p>\n<p>\nAgenda apretada\n<\/p>\n<p class=\"voc-p\" style=\"\">El camino de Zelenski parec\u00eda mas o menos allanado para esta nueva reuni\u00f3n con la previa de dos llamadas consecutivas el 11 y 12 de octubre. Conversaciones calificadas de \u00abmuy productivas\u00bb por el mandatario ucraniano. Los temas centrales abordados fueron, precisamente, las capacidades de largo alcance de Ucrania. <\/p>\n<p class=\"voc-p\" style=\"\">La visita del jefe de Estado de Ucrania comenz\u00f3 a prepararse con el viaje de una delegaci\u00f3n ucraniana de alto nivel a Estados Unidos encabezada por la primera ministra, <strong>Yulia Sviridenko<\/strong>, y el jefe de la Oficina presidencial <strong>Andrii Yermak<\/strong>. Las perspectivas eran positivas. Sin embargo, el jueves despu\u00e9s de hablar con Putin, Trump desliz\u00f3 que tienen muchos Tomahawk, \u00abpero los necesitamos. No podemos agotar a nuestro pa\u00eds. Son muy importantes\u00bb.<\/p>\n<p class=\"voc-p\" style=\"\">La agenda del presidente Trump para este viernes deja poco espacio para el almuerzo bilateral con Zelenski. La idea del encuentro es concretar varios puntos ya abordados en las llamadas telef\u00f3nicas del pasado fin de semana. Est\u00e1 previsto que la reuni\u00f3n dure <strong>poco m\u00e1s de 45 minutos<\/strong>. Sin duda es poco tiempo. El presidente estadounidense partir\u00e1 despu\u00e9s a su residencia de Palm Beach.<\/p>\n<p class=\"voc-p\" style=\"\">El mandatario ucraniano inaugur\u00f3 su visita en Estados Unidos cit\u00e1ndose con directivos de empresas energ\u00e9ticas estadounidenses. \u00abHablamos de las necesidades urgentes del momento: medidas muy concretas para apoyar nuestro sistema energ\u00e9tico, as\u00ed como la cooperaci\u00f3n a largo plazo\u00bb, manifest\u00f3 Zelenski. Se esperan tambi\u00e9n reuniones con funcionarios y empresas de la industria de defensa.<\/p>\n<p>\nUna relaci\u00f3n de altibajos\n<\/p>\n<p class=\"voc-p\" style=\"\">Los contactos entre Trump y Zelenski estuvieron dominados por las idas y venidas. Los primeros meses de la Administraci\u00f3n republicana quedar\u00e1n grabados en la historia por <a href=\"https:\/\/www.abc.es\/internacional\/visita-zelenski-trump-acaba-bronca-gritos-despacho-20250228192931-nt.html\" data-voc-vtm-id=\"in-text-traffic\" title=\"la medi\u00e1tica bronca en la Casa Blanca\" data-mrf-link=\"www.abc.es\" rel=\"nofollow noopener\" target=\"_blank\">la medi\u00e1tica bronca en la Casa Blanca<\/a> a finales de febrero. La estrategia de Trump de ejercer presi\u00f3n sobre Ucrania se materializ\u00f3 en la suspensi\u00f3n de suministros prometidos durante la era Biden y tambi\u00e9n un par\u00f3n en el intercambio de Inteligencia.<\/p>\n<p class=\"voc-p\" style=\"\">El inquilino de la Casa Blanca lleg\u00f3 a calificar a su hom\u00f3logo ucraniano de \u00abdictador\u00bb levantando una oleada de apoyo internacional e interno al l\u00edder del pa\u00eds invadido. Mientras <strong>el Kremlin<\/strong> se felicitaba por la nueva din\u00e1mica en sus relaciones con Washington. <\/p>\n<p class=\"voc-p\" style=\"\">La mediaci\u00f3n de los l\u00edderes europeos y el trabajo de la diplomacia logr\u00f3 reconducir la situaci\u00f3n a finales de abril. Dos sillas, dos l\u00edderes y de fondo la bas\u00edlica de Santa Mar\u00eda la Mayor en Roma. <a href=\"https:\/\/www.abc.es\/sociedad\/zelenski-recibido-aplausos-san-pedro-trump-funeral-20250426102816-nt.html\" data-voc-vtm-id=\"in-text-traffic\" title=\"Trump y Zelenski coincidieron en el entierro del Papa Francisco\" data-mrf-link=\"www.abc.es\" rel=\"nofollow noopener\" target=\"_blank\">Trump y Zelenski coincidieron en el entierro del Papa Francisco<\/a> en el Vaticano y consiguieron acercar posturas. <\/p>\n<p class=\"voc-p\" style=\"\">Desde entonces, el Gobierno ucraniano se ha plegado a casi todas las demandas de la <strong>Administraci\u00f3n Trump<\/strong> mostrando, en varias ocasiones, su malestar por la falta de presi\u00f3n de Washington a Mosc\u00fa. <\/p>\n","protected":false},"excerpt":{"rendered":"Sobre la mesa est\u00e1 la cuesti\u00f3n clave de los Tomahawk. Una petici\u00f3n ucraniana de los tiempos de la&hellip;\n","protected":false},"author":2,"featured_media":183021,"comment_status":"","ping_status":"","sticky":false,"template":"","format":"standard","meta":{"footnotes":""},"categories":[42],"tags":[17,18,2136,331,11687,50528,13,14,11,61,62,63,64,19,20,29944,9,10,15,16,2137,12,49994,936,21,22,65,66,67,2318],"class_list":{"0":"post-183020","1":"post","2":"type-post","3":"status-publish","4":"format-standard","5":"has-post-thumbnail","7":"category-internacional","8":"tag-breaking-news","9":"tag-breakingnews","10":"tag-buena","11":"tag-busca","12":"tag-conseguir","13":"tag-consolidar","14":"tag-featured-news","15":"tag-featurednews","16":"tag-headlines","17":"tag-internacional","18":"tag-international","19":"tag-international-news","20":"tag-internationalnews","21":"tag-latest-news","22":"tag-latestnews","23":"tag-misiles","24":"tag-news","25":"tag-noticias","26":"tag-noticias-destacadas","27":"tag-noticiasdestacadas","28":"tag-sintonia","29":"tag-titulares","30":"tag-tomahawk","31":"tag-trump","32":"tag-ultimas-noticias","33":"tag-ultimasnoticias","34":"tag-world","35":"tag-world-news","36":"tag-worldnews","37":"tag-zelenski"},"share_on_mastodon":{"url":"","error":""},"_links":{"self":[{"href":"https:\/\/www.europesays.com\/es\/wp-json\/wp\/v2\/posts\/183020","targetHints":{"allow":["GET"]}}],"collection":[{"href":"https:\/\/www.europesays.com\/es\/wp-json\/wp\/v2\/posts"}],"about":[{"href":"https:\/\/www.europesays.com\/es\/wp-json\/wp\/v2\/types\/post"}],"author":[{"embeddable":true,"href":"https:\/\/www.europesays.com\/es\/wp-json\/wp\/v2\/users\/2"}],"replies":[{"embeddable":true,"href":"https:\/\/www.europesays.com\/es\/wp-json\/wp\/v2\/comments?post=183020"}],"version-history":[{"count":0,"href":"https:\/\/www.europesays.com\/es\/wp-json\/wp\/v2\/posts\/183020\/revisions"}],"wp:featuredmedia":[{"embeddable":true,"href":"https:\/\/www.europesays.com\/es\/wp-json\/wp\/v2\/media\/183021"}],"wp:attachment":[{"href":"https:\/\/www.europesays.com\/es\/wp-json\/wp\/v2\/media?parent=183020"}],"wp:term":[{"taxonomy":"category","embeddable":true,"href":"https:\/\/www.europesays.com\/es\/wp-json\/wp\/v2\/categories?post=183020"},{"taxonomy":"post_tag","embeddable":true,"href":"https:\/\/www.europesays.com\/es\/wp-json\/wp\/v2\/tags?post=183020"}],"curies":[{"name":"wp","href":"https:\/\/api.w.org\/{rel}","templated":true}]}}