{"id":183027,"date":"2025-10-17T14:08:13","date_gmt":"2025-10-17T14:08:13","guid":{"rendered":"https:\/\/www.europesays.com\/es\/183027\/"},"modified":"2025-10-17T14:08:13","modified_gmt":"2025-10-17T14:08:13","slug":"brihuega-se-viste-de-feria-por-san-rafael-para-hacer-un-guino-a-su-historia-nuevaalcarria","status":"publish","type":"post","link":"https:\/\/www.europesays.com\/es\/183027\/","title":{"rendered":"Brihuega se viste de Feria por San Rafael para hacer un gui\u00f1o a su historia | NuevaAlcarria"},"content":{"rendered":"<p>Con el oto\u00f1o llegan las Ferias de <strong>Brihuega<\/strong>, que hunden sus ra\u00edces en el siglo XIII y retomadas en el XX por San Rafael como una feria de ganado, derivando en un festejo popular . Arrancan esta tarde de viernes 17, con un interesante programa dise\u00f1ado por la Comisi\u00f3n de Ferias, busca reflejar la identidad y la uni\u00f3n del pueblo, con actos que combinan el fervor taurino, la m\u00fasica y la devoci\u00f3n.<\/p>\n<p>Las pe\u00f1as El Desfase, Las Fugitivas, La Revuelta, \u00a1Que Talento!, Pe\u00f1a El Gallinero, Al Lio y El Perolo se han afanado por organizar un fin de semana para todos los p\u00fablicos.<\/p>\n<p>Los m\u00e1s peque\u00f1os abrir\u00e1n la actividad con una sesi\u00f3n de cuentos infantiles. Al atardecer, gigantes y cabezudos saldr\u00e1n a la calle para ir alertando a la poblaci\u00f3n de que el preg\u00f3n va a llegar, junto a los acordes de la Banda de M\u00fasica de Brihuega y de la Filarm\u00f3nica Briocense. El preg\u00f3n lo dar\u00e1 el Motoclub Los Fares.\u00a0<\/p>\n<p>La noche se viste de gala con un espect\u00e1culo de fuegos artificiales y baile en la carpa.\u00a0<\/p>\n<p>El aficionado taurino tiene marcado el s\u00e1bado en rojo. Por\u00a0 la ma\u00f1ana se har\u00e1 el desencajonamiento de los toros en la Plaza de Toros La Muralla, un acto seguido por carretones para los m\u00e1s peque\u00f1os. Al mediod\u00eda, un pasacalles precede a la comida popular, que se lleva a cabo entre el mediod\u00eda y la tarde en la carpa. El epicentro festivo se traslada a la tarde con el encierro de vaquillas y, a continuaci\u00f3n, el encierro de toros por las calles, adquiridos a Campo Bravo Alcarre\u00f1o, de los hierros Fuenterroble, Bre\u00f1a del Agua y H\u00e9ctor L\u00f3pez.\u00a0<\/p>\n<p>La noche alcanza su punto \u00e1lgido con la tradicional suelta de toros de fuego en el Coso. La celebraci\u00f3n se extiende hasta la madrugada con un doble baile amenizado por dos orquestas, rematado con una sesi\u00f3n de DJ.<\/p>\n<p>La jornada dominical comienza en la ma\u00f1ana con un desayuno popular y la diana floreada, dando paso a la solemne funci\u00f3n religiosa en honor a la Virgen de la Pe\u00f1a. Al mediod\u00eda, se realiza el tradicional Parapachumba, desde el Coso hasta la Plaza de Toros. A continuaci\u00f3n, se suelta un toro en la plaza para los aficionados, siendo este el \u00fanico acto donde se permite el recorte.\u00a0<\/p>\n<p>Una charanga anima el ambiente por los bares entre el mediod\u00eda y la tarde. La tarde concluye con el encierro de toros y, si el encierro finaliza a tiempo, se sueltan vacas en la Plaza de Toros. Las ferias se despiden en la noche con la traca fin de ferias y una actuaci\u00f3n musical en la carpa.<\/p>\n<p>El \u00faltimo d\u00eda de Feria ser\u00e1 el lunes, con un gran parque infantil, en el Parque de las Eras durante toda la ma\u00f1ana y el mediod\u00eda.\u00a0<\/p>\n<p>\u201cDesde la Comisi\u00f3n de Ferias 2025 queremos desear a todos a pasar un buen fin de semana y disfrutar de Brihuega\u201d. Que as\u00ed sea.<\/p>\n","protected":false},"excerpt":{"rendered":"Con el oto\u00f1o llegan las Ferias de Brihuega, que hunden sus ra\u00edces en el siglo XIII y retomadas&hellip;\n","protected":false},"author":2,"featured_media":183028,"comment_status":"","ping_status":"","sticky":false,"template":"","format":"standard","meta":{"footnotes":""},"categories":[277],"tags":[442,23890,373,168,25,24,439,441,443,440,23,167,374],"class_list":{"0":"post-183027","1":"post","2":"type-post","3":"status-publish","4":"format-standard","5":"has-post-thumbnail","7":"category-toreo","8":"tag-actualidad-guadalajara","9":"tag-brihuega","10":"tag-bullfighting","11":"tag-deportes","12":"tag-es","13":"tag-espana","14":"tag-guadalajara","15":"tag-informacion-guadalajara","16":"tag-noticias-guadalajara","17":"tag-nueva-alcarria","18":"tag-spain","19":"tag-sports","20":"tag-toreo"},"share_on_mastodon":{"url":"","error":""},"_links":{"self":[{"href":"https:\/\/www.europesays.com\/es\/wp-json\/wp\/v2\/posts\/183027","targetHints":{"allow":["GET"]}}],"collection":[{"href":"https:\/\/www.europesays.com\/es\/wp-json\/wp\/v2\/posts"}],"about":[{"href":"https:\/\/www.europesays.com\/es\/wp-json\/wp\/v2\/types\/post"}],"author":[{"embeddable":true,"href":"https:\/\/www.europesays.com\/es\/wp-json\/wp\/v2\/users\/2"}],"replies":[{"embeddable":true,"href":"https:\/\/www.europesays.com\/es\/wp-json\/wp\/v2\/comments?post=183027"}],"version-history":[{"count":0,"href":"https:\/\/www.europesays.com\/es\/wp-json\/wp\/v2\/posts\/183027\/revisions"}],"wp:featuredmedia":[{"embeddable":true,"href":"https:\/\/www.europesays.com\/es\/wp-json\/wp\/v2\/media\/183028"}],"wp:attachment":[{"href":"https:\/\/www.europesays.com\/es\/wp-json\/wp\/v2\/media?parent=183027"}],"wp:term":[{"taxonomy":"category","embeddable":true,"href":"https:\/\/www.europesays.com\/es\/wp-json\/wp\/v2\/categories?post=183027"},{"taxonomy":"post_tag","embeddable":true,"href":"https:\/\/www.europesays.com\/es\/wp-json\/wp\/v2\/tags?post=183027"}],"curies":[{"name":"wp","href":"https:\/\/api.w.org\/{rel}","templated":true}]}}