{"id":183031,"date":"2025-10-17T14:13:10","date_gmt":"2025-10-17T14:13:10","guid":{"rendered":"https:\/\/www.europesays.com\/es\/183031\/"},"modified":"2025-10-17T14:13:10","modified_gmt":"2025-10-17T14:13:10","slug":"apple-tv-transmitira-todas-las-carreras-de-la-formula-1-desde-2026","status":"publish","type":"post","link":"https:\/\/www.europesays.com\/es\/183031\/","title":{"rendered":"Apple TV transmitir\u00e1 todas las carreras de la F\u00f3rmula 1 desde 2026"},"content":{"rendered":"<p>La <strong>F\u00f3rmula 1<\/strong> llega a <strong>Apple TV<\/strong>, y no solo de la mano de <a href=\"https:\/\/hipertextual.com\/cine-television\/f1-la-pelicula-critica\/\" rel=\"nofollow noopener\" target=\"_blank\">la pel\u00edcula<\/a> protagonizada por Brad Pitt y Javier Bardem. A partir de 2026, la plataforma de streaming de Apple se encargar\u00e1 de <strong>transmitir todas las carreras<\/strong> de la m\u00e1xima categor\u00eda del deportivo motor mundial <strong>en Estados Unidos<\/strong>.<\/p>\n<p>Apple y la F\u00f3rmula 1 <a href=\"https:\/\/www.apple.com\/newsroom\/2025\/10\/apple-is-the-exclusive-new-broadcast-partner-for-formula-1-in-the-us\/\" rel=\"nofollow noopener\" target=\"_blank\">han firmado un acuerdo<\/a> <strong>por 5 a\u00f1os<\/strong> que le otorgar\u00e1 a Apple TV la exclusividad para emitir toda la acci\u00f3n de los fines de semana de carrera en el pa\u00eds norteamericano. Vale mencionar que los derechos de televisaci\u00f3n en el resto del mundo no se ver\u00e1n impactados por este arreglo.<\/p>\n<p>De esta manera, los de Cupertino redoblan la apuesta por las transmisiones deportivas. Algo que ya llevan tiempo abordando con <a href=\"https:\/\/hipertextual.com\/2022\/03\/apple-tv-deportes-en-vivo-disney-amazon\" rel=\"nofollow noopener\" target=\"_blank\">el b\u00e9isbol de la MLB<\/a> y, principalmente, <a href=\"https:\/\/hipertextual.com\/apple\/apple-transmitira-en-vivo-partidos-mls\/\" rel=\"nofollow noopener\" target=\"_blank\">con el f\u00fatbol de la MLS<\/a>.<\/p>\n<p>Un punto importante para destacar es que <strong>la F\u00f3rmula 1 estar\u00e1 incluida dentro de la suscripci\u00f3n de Apple TV en Estados Unidos<\/strong>. Esto significa que, a diferencia de lo ocurre con el MLS Season Pass para los partidos de f\u00fatbol, los usuarios no tendr\u00e1n que comprar un paquete por separado.<\/p>\n<p>Pero esto no es todo, pues Apple TV permitir\u00e1 ver todos los entrenamientos libres y algunas carreras seleccionadas <strong>gratis<\/strong> a trav\u00e9s de su app. De esta manera, seguramente busque seducir a quienes todav\u00eda no se han suscripto a la plataforma de streaming, que cuesta 12,99 d\u00f3lares al mes tras la m\u00e1s reciente subida de precio.<\/p>\n<p>Apple TV transmitir\u00e1 las carreras de F\u00f3rmula 1 en Estados Unidos<\/p>\n<p><img loading=\"lazy\" data-recalc-dims=\"1\" decoding=\"async\" width=\"1500\" height=\"843\" alt=\"Apple TV transmitir\u00e1 las carreras de F\u00f3rmula 1 en Estados Unidos\" class=\"wp-image-1759581 perfmatters-lazy\" src=\"https:\/\/www.europesays.com\/es\/wp-content\/uploads\/2025\/10\/Tim-Cook-1500x843.jpg\"  data-\/><\/p>\n<p>Como parte del acuerdo entre Apple y la F\u00f3rmula 1, se modificar\u00e1 el funcionamiento de <strong>F1 TV Premium<\/strong>, la plataforma oficial de la categor\u00eda para transmitir las carreras. Si bien continuar\u00e1 disponible para quienes quieran seguir utiliz\u00e1ndola, necesitar\u00e1n s\u00ed o s\u00ed de una suscripci\u00f3n a Apple TV.<\/p>\n<p>As\u00ed, a partir de 2026 Apple TV incorporar\u00e1 a su cat\u00e1logo tanto las pr\u00e1cticas libres como la clasificaci\u00f3n y las carreras de F\u00f3rmula 1. Los de Cupertino no han brindado detalles de las finanzas detr\u00e1s de su acuerdo con la F1, pero <a href=\"https:\/\/www.cnbc.com\/2025\/10\/17\/apple-f1-media-deal-streaming.html\" rel=\"nofollow noopener\" target=\"_blank\">CNBC<\/a> reporta que la empresa <strong>pagar\u00eda unos 140 millones de d\u00f3lares al a\u00f1o<\/strong> por los derechos audiovisuales de la categor\u00eda en EE. UU.<\/p>\n<p>De ser as\u00ed, la alianza por cinco a\u00f1os estar\u00eda valuada en unos 700 millones de d\u00f3lares. Esto supondr\u00eda un incremento importante en comparaci\u00f3n con el acuerdo actual con ESPN, que pagar\u00eda unos 85 millones de d\u00f3lares anuales para transmitir la F\u00f3rmula 1 al p\u00fablico estadounidense.<\/p>\n<p>El arribo de la F\u00f3rmula 1 a Apple TV se anuncia horas antes de que comience la actividad del Gran Premio de Austin, Texas. Un evento que ya tuvo a Tim Cook ondeando la bandera a cuadros y gener\u00f3 uno de los memes m\u00e1s recordados de los \u00faltimos a\u00f1os.<\/p>\n<p>El inter\u00e9s de los de la manzana por llevar la F\u00f3rmula 1 a Apple TV no es nuevo. En 2023, ya se hab\u00eda rumoreado que la empresa californiana <a href=\"https:\/\/hipertextual.com\/apple\/apple-derechos-transmitir-formula-1\/\" rel=\"nofollow noopener\" target=\"_blank\">quer\u00eda quedarse con los derechos globales de la F1<\/a>. Incluso se dijo que estar\u00eda dispuesta a desembolsar unos $2.000 millones anuales. No obstante, eso no se concret\u00f3. Ser\u00e1 interesante ver c\u00f3mo evoluciona asociaci\u00f3n con el correr del tiempo y <strong>si se puede llegar a expandir a otros mercados en el futuro<\/strong>. Seguiremos atentos a las novedades.<\/p>\n","protected":false},"excerpt":{"rendered":"La F\u00f3rmula 1 llega a Apple TV, y no solo de la mano de la pel\u00edcula protagonizada por&hellip;\n","protected":false},"author":2,"featured_media":183032,"comment_status":"","ping_status":"","sticky":false,"template":"","format":"standard","meta":{"footnotes":""},"categories":[270],"tags":[168,25,24,306,271,272,23,167],"class_list":{"0":"post-183031","1":"post","2":"type-post","3":"status-publish","4":"format-standard","5":"has-post-thumbnail","7":"category-formula-1","8":"tag-deportes","9":"tag-es","10":"tag-espana","11":"tag-f1","12":"tag-formula-1","13":"tag-formula1","14":"tag-spain","15":"tag-sports"},"share_on_mastodon":{"url":"","error":""},"_links":{"self":[{"href":"https:\/\/www.europesays.com\/es\/wp-json\/wp\/v2\/posts\/183031","targetHints":{"allow":["GET"]}}],"collection":[{"href":"https:\/\/www.europesays.com\/es\/wp-json\/wp\/v2\/posts"}],"about":[{"href":"https:\/\/www.europesays.com\/es\/wp-json\/wp\/v2\/types\/post"}],"author":[{"embeddable":true,"href":"https:\/\/www.europesays.com\/es\/wp-json\/wp\/v2\/users\/2"}],"replies":[{"embeddable":true,"href":"https:\/\/www.europesays.com\/es\/wp-json\/wp\/v2\/comments?post=183031"}],"version-history":[{"count":0,"href":"https:\/\/www.europesays.com\/es\/wp-json\/wp\/v2\/posts\/183031\/revisions"}],"wp:featuredmedia":[{"embeddable":true,"href":"https:\/\/www.europesays.com\/es\/wp-json\/wp\/v2\/media\/183032"}],"wp:attachment":[{"href":"https:\/\/www.europesays.com\/es\/wp-json\/wp\/v2\/media?parent=183031"}],"wp:term":[{"taxonomy":"category","embeddable":true,"href":"https:\/\/www.europesays.com\/es\/wp-json\/wp\/v2\/categories?post=183031"},{"taxonomy":"post_tag","embeddable":true,"href":"https:\/\/www.europesays.com\/es\/wp-json\/wp\/v2\/tags?post=183031"}],"curies":[{"name":"wp","href":"https:\/\/api.w.org\/{rel}","templated":true}]}}