{"id":183039,"date":"2025-10-17T14:18:08","date_gmt":"2025-10-17T14:18:08","guid":{"rendered":"https:\/\/www.europesays.com\/es\/183039\/"},"modified":"2025-10-17T14:18:08","modified_gmt":"2025-10-17T14:18:08","slug":"la-noche-de-san-lazaro-novela-negra-en-la-zona-oscura-de-la-movida","status":"publish","type":"post","link":"https:\/\/www.europesays.com\/es\/183039\/","title":{"rendered":"&#8216;La noche de San L\u00e1zaro&#8217;, novela negra en la zona oscura de &#8216;La movida&#8217;"},"content":{"rendered":"<p>Xavier Novaes (Madrid, 1967) se ha dedicado toda la vida a la m\u00fasica, fundamentalmente a organizar conciertos con su promotora Doctor Zhivago, pero siempre ha  &#8230; llevado en la sangre el gusanillo de las letras, posiblemente heredado de su padre y de su abuelo, ambos periodistas. Hace algo m\u00e1s de un a\u00f1o plasm\u00f3 esa inquietud literaria en &#8216;El Alarde&#8217;, una novela protagonizada por Nerea y Kaintxo, inspirada en la localidad donde veranea desde hace muchos a\u00f1os. Ahora retoma a sus personajes en una segunda entrega \u00abllena de acci\u00f3n, pero con un trasfondo social\u00bb. Ha escrito la novela en Par\u00eds, donde reside desde hace m\u00e1s de una d\u00e9cada.<\/p>\n<p class=\"v-p\">Para hacerse una idea del estilo y el ritmo que ha dado a &#8216;La noche de San L\u00e1zaro&#8217;, t\u00edtulo de su novela que ya se encuentra en las librer\u00edas, basta con fijarse a la introductora que tendr\u00e1 este s\u00e1bado a las 12.00 horas cuando presente su trabajo en la Fnac donostiarra. Se trata de Mar\u00eda Silveiro, editora del libro que se publica a trav\u00e9s de Ocho y Medio, especializada en textos de cine. \u00abEl primero me lo autopubliqu\u00e9. Mar\u00eda ley\u00f3 el primero y le pas\u00e9 &#8216;La noche de San L\u00e1zaro. Cuando lo concluy\u00f3 me dijo: &#8216;Yo solo edito guiones, pero esto es tan cinematogr\u00e1fico que la voy a editar porque parece una pel\u00edcula\u00bb.<\/p>\n<p>Inicio en Cuba<\/p>\n<p class=\"v-p\">Las dos novelas tienen en com\u00fan que un elemento clave en el desarrollo de la historia es una fiesta, en su estreno como autor eligi\u00f3 el Aldarde hondarribiarra y ahora la que se celebra 17 de diciembre en un santuario a unos kil\u00f3metros de La Habana y en la que se pide al santo que sane a enfermos. Despu\u00e9s, sus protagonistas huir\u00e1n al Madrid de los a\u00f1os 80. Novaes ha querido retratar la capital en una \u00e9poca que conoce bien. \u00abHabitualmente se habla de ella desde la perspectiva festivo cultural, con &#8216;La movida&#8217;, pero tambi\u00e9n ten\u00eda una faceta muy gris, con mucha droga e incluso con atentados terroristas. Yo era joven, pero la viv\u00ed y he querido introducir parte de mi experiencia. Se habla mucho de grupos como Nacha Pop o de Alaska, pero hab\u00eda muchos m\u00e1s incre\u00edbles, que quedaron en segunda divisi\u00f3n como Peor Imposible de donde sali\u00f3 Rossy de Palma\u00bb, explica el autor.<\/p>\n<p class=\"v-p\">Novaes echa de menos m\u00e1s literatura de ficci\u00f3n sobre esa \u00e9poca. \u00abHay mucha sobre la guerra civil o de \u00e9pocas posteriores, pero no encuentro muchos referentes que reflejen esos a\u00f1os 80. Se habla de la m\u00fasica de entonces, pero no de la literatura\u00bb.<\/p>\n<p class=\"v-p\">&#8216;La noche de San L\u00e1zaro&#8217; se enmarca dentro de la novela negra pero tambi\u00e9n tiene mucho de aventuras, por algo su referente favorito desde que Xavier Novaes era peque\u00f1o es &#8216;El conde de Montecristo&#8217;, \u00abque cuenta con lado negro tremendo con todo lo que le ocurre y como se venga\u00bb. Adem\u00e1s ha querido introducir aspectos sociales que hace cuarenta a\u00f1os causaron gran inquietud como el robo y posterior venta de reci\u00e9n nacidos.<\/p>\n<p>Referentes<\/p>\n<p class=\"v-p\">A la hora de hablar de referentes menciona a Patricia Highsmith, Manuel V\u00e1zquez Montab\u00e1n y \u00ablo que hace Leonardo Padura en Cuba con sus novelas del detective Mario Conde, con una gran cr\u00edtica social\u00bb.<\/p>\n<p class=\"v-p\">Novaes ya se encuentra preparando la tercera entrega de esta trilog\u00eda que denomina &#8216;Historia de una huida&#8217; con un inicio en C\u00f3rcega porque \u00abme he dado cuenta que tiene elementos hist\u00f3ricos y de car\u00e1cter muy parecidos al Pa\u00eds Vasco\u00bb.<\/p>\n<p class=\"v-p\">Organizar conciertos en el extranjero ha sido la actividad profesional de este madrile\u00f1o \u00abenamorado de Euskadi\u00bb. Repasa y comenta que \u00abhe girado con muchos de los artistas que han estado en la cresta de la ola en cada momento\u00bb. As\u00ed organiz\u00f3 una actuaci\u00f3n de La Oreja de Van Gogh en Cuba. Ha llevado dos veces a Par\u00eds a Izaro, una de ellas en la sala Batacl\u00e1n y otra en un barco por el Sena, y \u00abya en plan abuelo por el tiempo que ha pasado tambi\u00e9n he trabajado con Alaitz eta Maider. Adem\u00e1s, he trabajado muchas veces con Fermin Muguruza\u00bb. M\u00e1s nombres: Serrat, Perales, Bumbury, Julieta Venegas&#8230;\u00ab<\/p>\n","protected":false},"excerpt":{"rendered":"Xavier Novaes (Madrid, 1967) se ha dedicado toda la vida a la m\u00fasica, fundamentalmente a organizar conciertos con&hellip;\n","protected":false},"author":2,"featured_media":183040,"comment_status":"","ping_status":"","sticky":false,"template":"","format":"standard","meta":{"footnotes":""},"categories":[172],"tags":[224,146,147,25,24,49115,225,25356,24635,193,1645,35432,2228,23,6420],"class_list":{"0":"post-183039","1":"post","2":"type-post","3":"status-publish","4":"format-standard","5":"has-post-thumbnail","7":"category-libros","8":"tag-books","9":"tag-entertainment","10":"tag-entretenimiento","11":"tag-es","12":"tag-espana","13":"tag-lazaro","14":"tag-libros","15":"tag-movida","16":"tag-negra","17":"tag-noche","18":"tag-novela","19":"tag-oscura","20":"tag-san","21":"tag-spain","22":"tag-zona"},"share_on_mastodon":{"url":"","error":""},"_links":{"self":[{"href":"https:\/\/www.europesays.com\/es\/wp-json\/wp\/v2\/posts\/183039","targetHints":{"allow":["GET"]}}],"collection":[{"href":"https:\/\/www.europesays.com\/es\/wp-json\/wp\/v2\/posts"}],"about":[{"href":"https:\/\/www.europesays.com\/es\/wp-json\/wp\/v2\/types\/post"}],"author":[{"embeddable":true,"href":"https:\/\/www.europesays.com\/es\/wp-json\/wp\/v2\/users\/2"}],"replies":[{"embeddable":true,"href":"https:\/\/www.europesays.com\/es\/wp-json\/wp\/v2\/comments?post=183039"}],"version-history":[{"count":0,"href":"https:\/\/www.europesays.com\/es\/wp-json\/wp\/v2\/posts\/183039\/revisions"}],"wp:featuredmedia":[{"embeddable":true,"href":"https:\/\/www.europesays.com\/es\/wp-json\/wp\/v2\/media\/183040"}],"wp:attachment":[{"href":"https:\/\/www.europesays.com\/es\/wp-json\/wp\/v2\/media?parent=183039"}],"wp:term":[{"taxonomy":"category","embeddable":true,"href":"https:\/\/www.europesays.com\/es\/wp-json\/wp\/v2\/categories?post=183039"},{"taxonomy":"post_tag","embeddable":true,"href":"https:\/\/www.europesays.com\/es\/wp-json\/wp\/v2\/tags?post=183039"}],"curies":[{"name":"wp","href":"https:\/\/api.w.org\/{rel}","templated":true}]}}