{"id":183051,"date":"2025-10-17T14:26:10","date_gmt":"2025-10-17T14:26:10","guid":{"rendered":"https:\/\/www.europesays.com\/es\/183051\/"},"modified":"2025-10-17T14:26:10","modified_gmt":"2025-10-17T14:26:10","slug":"el-satelite-chino-que-se-desintegro-sobre-canarias-provoco-decenas-de-ondas-en-la-red-sismica","status":"publish","type":"post","link":"https:\/\/www.europesays.com\/es\/183051\/","title":{"rendered":"El sat\u00e9lite chino que se desintegr\u00f3 sobre Canarias provoc\u00f3 decenas de ondas en la red s\u00edsmica"},"content":{"rendered":"<p> <img decoding=\"async\" fetchpriority=\"high\" src=\"https:\/\/www.europesays.com\/es\/wp-content\/uploads\/2025\/10\/el-satelite-chino-que-se-desintegro-sobre-canarias-provoco-decenas-de-ondas-en-la-red-sismica-176070.jpeg\"  width=\"768\" height=\"432\" data-image=\"glx9qgnc3xi2\"\/>La reentrada del sat\u00e9lite chino no fue tan solo una curiosa formaci\u00f3n luminosa, fue m\u00e1s all\u00e1.    <img decoding=\"async\" fetchpriority=\"high\" src=\"https:\/\/www.europesays.com\/es\/wp-content\/uploads\/2025\/08\/rocio-gonzalez.jpg\" alt=\"Rocio Gonz\u00e1lez\" width=\"40\" height=\"40\"\/>    <a class=\"nombre text-hv\" href=\"https:\/\/www.tiempo.com\/autor\/rocio-gonzalez\/\" title=\"Rocio Gonz\u00e1lez\" rel=\"nofollow noopener\" target=\"_blank\">Rocio Gonz\u00e1lez<\/a>       17\/10\/2025 13:48   5 min   <\/p>\n<p>Lo que en principio parec\u00eda una simple estrella fugaz ha resultado ser algo m\u00e1s poderoso. Durante la madrugada del 16 de octubre, un objeto luminoso cruz\u00f3 el cielo de Canarias e hizo vibrar la tierra, generando decenas de ondas s\u00edsmicas detectadas por la red de Involcan. <strong>Se interpret\u00f3 como la ca\u00edda de un meteoro pero ha resultado ser la reentrada de un sat\u00e9lite que se ha desintegrado sobre el Atl\u00e1ntico.<\/strong><\/p>\n<p>La huella de un sat\u00e9lite desintegr\u00e1ndose<\/p>\n<p>El Instituto Volcanol\u00f3gico de Canarias (Involcan) ha explicado que la se\u00f1al registrada se ha debido a la entrada en la atm\u00f3sfera de un objeto procedente del espacio que ha liberado una gran cantidad de energ\u00eda. <strong>Inicialmente se pens\u00f3 que se trataba de un meteoro, pero el an\u00e1lisis posterior ha confirmado que el fen\u00f3meno est\u00e1 vinculado a la reentrada del sat\u00e9lite chino XYJ-7<\/strong>, lanzado en 2020.<\/p>\n<p><a class=\"imagen \" href=\"https:\/\/www.tiempo.com\/ram\/nasa-terremotos-en-marte.html\" title=\"Los datos de la NASA muestran que los terremotos en Marte guardan evidencias de colosales impactos de asteroides\" rel=\"nofollow noopener\" target=\"_blank\"><img loading=\"lazy\" decoding=\"async\" fetchpriority=\"low\" class=\"lazy img-body non-editable\" src=\"https:\/\/www.europesays.com\/es\/wp-content\/uploads\/2025\/10\/nasa-terremotos-en-marte-1756440752371_320.png\"  width=\"320\" height=\"225\" alt=\"Los datos de la NASA muestran que los terremotos en Marte guardan evidencias de colosales impactos de asteroides\"\/><\/a><\/p>\n<p>El artefacto atraves\u00f3 la atm\u00f3sfera a gran velocidad y <strong>se fragment\u00f3 en varios trozos, generando una intensa onda de choque<\/strong> que no solo ilumin\u00f3 el cielo, sino que tambi\u00e9n hizo \u201cvibrar\u201d el suelo. Este impacto fue tan potente que ha quedado registrado por numerosos sism\u00f3grafos del archipi\u00e9lago.<\/p>\n<p>Detectado en toda Canarias<\/p>\n<p>Los expertos de Involcan han detallado que <strong>la red s\u00edsmica ha captado decenas de ondas distintas<\/strong>, cada una asociada a fragmentos del sat\u00e9lite que se han separado durante su desintegraci\u00f3n. Estas se\u00f1ales se han detectado en estaciones de pr\u00e1cticamente todas las islas, con especial intensidad en Tenerife, donde se habr\u00eda localizado el \u201cepicentro\u201d aparente del fen\u00f3meno.<\/p>\n<p><img loading=\"lazy\" decoding=\"async\" fetchpriority=\"low\" class=\"lazy \" src=\"https:\/\/www.europesays.com\/es\/wp-content\/uploads\/2025\/10\/el-bolido-que-sorprendio-a-los-espanoles-el-16-de-octubre-genero-decenas-de-ondas-en-la-red-sismica-.jpeg\"  width=\"768\" height=\"432\" alt=\"Ondas s\u00edsmicas\" title=\"Ondas s\u00edsmicas\" data-image=\"9czw9hmnvnmg\"\/>Cada onda registrada corresponde a un momento diferente del proceso de fragmentaci\u00f3n del sat\u00e9lite<\/p>\n<p>Las ondas registradas han resultado especialmente valiosas, ya que han permitido <strong>conocer la energ\u00eda liberada y el comportamiento del objeto al interactuar con la atm\u00f3sfera.<\/strong> Seg\u00fan la Red Espa\u00f1ola de Investigaci\u00f3n de B\u00f3lidos y Meteoritos, vinculada al CSIC, el suceso tuvo lugar alrededor de las 3:57 hora peninsular espa\u00f1ola, coincidiendo con la trayectoria prevista del sat\u00e9lite.<\/p>\n<blockquote class=\"twitter-tweet\">\n<p lang=\"es\" dir=\"ltr\">\ud835\udc0b\ud835\udc1a \ud835\udc11\ud835\udc1e\ud835\udc1d \ud835\udc12\ud835\udc22\u0301\ud835\udc2c\ud835\udc26\ud835\udc22\ud835\udc1c\ud835\udc1a \ud835\udc02\ud835\udc1a\ud835\udc27\ud835\udc1a\ud835\udc2b\ud835\udc22\ud835\udc1a \ud835\udc2b\ud835\udc1e\ud835\udc20\ud835\udc22\ud835\udc2c\ud835\udc2d\ud835\udc2b\ud835\udc1a \ud835\udc25\ud835\udc1a \ud835\udc2c\ud835\udc1e\ud835\udc27\u0303\ud835\udc1a\ud835\udc25 \ud835\udc1d\ud835\udc1e \ud835\udc2e\ud835\udc27 \u00ab\ud835\udc2f\ud835\udc22\ud835\udc2c\ud835\udc22\ud835\udc2d\ud835\udc1a\ud835\udc27\ud835\udc2d\ud835\udc1e \ud835\udc1c\ud835\udc28\u0301\ud835\udc2c\ud835\udc26\ud835\udc22\ud835\udc1c\ud835\udc28\u00bb <a href=\"https:\/\/t.co\/p7L6IEnFZB\" rel=\"nofollow\">https:\/\/t.co\/p7L6IEnFZB<\/a> <a href=\"https:\/\/t.co\/V05ZquZV5k\" rel=\"nofollow\">pic.twitter.com\/V05ZquZV5k<\/a><\/p>\n<p>\u2014 INVOLCAN (@involcan) <a href=\"https:\/\/twitter.com\/involcan\/status\/1978778715954844052?ref_src=twsrc%5Etfw\" rel=\"nofollow noopener\" target=\"_blank\">October 16, 2025<\/a><\/p><\/blockquote>\n<p>Visible en varias islas<\/p>\n<p>En redes sociales, numerosos v\u00eddeos grabados por ciudadanos han mostrado la espectacular reentrada del sat\u00e9lite, visible desde varias islas. En ellos se aprecia c\u00f3mo <strong>el objeto se ha fragmentado progresivamente mientras dejaba tras de s\u00ed una estela luminosa<\/strong>. Cada fragmento, al desintegrarse, ha generado su propia onda de choque, lo que explica la multiplicidad de se\u00f1ales captadas por los sensores s\u00edsmicos.<\/p>\n<p><a class=\"imagen \" href=\"https:\/\/www.tiempo.com\/ram\/ondas-planetarias-tiempo-veraniego-extremo.html\" title=\"Los cient\u00edficos demuestran que las ondas planetarias vinculadas al tiempo veraniego extremo se han triplicado desde 1950\" rel=\"nofollow noopener\" target=\"_blank\"><img loading=\"lazy\" decoding=\"async\" fetchpriority=\"low\" class=\"lazy img-body non-editable\" src=\"https:\/\/www.europesays.com\/es\/wp-content\/uploads\/2025\/10\/ondas-planetarias-tiempo-veraniego-extremo-1750301862002_320.jpg\"  width=\"320\" height=\"225\" alt=\"Los cient\u00edficos demuestran que las ondas planetarias vinculadas al tiempo veraniego extremo se han triplicado desde 1950\"\/><\/a><\/p>\n<p>Este tipo de fen\u00f3menos son relativamente frecuentes y, aunque visualmente impactantes, <strong>no representan peligro alguno. <\/strong>La mayor parte de los sat\u00e9lites y restos espaciales se desintegran por completo en la atm\u00f3sfera antes de llegar al suelo.<\/p>\n<p>Detectado en casi todo el archipi\u00e9lago<\/p>\n<p>Los sism\u00f3grafos canarios, habitualmente dedicados a vigilar la actividad volc\u00e1nica y tect\u00f3nica, se convirtieron por unas horas en testigos de un acontecimiento espacial. <strong>Cada onda registrada ha correspondido a un momento distinto del proceso de fragmentaci\u00f3n del sat\u00e9lite<\/strong>, lo que ha permitido reconstruir su trayectoria y la secuencia de explosiones ac\u00fasticas.<\/p>\n<blockquote class=\"twitter-tweet\">\n<p lang=\"es\" dir=\"ltr\">Sobre las (2:57) de esta madrugada consegu\u00ed capturar este momento en Patalavaca municipio de Mog\u00e1n SW de GC \ufe0f. <a href=\"https:\/\/twitter.com\/VickyPalmaMeteo?ref_src=twsrc%5Etfw\" rel=\"nofollow noopener\" target=\"_blank\">@VickyPalmaMeteo<\/a> <a href=\"https:\/\/twitter.com\/CedresEdgar?ref_src=twsrc%5Etfw\" rel=\"nofollow noopener\" target=\"_blank\">@CedresEdgar<\/a> <a href=\"https:\/\/twitter.com\/TiempoRTVC?ref_src=twsrc%5Etfw\" rel=\"nofollow noopener\" target=\"_blank\">@TiempoRTVC<\/a> <a href=\"https:\/\/twitter.com\/Adricor_fer?ref_src=twsrc%5Etfw\" rel=\"nofollow noopener\" target=\"_blank\">@Adricor_fer<\/a> <a href=\"https:\/\/twitter.com\/victorioperezm?ref_src=twsrc%5Etfw\" rel=\"nofollow noopener\" target=\"_blank\">@victorioperezm<\/a> <a href=\"https:\/\/twitter.com\/AGMCan?ref_src=twsrc%5Etfw\" rel=\"nofollow noopener\" target=\"_blank\">@AGMCan<\/a> <a href=\"https:\/\/twitter.com\/tenerife_meteo?ref_src=twsrc%5Etfw\" rel=\"nofollow noopener\" target=\"_blank\">@tenerife_meteo<\/a> <a href=\"https:\/\/twitter.com\/hidai_meteoGC?ref_src=twsrc%5Etfw\" rel=\"nofollow noopener\" target=\"_blank\">@hidai_meteoGC<\/a> <a href=\"https:\/\/twitter.com\/AEMET_Canarias?ref_src=twsrc%5Etfw\" rel=\"nofollow noopener\" target=\"_blank\">@AEMET_Canarias<\/a> <a href=\"https:\/\/twitter.com\/RAM_meteo?ref_src=twsrc%5Etfw\" rel=\"nofollow noopener\" target=\"_blank\">@RAM_meteo<\/a> <a href=\"https:\/\/twitter.com\/MeteoredES?ref_src=twsrc%5Etfw\" rel=\"nofollow noopener\" target=\"_blank\">@MeteoredES<\/a> <a href=\"https:\/\/t.co\/QIIUeEymM0\" rel=\"nofollow\">pic.twitter.com\/QIIUeEymM0<\/a><\/p>\n<p>\u2014 MeteoSW\ufe0f (@MeteoSW) <a href=\"https:\/\/twitter.com\/MeteoSW\/status\/1978759040185340098?ref_src=twsrc%5Etfw\" rel=\"nofollow noopener\" target=\"_blank\">October 16, 2025<\/a><\/p><\/blockquote>\n<p><strong>L<\/strong><strong>a Tierra est\u00e1 continuamente expuesta a la entrada de objetos desde el espacio, tanto naturales, como los meteoros, como artificiales<\/strong>, esto es, los sat\u00e9lites y restos de cohetes. En este caso, se ha tratado de un objeto de origen humano, cuya desintegraci\u00f3n ha liberado una energ\u00eda similar a la de un peque\u00f1o meteorito.<\/p>\n<p>Aunque estos fen\u00f3menos no representan peligro alguno, <strong>en casos excepcionales las ondas de choque pueden llegar a provocar da\u00f1os materiales<\/strong>, como ocurri\u00f3 en Cheli\u00e1binsk (Rusia) en 2013, cuando la explosi\u00f3n de un meteorito rompi\u00f3 miles de ventanas y ha causado cientos de heridos leves.<\/p>\n<p>    <script async src=\"https:\/\/platform.twitter.com\/widgets.js\" charset=\"utf-8\"><\/script><\/p>\n","protected":false},"excerpt":{"rendered":"La reentrada del sat\u00e9lite chino no fue tan solo una curiosa formaci\u00f3n luminosa, fue m\u00e1s all\u00e1. Rocio Gonz\u00e1lez&hellip;\n","protected":false},"author":2,"featured_media":183052,"comment_status":"","ping_status":"","sticky":false,"template":"","format":"standard","meta":{"footnotes":""},"categories":[81],"tags":[1896,119,123,124,25,24,21671,117,121,122,23,118,120],"class_list":{"0":"post-183051","1":"post","2":"type-post","3":"status-publish","4":"format-standard","5":"has-post-thumbnail","7":"category-ciencia-y-tecnologia","8":"tag-canarias","9":"tag-ciencia","10":"tag-ciencia-y-tecnologia","11":"tag-cienciaytecnologia","12":"tag-es","13":"tag-espana","14":"tag-satelite","15":"tag-science","16":"tag-science-and-technology","17":"tag-scienceandtechnology","18":"tag-spain","19":"tag-technology","20":"tag-tecnologia"},"share_on_mastodon":{"url":"","error":""},"_links":{"self":[{"href":"https:\/\/www.europesays.com\/es\/wp-json\/wp\/v2\/posts\/183051","targetHints":{"allow":["GET"]}}],"collection":[{"href":"https:\/\/www.europesays.com\/es\/wp-json\/wp\/v2\/posts"}],"about":[{"href":"https:\/\/www.europesays.com\/es\/wp-json\/wp\/v2\/types\/post"}],"author":[{"embeddable":true,"href":"https:\/\/www.europesays.com\/es\/wp-json\/wp\/v2\/users\/2"}],"replies":[{"embeddable":true,"href":"https:\/\/www.europesays.com\/es\/wp-json\/wp\/v2\/comments?post=183051"}],"version-history":[{"count":0,"href":"https:\/\/www.europesays.com\/es\/wp-json\/wp\/v2\/posts\/183051\/revisions"}],"wp:featuredmedia":[{"embeddable":true,"href":"https:\/\/www.europesays.com\/es\/wp-json\/wp\/v2\/media\/183052"}],"wp:attachment":[{"href":"https:\/\/www.europesays.com\/es\/wp-json\/wp\/v2\/media?parent=183051"}],"wp:term":[{"taxonomy":"category","embeddable":true,"href":"https:\/\/www.europesays.com\/es\/wp-json\/wp\/v2\/categories?post=183051"},{"taxonomy":"post_tag","embeddable":true,"href":"https:\/\/www.europesays.com\/es\/wp-json\/wp\/v2\/tags?post=183051"}],"curies":[{"name":"wp","href":"https:\/\/api.w.org\/{rel}","templated":true}]}}