{"id":183063,"date":"2025-10-17T14:32:08","date_gmt":"2025-10-17T14:32:08","guid":{"rendered":"https:\/\/www.europesays.com\/es\/183063\/"},"modified":"2025-10-17T14:32:08","modified_gmt":"2025-10-17T14:32:08","slug":"manuel-amador-colaborara-de-manera-altruista-en-la-organizacion-de-la-corrida-de-asprona","status":"publish","type":"post","link":"https:\/\/www.europesays.com\/es\/183063\/","title":{"rendered":"Manuel Amador colaborar\u00e1 de manera altruista en la organizaci\u00f3n de la corrida de ASPRONA"},"content":{"rendered":"<p> 2 <\/p>\n<p><strong>La Asociaci\u00f3n para la Atenci\u00f3n a Personas con Discapacidad Intelectual y sus Familias de la Provincia de Albacete (ASPRONA) anuncia que el empresario taurino Manuel Amador ha aceptado la propuesta de la entidad para colaborar de manera altruista en la organizaci\u00f3n de la tradicional Corrida de ASPRONA a partir de la temporada 2026.<\/strong><\/p>\n<p>Con esta incorporaci\u00f3n, Manuel Amador se suma al equipo responsable de las tareas taurinas de la entidad, reforzando su compromiso con ASPRONA y con la ciudad de Albacete para recuperar el inter\u00e9s y el car\u00e1cter solidario de un festejo cuyos beneficios se destinan \u00edntegramente a mejorar la calidad de vida de las personas con discapacidad intelectual y sus familias.<\/p>\n<p>\u201cEs un orgullo poder formar parte de la Corrida de ASPRONA, en la que estuve anunciado en dos ocasiones como matador de toros\u201d, ha declarado Manuel Amador. \u201cEs muy ilusionante y me llena de satisfacci\u00f3n que hayan pensado en m\u00ed, algo que quiero agradecer a ASPRONA, empezando por su presidenta, Mar\u00eda Dolores Olivares, y su director, Manuel Mart\u00edn, as\u00ed como a todo el equipo. Es una corrida muy especial para m\u00ed y a la que tengo mucho cari\u00f1o desde que mi padre y Juan Mart\u00ednez Encarnaci\u00f3n la fundaran. Hay una parte sentimental muy fuerte. He vivido muy de cerca su historia y la labor realizada tambi\u00e9n por el maestro D\u00e1maso Gonz\u00e1lez. Que hayan confiado en m\u00ed me responsabiliza mucho\u201d.<\/p>\n<p>El empresario albacete\u00f1o ha a\u00f1adido que \u201csiempre he mostrado mi compromiso con Albacete y con ASPRONA no pod\u00eda ser de otra manera. Acepto unirme desinteresadamente al equipo que organiza esta corrida tan emblem\u00e1tica. Ahora queda trabajar mucho por los que m\u00e1s lo necesitan. Esta corrida es para ellos, que son los verdaderos protagonistas\u201d.<\/p>\n<p>Por su parte, la presidenta de ASPRONA, Mar\u00eda Dolores Olivares, ha destacado la importancia de esta nueva etapa para la entidad, \u201ccuando le comentamos la idea, Manuel Amador no dud\u00f3 en ning\u00fan momento y acept\u00f3 la propuesta, algo que desde ASPRONA agradecemos profundamente. En los \u00faltimos a\u00f1os, Albacete ha vivido un gran momento taurino y creemos que este es el inicio de un camino que permitir\u00e1 recuperar la Corrida de ASPRONA como una cita de referencia en la ciudad\u201d.<\/p>\n<p>Con esta colaboraci\u00f3n, ASPRONA reafirma su compromiso con la sociedad albacete\u00f1a y con la promoci\u00f3n de iniciativas solidarias que unen cultura, tradici\u00f3n y solidaridad en favor de las personas con discapacidad intelectual y sus familias.<\/p>\n","protected":false},"excerpt":{"rendered":"2 La Asociaci\u00f3n para la Atenci\u00f3n a Personas con Discapacidad Intelectual y sus Familias de la Provincia de&hellip;\n","protected":false},"author":2,"featured_media":183064,"comment_status":"","ping_status":"","sticky":false,"template":"","format":"standard","meta":{"footnotes":""},"categories":[277],"tags":[2545,14713,373,51781,168,25,24,51782,23,167,374,444],"class_list":{"0":"post-183063","1":"post","2":"type-post","3":"status-publish","4":"format-standard","5":"has-post-thumbnail","7":"category-toreo","8":"tag-albacete","9":"tag-asprona","10":"tag-bullfighting","11":"tag-corrida-de-toros-asprona","12":"tag-deportes","13":"tag-es","14":"tag-espana","15":"tag-manuel-amador","16":"tag-spain","17":"tag-sports","18":"tag-toreo","19":"tag-toros"},"share_on_mastodon":{"url":"","error":""},"_links":{"self":[{"href":"https:\/\/www.europesays.com\/es\/wp-json\/wp\/v2\/posts\/183063","targetHints":{"allow":["GET"]}}],"collection":[{"href":"https:\/\/www.europesays.com\/es\/wp-json\/wp\/v2\/posts"}],"about":[{"href":"https:\/\/www.europesays.com\/es\/wp-json\/wp\/v2\/types\/post"}],"author":[{"embeddable":true,"href":"https:\/\/www.europesays.com\/es\/wp-json\/wp\/v2\/users\/2"}],"replies":[{"embeddable":true,"href":"https:\/\/www.europesays.com\/es\/wp-json\/wp\/v2\/comments?post=183063"}],"version-history":[{"count":0,"href":"https:\/\/www.europesays.com\/es\/wp-json\/wp\/v2\/posts\/183063\/revisions"}],"wp:featuredmedia":[{"embeddable":true,"href":"https:\/\/www.europesays.com\/es\/wp-json\/wp\/v2\/media\/183064"}],"wp:attachment":[{"href":"https:\/\/www.europesays.com\/es\/wp-json\/wp\/v2\/media?parent=183063"}],"wp:term":[{"taxonomy":"category","embeddable":true,"href":"https:\/\/www.europesays.com\/es\/wp-json\/wp\/v2\/categories?post=183063"},{"taxonomy":"post_tag","embeddable":true,"href":"https:\/\/www.europesays.com\/es\/wp-json\/wp\/v2\/tags?post=183063"}],"curies":[{"name":"wp","href":"https:\/\/api.w.org\/{rel}","templated":true}]}}