{"id":183065,"date":"2025-10-17T14:33:10","date_gmt":"2025-10-17T14:33:10","guid":{"rendered":"https:\/\/www.europesays.com\/es\/183065\/"},"modified":"2025-10-17T14:33:10","modified_gmt":"2025-10-17T14:33:10","slug":"quienes-luchan-a-que-hora-y-donde-ver-marca-personal","status":"publish","type":"post","link":"https:\/\/www.europesays.com\/es\/183065\/","title":{"rendered":"qui\u00e9nes luchan, a qu\u00e9 hora y d\u00f3nde ver \u2013 Marca Personal"},"content":{"rendered":"<p>    UFC para este s\u00e1bado 18 de octubre: qui\u00e9nes luchan, a qu\u00e9 hora y d\u00f3nde ver \u2013 Marca Personal<br \/>\n&#13;<\/p>\n<p>\t\t&#13;<br \/>\n&#13;<br \/>\n&#13;<br \/>\n&#13;<\/p>\n<p>    <a class=\"skip-link screen-reader-text\" href=\"#content\">Skip to content<\/a><\/p>\n<p>            &#13;<br \/>\n                                    &#13;<br \/>\n&#13;<br \/>\n&#13;<br \/>\n                        &#13;<br \/>\n&#13;<\/p>\n<p>          <img decoding=\"async\" src=\"https:\/\/www.europesays.com\/es\/wp-content\/uploads\/2025\/10\/dSvvlnWP3_1200x630__1.jpg\" alt=\"UFC para este s\u00e1bado 18 de octubre: qui\u00e9nes luchan, a qu\u00e9 hora y d\u00f3nde ver\"\/>        <\/p>\n<p>                &#13;<\/p>\n<p>                            &#13;<br \/>\n&#13;<br \/>\n&#13;<br \/>\n                        &#13;<\/p>\n<ul>\n<li>El evento se llevar\u00e1 a cabo en el Rogers Arena de Vancouver, Canad\u00e1.<\/li>\n<li>Cu\u00e1les son los horarios en los diferentes pa\u00edses de Latinoam\u00e9rica<\/li>\n<\/ul>\n<p>\t\tContinue Reading<\/p>\n<p>                        &#13;<br \/>\n&#13;<br \/>\n                        &#13;<br \/>\n&#13;<br \/>\n&#13;<br \/>\n                    &#13;<br \/>\n                &#13;<\/p>\n<p>                  <img decoding=\"async\" src=\"https:\/\/www.europesays.com\/es\/wp-content\/uploads\/2025\/10\/6jvIZbnJk_1200x630__1.jpg\" alt=\"\u00bfA qu\u00e9 hora pelea Reinier de Ridder vs. Brendan Allen por el UFC Fight Night este s\u00e1bado 18 de octubre? Horarios por pa\u00eds, cartelera y todo sobre los combates en Vancouver\"\/>                  <\/p>\n<p>                      1 min read\n                  <\/p>\n<p>                  <a href=\"https:\/\/marcapersonalweb.com.ar\/2025\/10\/17\/a-que-hora-pelea-reinier-de-ridder-vs-brendan-allen-por-el-ufc-fight-night-este-sabado-18-de-octubre-horarios-por-pais-cartelera-y-todo-sobre-los-combates-en-vancouver\/\" aria-label=\"\u00bfA qu\u00e9 hora pelea Reinier de Ridder vs. Brendan Allen por el UFC Fight Night este s\u00e1bado 18 de octubre? Horarios por pa\u00eds, cartelera y todo sobre los combates en Vancouver\" rel=\"nofollow noopener\" target=\"_blank\"><\/p>\n<p>                  <img decoding=\"async\" src=\"https:\/\/www.europesays.com\/es\/wp-content\/uploads\/2025\/10\/L0kXChuCW_1200x630__1.jpg\" alt=\"F1 GP de Estados Unidos con Colapinto, EN VIVO: hora y d\u00f3nde ver las pr\u00e1cticas libres este viernes 17 de octubre\"\/>                  <\/p>\n<p>                      1 min read\n                  <\/p>\n<p>                  <a href=\"https:\/\/marcapersonalweb.com.ar\/2025\/10\/17\/f1-gp-de-estados-unidos-con-colapinto-en-vivo-hora-y-donde-ver-las-practicas-libres-este-viernes-17-de-octubre\/\" aria-label=\"F1 GP de Estados Unidos con Colapinto, EN VIVO: hora y d\u00f3nde ver las pr\u00e1cticas libres este viernes 17 de octubre\" rel=\"nofollow noopener\" target=\"_blank\"><\/p>\n<p>                  <img width=\"300\" height=\"208\" src=\"https:\/\/www.europesays.com\/es\/wp-content\/uploads\/2025\/10\/Inferiores-2-1-300x208.jpg\" class=\"attachment-medium size-medium wp-post-image\" alt=\"\" decoding=\"async\" loading=\"lazy\"  \/>                  <\/p>\n<p>                      1 min read\n                  <\/p>\n<p>                  <a href=\"https:\/\/marcapersonalweb.com.ar\/2025\/10\/17\/divisiones-inferiores-asi-sera-la-agenda-del-fin-de-semana\/\" aria-label=\"Divisiones inferiores: as\u00ed ser\u00e1 la agenda del fin de semana\" rel=\"nofollow noopener\" target=\"_blank\"><\/p>\n<p>                  <img width=\"300\" height=\"197\" src=\"https:\/\/www.europesays.com\/es\/wp-content\/uploads\/2025\/10\/Kimberley-Promocional-300x197.jpg\" class=\"attachment-medium size-medium wp-post-image\" alt=\"\" decoding=\"async\" loading=\"lazy\"  \/>                  <\/p>\n<p>                      1 min read\n                  <\/p>\n<p>                  <a href=\"https:\/\/marcapersonalweb.com.ar\/2025\/10\/17\/arrancan-los-cuartos-de-final-del-certamen\/\" aria-label=\"Arrancan los cuartos de final del certamen\" rel=\"nofollow noopener\" target=\"_blank\"><\/p>\n<p><a id=\"scroll-up\" class=\"secondary-color\"><\/p>\n<p><\/a><\/p>\n<p>error: Content is protected !!<\/p>\n<p>&#13;<br \/>\n\t&#13;<br \/>\n\t\t&#13;<br \/>\n\t\t&#13;<\/p>\n","protected":false},"excerpt":{"rendered":"UFC para este s\u00e1bado 18 de octubre: qui\u00e9nes luchan, a qu\u00e9 hora y d\u00f3nde ver \u2013 Marca Personal&hellip;\n","protected":false},"author":2,"featured_media":183066,"comment_status":"","ping_status":"","sticky":false,"template":"","format":"standard","meta":{"footnotes":""},"categories":[276],"tags":[168,25,24,23,167,343],"class_list":{"0":"post-183065","1":"post","2":"type-post","3":"status-publish","4":"format-standard","5":"has-post-thumbnail","7":"category-ufc","8":"tag-deportes","9":"tag-es","10":"tag-espana","11":"tag-spain","12":"tag-sports","13":"tag-ufc"},"share_on_mastodon":{"url":"","error":""},"_links":{"self":[{"href":"https:\/\/www.europesays.com\/es\/wp-json\/wp\/v2\/posts\/183065","targetHints":{"allow":["GET"]}}],"collection":[{"href":"https:\/\/www.europesays.com\/es\/wp-json\/wp\/v2\/posts"}],"about":[{"href":"https:\/\/www.europesays.com\/es\/wp-json\/wp\/v2\/types\/post"}],"author":[{"embeddable":true,"href":"https:\/\/www.europesays.com\/es\/wp-json\/wp\/v2\/users\/2"}],"replies":[{"embeddable":true,"href":"https:\/\/www.europesays.com\/es\/wp-json\/wp\/v2\/comments?post=183065"}],"version-history":[{"count":0,"href":"https:\/\/www.europesays.com\/es\/wp-json\/wp\/v2\/posts\/183065\/revisions"}],"wp:featuredmedia":[{"embeddable":true,"href":"https:\/\/www.europesays.com\/es\/wp-json\/wp\/v2\/media\/183066"}],"wp:attachment":[{"href":"https:\/\/www.europesays.com\/es\/wp-json\/wp\/v2\/media?parent=183065"}],"wp:term":[{"taxonomy":"category","embeddable":true,"href":"https:\/\/www.europesays.com\/es\/wp-json\/wp\/v2\/categories?post=183065"},{"taxonomy":"post_tag","embeddable":true,"href":"https:\/\/www.europesays.com\/es\/wp-json\/wp\/v2\/tags?post=183065"}],"curies":[{"name":"wp","href":"https:\/\/api.w.org\/{rel}","templated":true}]}}