{"id":183088,"date":"2025-10-17T14:51:09","date_gmt":"2025-10-17T14:51:09","guid":{"rendered":"https:\/\/www.europesays.com\/es\/183088\/"},"modified":"2025-10-17T14:51:09","modified_gmt":"2025-10-17T14:51:09","slug":"la-derecha-de-le-pen-aprieta-al-nuevo-gobierno-de-lecornu","status":"publish","type":"post","link":"https:\/\/www.europesays.com\/es\/183088\/","title":{"rendered":"La derecha de Le Pen aprieta al nuevo gobierno de Lecornu"},"content":{"rendered":"<p>Esta semana, del ecuador del mes de octubre, ha sido trascendental, sobre todo, en el plano internacional. Desde Espa\u00f1a, miramos lo que sucede al otro lado del Pirineo, en Francia, donde la crisis pol\u00edtica amenaza con atascar la legislatura del nuevo primer ministro <strong>S\u00e9bastien Lecornu<\/strong>. Tras la ca\u00edda del ejecutivo de Bayrou, el presidente Macron nombr\u00f3 a Lecornu quien, tras elegir su ejecutivo, present\u00f3 su renuncia a las pocas horas. De nuevo, a los 5 d\u00edas volvi\u00f3 a ser el elegido por el presidente para dirigir al gobierno. Esta vez, con un tinte m\u00e1s tecn\u00f3crata, el nuevo gobierno ha tenido que superar obst\u00e1culos desde el primer momento: dos mociones de censura superadas gracias al apoyo socialista, a cambio de la retirada de la reforma de las pensiones. De este tema hablaremos con <strong>Guillermo Fern\u00e1ndez V\u00e1zquez<\/strong>, profesor en Ciencia Pol\u00edtica en la Universidad Carlos III de Madrid y experto en derecha radical<\/p>\n","protected":false},"excerpt":{"rendered":"Esta semana, del ecuador del mes de octubre, ha sido trascendental, sobre todo, en el plano internacional. Desde&hellip;\n","protected":false},"author":2,"featured_media":183089,"comment_status":"","ping_status":"","sticky":false,"template":"","format":"standard","meta":{"footnotes":""},"categories":[42],"tags":[49211,17,18,13,14,11,61,62,63,64,51791,19,20,9,10,15,16,133,1448,1986,1987,12,21,22,65,66,67],"class_list":{"0":"post-183088","1":"post","2":"type-post","3":"status-publish","4":"format-standard","5":"has-post-thumbnail","7":"category-internacional","8":"tag-7-dias","9":"tag-breaking-news","10":"tag-breakingnews","11":"tag-featured-news","12":"tag-featurednews","13":"tag-headlines","14":"tag-internacional","15":"tag-international","16":"tag-international-news","17":"tag-internationalnews","18":"tag-la-derecha-de-le-pen-aprieta-al-nuevo-gobierno-de-lecornu","19":"tag-latest-news","20":"tag-latestnews","21":"tag-news","22":"tag-noticias","23":"tag-noticias-destacadas","24":"tag-noticiasdestacadas","25":"tag-online","26":"tag-radio","27":"tag-rne","28":"tag-rtve-play","29":"tag-titulares","30":"tag-ultimas-noticias","31":"tag-ultimasnoticias","32":"tag-world","33":"tag-world-news","34":"tag-worldnews"},"share_on_mastodon":{"url":"","error":""},"_links":{"self":[{"href":"https:\/\/www.europesays.com\/es\/wp-json\/wp\/v2\/posts\/183088","targetHints":{"allow":["GET"]}}],"collection":[{"href":"https:\/\/www.europesays.com\/es\/wp-json\/wp\/v2\/posts"}],"about":[{"href":"https:\/\/www.europesays.com\/es\/wp-json\/wp\/v2\/types\/post"}],"author":[{"embeddable":true,"href":"https:\/\/www.europesays.com\/es\/wp-json\/wp\/v2\/users\/2"}],"replies":[{"embeddable":true,"href":"https:\/\/www.europesays.com\/es\/wp-json\/wp\/v2\/comments?post=183088"}],"version-history":[{"count":0,"href":"https:\/\/www.europesays.com\/es\/wp-json\/wp\/v2\/posts\/183088\/revisions"}],"wp:featuredmedia":[{"embeddable":true,"href":"https:\/\/www.europesays.com\/es\/wp-json\/wp\/v2\/media\/183089"}],"wp:attachment":[{"href":"https:\/\/www.europesays.com\/es\/wp-json\/wp\/v2\/media?parent=183088"}],"wp:term":[{"taxonomy":"category","embeddable":true,"href":"https:\/\/www.europesays.com\/es\/wp-json\/wp\/v2\/categories?post=183088"},{"taxonomy":"post_tag","embeddable":true,"href":"https:\/\/www.europesays.com\/es\/wp-json\/wp\/v2\/tags?post=183088"}],"curies":[{"name":"wp","href":"https:\/\/api.w.org\/{rel}","templated":true}]}}