{"id":183135,"date":"2025-10-17T15:23:09","date_gmt":"2025-10-17T15:23:09","guid":{"rendered":"https:\/\/www.europesays.com\/es\/183135\/"},"modified":"2025-10-17T15:23:09","modified_gmt":"2025-10-17T15:23:09","slug":"formula-1-declara-peligro-por-calor-en-gp-de-austin","status":"publish","type":"post","link":"https:\/\/www.europesays.com\/es\/183135\/","title":{"rendered":"F\u00f3rmula 1 declara peligro por calor en GP de Austin"},"content":{"rendered":"<p>El director de carrera, Rui Marques, dijo en un comunicado enviado a los equipos que un pron\u00f3stico oficial predijo que el \u00edndice de calor superar\u00eda los 31 grados cent\u00edgrados en alg\u00fan momento durante la carrera sprint del s\u00e1bado o el Gran Premio del domingo.<\/p>\n<p><strong>El organismo rector de la F\u00f3rmula Uno alert\u00f3 el jueves del riesgo de calor por segunda carrera consecutiva en el Gran Premio de Estados Unidos en Austin.<\/strong><\/p>\n<p>El director de carrera, Rui Marques, dijo en un comunicado enviado a los equipos que un pron\u00f3stico oficial predijo que el \u00edndice de calor superar\u00eda los 31 grados cent\u00edgrados en alg\u00fan momento durante la carrera sprint del s\u00e1bado o el Gran Premio del domingo.<\/p>\n<p>La normativa se invoc\u00f3 por primera vez en el Gran Premio de Singapur de este mes debido a las temperaturas y a la elevada humedad.<\/p>\n<p>F\u00f3rmula 1 declara peligro por calor por segunda carrera consecutiva en el GP de Austin<br \/>La normativa se introdujo despu\u00e9s de que los pilotos sufrieran agotamiento en el Gran Premio de Qatar 2023 y significa que los pilotos pueden llevar un chaleco refrigerante, que hace circular l\u00edquido fr\u00edo a trav\u00e9s de tubos para mantener la temperatura corporal, o a\u00f1adir lastre adicional a sus autom\u00f3viles.<\/p>\n<p>Los chalecos ser\u00e1n obligatorios en condiciones calurosas a partir de la pr\u00f3xima temporada, pero no gozan de popularidad universal, ya que algunos pilotos prefieren no utilizarlos.<\/p>\n<p>\u201cNo he utilizado el chaleco. Tampoco tengo intenci\u00f3n de usarlo porque creo que debe ser una elecci\u00f3n del piloto\u201d, dijo en Singapur Max Verstappen, cuatro veces campe\u00f3n del mundo de Red Bull.<\/p>\n<p>Con informaci\u00f3n de Reuters.<\/p>\n<p><strong><a href=\"https:\/\/news.google.com\/publications\/CAAqIggKIhxDQklTRHdnTWFnc0tDV1p2Y21KbGN5NWpieWdBUAE?hl=es-419&amp;gl=CO&amp;ceid=CO:es-419\" rel=\"nofollow noopener\" target=\"_blank\"><strong>Siga a Forbes Colombia desde Google News<\/strong><\/a><\/strong><\/p>\n<p><strong>Lea tambi\u00e9n: <a href=\"https:\/\/editorial.forbes.co\/2025\/10\/09\/actualidad\/ferrari-presenta-su-primer-auto-electrico-con-tecnologia-ev-y-sus-acciones-se-desploman-mas-de-16\/\" rel=\"nofollow noopener\" target=\"_blank\">Ferrari presenta su primer auto el\u00e9ctrico con tecnolog\u00eda EV y sus acciones se desploman m\u00e1s de 16%<\/a><\/strong><\/p>\n","protected":false},"excerpt":{"rendered":"El director de carrera, Rui Marques, dijo en un comunicado enviado a los equipos que un pron\u00f3stico oficial&hellip;\n","protected":false},"author":2,"featured_media":183136,"comment_status":"","ping_status":"","sticky":false,"template":"","format":"standard","meta":{"footnotes":""},"categories":[270],"tags":[168,25,24,306,271,272,23,167],"class_list":{"0":"post-183135","1":"post","2":"type-post","3":"status-publish","4":"format-standard","5":"has-post-thumbnail","7":"category-formula-1","8":"tag-deportes","9":"tag-es","10":"tag-espana","11":"tag-f1","12":"tag-formula-1","13":"tag-formula1","14":"tag-spain","15":"tag-sports"},"share_on_mastodon":{"url":"","error":""},"_links":{"self":[{"href":"https:\/\/www.europesays.com\/es\/wp-json\/wp\/v2\/posts\/183135","targetHints":{"allow":["GET"]}}],"collection":[{"href":"https:\/\/www.europesays.com\/es\/wp-json\/wp\/v2\/posts"}],"about":[{"href":"https:\/\/www.europesays.com\/es\/wp-json\/wp\/v2\/types\/post"}],"author":[{"embeddable":true,"href":"https:\/\/www.europesays.com\/es\/wp-json\/wp\/v2\/users\/2"}],"replies":[{"embeddable":true,"href":"https:\/\/www.europesays.com\/es\/wp-json\/wp\/v2\/comments?post=183135"}],"version-history":[{"count":0,"href":"https:\/\/www.europesays.com\/es\/wp-json\/wp\/v2\/posts\/183135\/revisions"}],"wp:featuredmedia":[{"embeddable":true,"href":"https:\/\/www.europesays.com\/es\/wp-json\/wp\/v2\/media\/183136"}],"wp:attachment":[{"href":"https:\/\/www.europesays.com\/es\/wp-json\/wp\/v2\/media?parent=183135"}],"wp:term":[{"taxonomy":"category","embeddable":true,"href":"https:\/\/www.europesays.com\/es\/wp-json\/wp\/v2\/categories?post=183135"},{"taxonomy":"post_tag","embeddable":true,"href":"https:\/\/www.europesays.com\/es\/wp-json\/wp\/v2\/tags?post=183135"}],"curies":[{"name":"wp","href":"https:\/\/api.w.org\/{rel}","templated":true}]}}