{"id":183206,"date":"2025-10-17T16:09:08","date_gmt":"2025-10-17T16:09:08","guid":{"rendered":"https:\/\/www.europesays.com\/es\/183206\/"},"modified":"2025-10-17T16:09:08","modified_gmt":"2025-10-17T16:09:08","slug":"libres-1-de-f1-del-gp-de-eeuu-en-directo","status":"publish","type":"post","link":"https:\/\/www.europesays.com\/es\/183206\/","title":{"rendered":"Libres 1 de F1 del GP de EEUU en directo"},"content":{"rendered":"\n<p class=\"ue-c-article__paragraph \"><strong>\u00a1\u00a1Muy buenas tardes a todos!! <\/strong>Bienvenidos a un nuevo directo de la<strong> temporada 2025 de la F1. <\/strong>Los<strong> Estados Unidos<\/strong> vuelven a aparecer en el calendario, pero esta vez con el <strong>Gran Premio de EEUU. <\/strong>El Circuito de Las Am\u00e9ricas tiene todo preparado para albergar una especial jornada, puesto que traer\u00e1 de vuelta el formato <strong>Sprint<\/strong>, escenario por el que solamente tendremos una \u00fanica sesi\u00f3n de <strong>entrenamientos libres. <\/strong><\/p>\n<p class=\"ue-c-article__paragraph \">En este sentido, son dos las oportunidades que tienen cada uno de los pilotos para sumar puntos este fin de semana. <strong>Los McLaren, junto a Max Verstappen<\/strong>, lo saben de sobra, puesto que escribir\u00e1n un nuevo cap\u00edtulo en la pelea por el campeonato. <strong>Oscar Piastri<\/strong>, pese a seguir perdiendo terreno contra sus rivales directo, contin\u00faa en lo m\u00e1s alto de la general, con <strong>Lando (22) y Max (63) al acecho. <\/strong><\/p>\n<p class=\"ue-c-article__paragraph \">Adem\u00e1s de los tres l\u00edderes de la temporada, <strong>George Russell<\/strong> se asoma como posible candidato a quedarse con los m\u00e1ximos honores en <strong>Austin<\/strong>. El brit\u00e1nico lider\u00f3 de principio a fin en <strong>Singapur<\/strong>, resultado que celebr\u00f3 con una inminente renovaci\u00f3n con <strong>Mercedes <\/strong>previo al comienzo de esta cita. Los <strong>Ferrari <\/strong>siguen un escal\u00f3n por detr\u00e1s del resto, pero <strong>Lewis Hamilton<\/strong> conf\u00eda tener buenas sensaciones en uno de sus circuitos predilectos. <\/p>\n<p class=\"ue-c-article__paragraph \"><strong>Fernando Alonso y Carlos Sainz <\/strong>llegan con entusiasmo a los <strong>Estados Unidos<\/strong>. El asturiano cree que es posible continuar con la racha de buenos resultados, puesto que realizaron trabajos en la configuraci\u00f3n del monoplaza. Asimismo, el madrile\u00f1o considera que el &#8216;<strong>FW47<\/strong>&#8216; puede estar para grandes cosas en las largas rectas del trazado americano. <\/p>\n<p class=\"ue-c-article__paragraph \">Ahora, nos alistamos para disfrutar del comienzo de una nueva jornada de la <strong>F1<\/strong>.<strong> El Gran Premio de los Estados Unidos<\/strong> recibir\u00e1 a cada uno de los equipos en la primera, y \u00fanica, <strong>sesi\u00f3n de entrenamientos libres,<\/strong> por lo que deber\u00e1n obtener toda la informaci\u00f3n necesaria para el resto de la jornada. <\/p>\n<p class=\"ue-c-article__paragraph \"><strong>\u00a1Arrancamos! <\/strong><\/p>\n","protected":false},"excerpt":{"rendered":"\u00a1\u00a1Muy buenas tardes a todos!! Bienvenidos a un nuevo directo de la temporada 2025 de la F1. Los&hellip;\n","protected":false},"author":2,"featured_media":183207,"comment_status":"","ping_status":"","sticky":false,"template":"","format":"standard","meta":{"footnotes":""},"categories":[270],"tags":[2365,2171,168,25,24,306,2096,271,272,51825,2362,23,167,2364],"class_list":{"0":"post-183206","1":"post","2":"type-post","3":"status-publish","4":"format-standard","5":"has-post-thumbnail","7":"category-formula-1","8":"tag-aston-martin-f1","9":"tag-carlos-sainz-jr","10":"tag-deportes","11":"tag-es","12":"tag-espana","13":"tag-f1","14":"tag-fernando-alonso","15":"tag-formula-1","16":"tag-formula1","17":"tag-gp-eeuu-f1","18":"tag-motor","19":"tag-spain","20":"tag-sports","21":"tag-williams-f1"},"share_on_mastodon":{"url":"","error":""},"_links":{"self":[{"href":"https:\/\/www.europesays.com\/es\/wp-json\/wp\/v2\/posts\/183206","targetHints":{"allow":["GET"]}}],"collection":[{"href":"https:\/\/www.europesays.com\/es\/wp-json\/wp\/v2\/posts"}],"about":[{"href":"https:\/\/www.europesays.com\/es\/wp-json\/wp\/v2\/types\/post"}],"author":[{"embeddable":true,"href":"https:\/\/www.europesays.com\/es\/wp-json\/wp\/v2\/users\/2"}],"replies":[{"embeddable":true,"href":"https:\/\/www.europesays.com\/es\/wp-json\/wp\/v2\/comments?post=183206"}],"version-history":[{"count":0,"href":"https:\/\/www.europesays.com\/es\/wp-json\/wp\/v2\/posts\/183206\/revisions"}],"wp:featuredmedia":[{"embeddable":true,"href":"https:\/\/www.europesays.com\/es\/wp-json\/wp\/v2\/media\/183207"}],"wp:attachment":[{"href":"https:\/\/www.europesays.com\/es\/wp-json\/wp\/v2\/media?parent=183206"}],"wp:term":[{"taxonomy":"category","embeddable":true,"href":"https:\/\/www.europesays.com\/es\/wp-json\/wp\/v2\/categories?post=183206"},{"taxonomy":"post_tag","embeddable":true,"href":"https:\/\/www.europesays.com\/es\/wp-json\/wp\/v2\/tags?post=183206"}],"curies":[{"name":"wp","href":"https:\/\/api.w.org\/{rel}","templated":true}]}}