{"id":183216,"date":"2025-10-17T16:14:09","date_gmt":"2025-10-17T16:14:09","guid":{"rendered":"https:\/\/www.europesays.com\/es\/183216\/"},"modified":"2025-10-17T16:14:09","modified_gmt":"2025-10-17T16:14:09","slug":"canet-pone-en-marcha-una-campana-para-fomentar-la-lectura","status":"publish","type":"post","link":"https:\/\/www.europesays.com\/es\/183216\/","title":{"rendered":"Canet pone en marcha una campa\u00f1a para fomentar la lectura"},"content":{"rendered":"<p class=\"ft-text ft-helper-closenews\"><strong>El superventas Dan Brown y su \u00faltima <\/strong><a class=\"ft-link ft-link--decoration\" href=\"https:\/\/www.levante-emv.com\/tags\/novela\/\" rel=\"nofollow noopener\" target=\"_blank\"><strong>novela<\/strong><\/a><strong> <\/strong><strong>El \u00faltimo secreto<\/strong><strong> ser\u00e1n los encargados de inaugurar la iniciativa \u201cUn d\u00eda, un<\/strong><a class=\"ft-link ft-link--decoration\" href=\"https:\/\/www.levante-emv.com\/tags\/libro\/\" rel=\"nofollow noopener\" target=\"_blank\"><strong> libro\u201d,<\/strong><\/a><strong> que llevar\u00e1 a cabo la Biblioteca Municipal de <\/strong><a class=\"ft-link ft-link--decoration\" href=\"https:\/\/www.levante-emv.com\/tags\/canet\/\" rel=\"nofollow noopener\" target=\"_blank\"><strong>Canet d\u2019en Berenguer<\/strong><\/a><strong>.<\/strong> La primera de las obra estar\u00e1 disponible este viernes 20 de octubre, la iniciativa se prolongar\u00e1 hasta el jueves 20 de noviembre, y funcionar\u00e1 de lunes a viernes. En total, ser\u00e1n <strong>23 las novelas incluidas en la iniciativa,<\/strong> y ser\u00e1n anunciadas, a primera hora de la ma\u00f1ana, en las redes sociales.<\/p>\n<p class=\"ft-text\">\u201cEs un campa\u00f1a con la que pretendemo<strong>s animar a la gente a acercarse a la biblioteca<\/strong>. Normalmente, el proceso por el que se van<strong> a\u00f1adiendo nuevas obras a los fondos municipales<\/strong> es bastante desconocido y, de hecho, no se puede decir que siga un procedimiento concreto: la gente va a ver qu\u00e9 libros hay y escoge el que m\u00e1s le gusta\u201d, explica <strong>Pere Antoni<\/strong>, alcalde de Canet d\u2019en Berenguer.<\/p>\n<p>Referencia cultural<\/p>\n<p class=\"ft-text\">\u201cLo que queremos <strong>es potenciar el papel de la<\/strong><a class=\"ft-link ft-link--decoration\" href=\"https:\/\/www.levante-emv.com\/tags\/biblioteca\/\" rel=\"nofollow noopener\" target=\"_blank\"><strong> biblioteca<\/strong><\/a><strong> como referencia cultural de Canet, <\/strong>por eso cada d\u00eda anunciaremos una nueva obra disponible en las redes sociales. La idea es que los caneteros y las caneteras est\u00e9n pendientes, aunque sea por curiosidad, de qu\u00e9 t\u00edtulos se van a\u00f1adiendo\u201d.<\/p>\n<p class=\"ft-text\"><strong>As\u00ed, durante cuatro semanas, habr\u00e1 todo tipo de propuestas y para todos los <\/strong><a class=\"ft-link ft-link--decoration\" href=\"https:\/\/www.levante-emv.com\/tags\/lectores\/\" rel=\"nofollow noopener\" target=\"_blank\">lectores<\/a>. \u201cHay de autores y de autoras, drama y comedia, novela negra e hist\u00f3rica, autores consagrados y nuevos talentos, nacionales y extranjeros, grandes editoriales y de nicho, best sellers y obras de culto, literatura juvenil y para mayores y, por supuesto, habr\u00e1 c\u00f3mics\u201d, a\u00f1ade el alcalde. Aunque el criterio que se ha seguido para la selecci\u00f3n ha sido \u00fanicamente el de la calidad, la lista incluye m\u00e1s autoras que autores.<\/p>\n<p>Coste cero<\/p>\n<p class=\"ft-text\"><strong>El coste de la campa\u00f1a \u201cUn d\u00eda, un libro\u201d ser\u00e1 de cero euros ya que todos los libros forman parte de una donaci\u00f3n.<\/strong> <strong>La selecci\u00f3n incluye algunos de los premios literarios m\u00e1s importantes de Espa\u00f1a<\/strong> fallados en los \u00faltimos meses, ya que los libros que forman parte de la selecci\u00f3n son -salvo alguna excepci\u00f3n- obras que se han publicado entre septiembre y octubre, e incluso, en la \u00faltima semana, habr\u00e1 algunas que hayan llegado a las librer\u00edas en noviembre.<\/p>\n<p class=\"ft-text\">Para saber qu\u00e9 nuevo libro se incorpora a la iniciativa, los caneteros y las caneteras tendr\u00e1n que estar pendientes de las redes sociales del ayuntamiento y la biblioteca. <strong>Cada d\u00eda, a primera hora de la ma\u00f1ana, publicar\u00e1n una foto de la portada y una breve sin\u00f3psis del libro del d\u00eda<\/strong>. La elecci\u00f3n de Brown para inaugurar la campa\u00f1a no se debe tanto a la calidad literaria de la obra como al inter\u00e9s que despierta entre los lectores y lectoras.<\/p>\n<p data-close=\"closedContent\" class=\"subscribeHideForDisplay\">Suscr\u00edbete para seguir leyendo<\/p>\n","protected":false},"excerpt":{"rendered":"El superventas Dan Brown y su \u00faltima novela El \u00faltimo secreto ser\u00e1n los encargados de inaugurar la iniciativa&hellip;\n","protected":false},"author":2,"featured_media":183217,"comment_status":"","ping_status":"","sticky":false,"template":"","format":"standard","meta":{"footnotes":""},"categories":[172],"tags":[15093,8286,224,39331,10382,146,147,25,24,260,51826,225,2879,474,1922,23,5015],"class_list":{"0":"post-183216","1":"post","2":"type-post","3":"status-publish","4":"format-standard","5":"has-post-thumbnail","7":"category-libros","8":"tag-15093","9":"tag-bibliotecas","10":"tag-books","11":"tag-canet","12":"tag-el-camp-de-morvedre","13":"tag-entertainment","14":"tag-entretenimiento","15":"tag-es","16":"tag-espana","17":"tag-gente","18":"tag-incentivar","19":"tag-libros","20":"tag-novelas","21":"tag-obras","22":"tag-redes-sociales","23":"tag-spain","24":"tag-visitas"},"share_on_mastodon":{"url":"","error":""},"_links":{"self":[{"href":"https:\/\/www.europesays.com\/es\/wp-json\/wp\/v2\/posts\/183216","targetHints":{"allow":["GET"]}}],"collection":[{"href":"https:\/\/www.europesays.com\/es\/wp-json\/wp\/v2\/posts"}],"about":[{"href":"https:\/\/www.europesays.com\/es\/wp-json\/wp\/v2\/types\/post"}],"author":[{"embeddable":true,"href":"https:\/\/www.europesays.com\/es\/wp-json\/wp\/v2\/users\/2"}],"replies":[{"embeddable":true,"href":"https:\/\/www.europesays.com\/es\/wp-json\/wp\/v2\/comments?post=183216"}],"version-history":[{"count":0,"href":"https:\/\/www.europesays.com\/es\/wp-json\/wp\/v2\/posts\/183216\/revisions"}],"wp:featuredmedia":[{"embeddable":true,"href":"https:\/\/www.europesays.com\/es\/wp-json\/wp\/v2\/media\/183217"}],"wp:attachment":[{"href":"https:\/\/www.europesays.com\/es\/wp-json\/wp\/v2\/media?parent=183216"}],"wp:term":[{"taxonomy":"category","embeddable":true,"href":"https:\/\/www.europesays.com\/es\/wp-json\/wp\/v2\/categories?post=183216"},{"taxonomy":"post_tag","embeddable":true,"href":"https:\/\/www.europesays.com\/es\/wp-json\/wp\/v2\/tags?post=183216"}],"curies":[{"name":"wp","href":"https:\/\/api.w.org\/{rel}","templated":true}]}}