{"id":183311,"date":"2025-10-17T17:13:12","date_gmt":"2025-10-17T17:13:12","guid":{"rendered":"https:\/\/www.europesays.com\/es\/183311\/"},"modified":"2025-10-17T17:13:12","modified_gmt":"2025-10-17T17:13:12","slug":"exhibicion-de-toreo-para-los-usuarios-de-la-residencia-sebastian-estepa-llaurens","status":"publish","type":"post","link":"https:\/\/www.europesays.com\/es\/183311\/","title":{"rendered":"Exhibici\u00f3n de toreo para los usuarios de la residencia Sebasti\u00e1n Estepa Llaurens"},"content":{"rendered":"\n<p>El patio Alejandro Sanz de la residencia para personas mayores Sebasti\u00e1n Estepa Llaurens fue el lugar encargado de acoger la exhibici\u00f3n de toreo de sal\u00f3n en el marco de las celebraciones por la feria, seg\u00fan <b>informa \u00c1lex Roig<\/b>. Este espect\u00e1culo fue organizado por la Escuela Taurina de Ja\u00e9n y cont\u00f3 con la participaci\u00f3n de varios de sus alumnos que realizaron una magn\u00edfica muestra de sus movimientos para el deleite de los mayores residentes. Este acto estuvo dirigido por Antonio Sutil, director gerente de la escuela, qui\u00e9n cont\u00f3 sobre este acto: \u201cEs muy bonito, ya que ellos no se pueden desplazar a la feria pues somos los encargados de traerles aqu\u00ed un trocito de la tauromaquia y que disfruten de ella\u201d. A este espect\u00e1culo acudieron alumnos de distintas edades, incluido un ni\u00f1o de 6 a\u00f1os que cautiv\u00f3 a todos los presentes. Emilio Espigares fue uno de alumnos y recalc\u00f3: \u201cVer a la gente mayor disfrutar, esas caras de felicidad nos llenan de orgullo como toreros y novilleros\u201d.<\/p>\n","protected":false},"excerpt":{"rendered":"El patio Alejandro Sanz de la residencia para personas mayores Sebasti\u00e1n Estepa Llaurens fue el lugar encargado de&hellip;\n","protected":false},"author":2,"featured_media":183312,"comment_status":"","ping_status":"","sticky":false,"template":"","format":"standard","meta":{"footnotes":""},"categories":[277],"tags":[373,168,25,24,23,167,374],"class_list":{"0":"post-183311","1":"post","2":"type-post","3":"status-publish","4":"format-standard","5":"has-post-thumbnail","7":"category-toreo","8":"tag-bullfighting","9":"tag-deportes","10":"tag-es","11":"tag-espana","12":"tag-spain","13":"tag-sports","14":"tag-toreo"},"share_on_mastodon":{"url":"","error":""},"_links":{"self":[{"href":"https:\/\/www.europesays.com\/es\/wp-json\/wp\/v2\/posts\/183311","targetHints":{"allow":["GET"]}}],"collection":[{"href":"https:\/\/www.europesays.com\/es\/wp-json\/wp\/v2\/posts"}],"about":[{"href":"https:\/\/www.europesays.com\/es\/wp-json\/wp\/v2\/types\/post"}],"author":[{"embeddable":true,"href":"https:\/\/www.europesays.com\/es\/wp-json\/wp\/v2\/users\/2"}],"replies":[{"embeddable":true,"href":"https:\/\/www.europesays.com\/es\/wp-json\/wp\/v2\/comments?post=183311"}],"version-history":[{"count":0,"href":"https:\/\/www.europesays.com\/es\/wp-json\/wp\/v2\/posts\/183311\/revisions"}],"wp:featuredmedia":[{"embeddable":true,"href":"https:\/\/www.europesays.com\/es\/wp-json\/wp\/v2\/media\/183312"}],"wp:attachment":[{"href":"https:\/\/www.europesays.com\/es\/wp-json\/wp\/v2\/media?parent=183311"}],"wp:term":[{"taxonomy":"category","embeddable":true,"href":"https:\/\/www.europesays.com\/es\/wp-json\/wp\/v2\/categories?post=183311"},{"taxonomy":"post_tag","embeddable":true,"href":"https:\/\/www.europesays.com\/es\/wp-json\/wp\/v2\/tags?post=183311"}],"curies":[{"name":"wp","href":"https:\/\/api.w.org\/{rel}","templated":true}]}}