{"id":183314,"date":"2025-10-17T17:18:07","date_gmt":"2025-10-17T17:18:07","guid":{"rendered":"https:\/\/www.europesays.com\/es\/183314\/"},"modified":"2025-10-17T17:18:07","modified_gmt":"2025-10-17T17:18:07","slug":"la-sorprendente-revelacion-de-norris-y-las-repercusiones-de-tocar-una-rueda-a-piastri","status":"publish","type":"post","link":"https:\/\/www.europesays.com\/es\/183314\/","title":{"rendered":"La sorprendente revelaci\u00f3n de Norris y las \u00abrepercusiones\u00bb de tocar una rueda a Piastri"},"content":{"rendered":"\n<p> <a href=\"https:\/\/www.elconfidencial.com\/deportes\/formula-1\/2025-10-10\/norris-piastri-mclaren-titulo-de-pilotos_4223354\/\" target=\"_self\" rel=\"nofollow noopener\">Lando Norris sorprendi\u00f3<\/a> con su confesi\u00f3n en la v\u00edsperas del <strong>Gran Premio de Estados Unidos<\/strong>. \u00abPor supuesto, hubo conversaciones, era inevitable. El equipo me responsabiliz\u00f3 de lo sucedido (en Marina Bay), lo cual creo que es justo. A partir de ah\u00ed, <strong>avanzamos en comprender las repercusiones para m\u00ed <\/strong>y en evitar algo&#8230; digamos, definitivamente, evitar que sucediera algo peor de lo que hice\u00bb. <\/p>\n<p> El brit\u00e1nico reconoci\u00f3 que <a href=\"https:\/\/www.elconfidencial.com\/deportes\/formula-1\/2025-04-15\/lando-norris-favorito-campeon-formula-1-caracter_4108848\/\" target=\"_self\" rel=\"nofollow noopener\">el incidente en la salida de Singapur tiene o tendr\u00e1 consecuencias en el futuro<\/a>. No especific\u00f3 el alcance de las mismas, si son condicionales a que se repita una situaci\u00f3n parecida, de naturaleza econ\u00f3mica o que puedan tener impacto en la lucha por el t\u00edtulo. <strong>\u00bfPor qu\u00e9 Norris revelar\u00eda su situaci\u00f3n? <\/strong>En principio, se tratar\u00eda de un asunto interno tanto para el piloto como el equipo. Qui\u00e9n sabe si el brit\u00e1nico lo hizo para <strong>cubrirse las espaldas<\/strong> en el futuro. <\/p>\n<p> El incidente de Marina Bay fue uno de tantos en esos fren\u00e9ticos momentos de tensi\u00f3n y adrenalina en una salida, donde no siempre es posible ejercer el control absoluto del monoplaza. Sin embargo, las palabras de Norris revelan <a href=\"https:\/\/www.elconfidencial.com\/deportes\/formula-1\/2025-10-15\/max-verstappen-red-bull-oscar-piastri-lando-norris-mclaren_4228139\/\" target=\"_self\" rel=\"nofollow noopener\">hasta qu\u00e9 punto arriesga complicarse la vida en las pr\u00f3ximas carreras<\/a> con su as\u00e9ptica pol\u00edtica de equidad total.<strong> Max Verstappen se encarg\u00f3 de poner el dedo en la llaga<\/strong>. <\/p>\n<p>               El adelantamiento con toque de Norris a Piastri. (Florent Gooden\/DPPI\/AFP7)            Un pecado a expurgar           <\/p>\n<p> Al terminar el pasado gran premio,<strong> Zak Brown calific\u00f3 el incidente entre sus pilotos como hard racing<\/strong>, es decir, juego duro, pero sin pasar una barrera. Aunque en los despachos s\u00ed fue m\u00e1s all\u00e1. Norris no fue oficialmente sancionado (normal), ni tampoco el equipo pidi\u00f3 intercambio de posiciones en carrera, una decisi\u00f3n que hubiera resultado muy pol\u00e9mica despu\u00e9s de Monza. Hard racing, pero menos. <\/p>\n<p> \u00abCreo que algo que siempre hemos hecho bien como equipo es usar y progresar <strong>con el marco que nos permite a ambos pilotos confiar los unos en los otros y en el equipo<\/strong>. Y esa es una de las razones principales por las que somos una escuder\u00eda m\u00e1s fuerte que las dem\u00e1s\u00bb, explicaba el brit\u00e1nico, quien enmarcaba todo en un contexto constructivo y positivo. <\/p>\n<p> \u00ab<strong>La regla es no chocar entre s\u00ed<\/strong>. Esto no fue un accidente, fue algo mucho menor, pero aun as\u00ed<strong> no queremos llegar a ese punto <\/strong>porque provoca este tipo de problemas y eso nunca es bueno\u00bb. Que dos pilotos que luchan por el t\u00edtulo se toquen las ruedas forma parte del juego, siempre que no se exceda del reglamento. En McLaren, sin embargo, se ha convertido en un pecado a expurgar.<strong> <\/strong>\u00ab<strong>As\u00ed que queremos evitar algo como lo que tuvimos en Singapur<\/strong>. Creo que, al final, entendemos que esto es competici\u00f3n y es dif\u00edcil ser siempre perfecto. No quer\u00eda que pasara lo que pas\u00f3. Pero nunca voy a dejar pasar una oportunidad\u00bb. \u00bfEntonces? <\/p>\n<blockquote class=\"twitter-tweet\">\n<p lang=\"en\" dir=\"ltr\">The McLaren duo reflect on the \u00abrepercussions\u00bb of their first-lap clash in Singapore \u2694\ufe0f\ud83d\udde3\ufe0f<a href=\"https:\/\/twitter.com\/hashtag\/F1?src=hash&amp;ref_src=twsrc%5Etfw\" rel=\"nofollow noopener\" target=\"_blank\">#F1<\/a> <a href=\"https:\/\/twitter.com\/hashtag\/USGP?src=hash&amp;ref_src=twsrc%5Etfw\" rel=\"nofollow noopener\" target=\"_blank\">#USGP<\/a> <a href=\"https:\/\/t.co\/THo6TM1lrq\" rel=\"nofollow\">pic.twitter.com\/THo6TM1lrq<\/a><\/p>\n<p>\u2014 Formula 1 (@F1) <a href=\"https:\/\/twitter.com\/F1\/status\/1978962063289364925?ref_src=twsrc%5Etfw\" rel=\"nofollow noopener\" target=\"_blank\">October 16, 2025<\/a><\/p><\/blockquote>\n<p>            El marco establecido por todos           <\/p>\n<p> \u00abTuvimos una situaci\u00f3n en la que hubo contacto entre nuestros coches, as\u00ed que esto requiri\u00f3 una revisi\u00f3n seg\u00fan el marco que usamos para competir juntos como equipo, con Lando y Oscar\u00bb, explica <strong>Andrea Stella,<\/strong> el responsable de McLaren. \u00ab<a href=\"https:\/\/www.elconfidencial.com\/deportes\/formula-1\/2025-09-02\/norris-piastri-mclaren-andrea-stella_4200413\/\" target=\"_self\" rel=\"nofollow noopener\">Es un marco que Lando, Oscar<\/a><strong> y el equipo han establecido y, en \u00faltima instancia<\/strong>, es mi responsabilidad y la de Zak asegurarnos de que se aplique de forma consistente durante la temporada\u00bb. <\/p>\n<p> \u00ab<strong>Las repercusiones o consecuencias forman parte de nuestro marco de trabajo<\/strong>\u00ab, afirma Stella al respecto en referencia a las palabras de Norris. \u00abEsto es algo que ambos pilotos deseaban tener en el contexto de las carreras. Para m\u00ed, era parte de la revisi\u00f3n, discutir esto sin los pilotos. Han sido aceptadas y ahora estamos listos para centrarnos en maximizar el rendimiento del coche y encontrar de nuevo la senda del triunfo\u00bb. <\/p>\n<p> <a href=\"https:\/\/www.elconfidencial.com\/deportes\/formula-1\/2024-09-24\/mclaren-zak-brown-norris-piastri-titulo_3965258\/\" target=\"_self\" rel=\"nofollow noopener\">Norris tambi\u00e9n quiso restar trascendencia<\/a> a esas papaya rules que rigen la etiqueta entre sus pilotos. \u00abMucha gente tiene otra opini\u00f3n desde fuera pero, internamente, es bastante simple\u00bb, explicaba el brit\u00e1nico. \u00abUno cree que hay much\u00edsimas reglas, pero no es as\u00ed. <strong>Hay muy poco y es muy simple<\/strong>. A la gente le gusta hablar mucho de ello y sacarlo a relucir, pero son muy pocas cosas y creo que siempre las entendemos\u00bb. Desde fuera, efectivamente, se entiende menos. <\/p>\n<blockquote class=\"twitter-tweet\">\n<p lang=\"en\" dir=\"ltr\">New suit, who dis? \ud83d\ude0f<a href=\"https:\/\/twitter.com\/hashtag\/McLaren?src=hash&amp;ref_src=twsrc%5Etfw\" rel=\"nofollow noopener\" target=\"_blank\">#McLaren<\/a> | <a href=\"https:\/\/twitter.com\/hashtag\/USGP?src=hash&amp;ref_src=twsrc%5Etfw\" rel=\"nofollow noopener\" target=\"_blank\">#USGP<\/a> \ud83c\uddfa\ud83c\uddf8 | <a href=\"https:\/\/twitter.com\/GeminiApp?ref_src=twsrc%5Etfw\" rel=\"nofollow noopener\" target=\"_blank\">@GeminiApp<\/a> \u2728 <a href=\"https:\/\/t.co\/6ovH8OrHr7\" rel=\"nofollow\">pic.twitter.com\/6ovH8OrHr7<\/a><\/p>\n<p>\u2014 McLaren (@McLarenF1) <a href=\"https:\/\/twitter.com\/McLarenF1\/status\/1978945637681893693?ref_src=twsrc%5Etfw\" rel=\"nofollow noopener\" target=\"_blank\">October 16, 2025<\/a><\/p><\/blockquote>\n<p> <strong>Porque el equipo brit\u00e1nico tambi\u00e9n afronta la fiscalizaci\u00f3n de los medios y los aficionados<\/strong>, y sus intentos de asepsia amenazan con boicotear la esencia de la competici\u00f3n en su af\u00e1n de controlar cada m\u00ednimo detalle. Si las reglas son no tocarse, \u00bfc\u00f3mo van a evitar ese riesgo Piastri y Norris? <strong>\u00bfPoniendo el intermitente?<\/strong> <\/p>\n<p>                \u00abEllos mismos han creado esto\u00bb           <\/p>\n<p> <a href=\"https:\/\/www.elconfidencial.com\/deportes\/formula-1\/2025-10-15\/max-verstappen-red-bull-oscar-piastri-lando-norris-mclaren_4228139\/\" target=\"_self\" rel=\"nofollow noopener\">Verstappen aport\u00f3 el criterio carrerista<\/a> <strong>en Austin<\/strong> y seguro que sonreir\u00eda al enterarse de la revelaci\u00f3n de Norris tanto como ironiz\u00f3 por la radio en Monza cuando se enter\u00f3 de que McLaren hab\u00eda pedido a Piastri dejar paso a Norris tras su lenta parada en boxes. <\/p>\n<blockquote class=\"twitter-tweet\">\n<p lang=\"en\" dir=\"ltr\">A week ago today we became Constructors&#8217; World Champions \ud83c\udfc6\ud83e\udde1<a href=\"https:\/\/twitter.com\/hashtag\/McLaren?src=hash&amp;ref_src=twsrc%5Etfw\" rel=\"nofollow noopener\" target=\"_blank\">#McLaren<\/a> <a href=\"https:\/\/t.co\/Qk7pCsSpGL\" rel=\"nofollow\">pic.twitter.com\/Qk7pCsSpGL<\/a><\/p>\n<p>\u2014 McLaren (@McLarenF1) <a href=\"https:\/\/twitter.com\/McLarenF1\/status\/1977305744736149557?ref_src=twsrc%5Etfw\" rel=\"nofollow noopener\" target=\"_blank\">October 12, 2025<\/a><\/p><\/blockquote>\n<p> \u00abSi dejas la puerta entreabierta como hizo Oscar en Singapur, podr\u00edas acabar en una situaci\u00f3n as\u00ed\u00bb, explicaba el neerland\u00e9s con buen criterio. \u00abPor otro lado, <strong>ellos mismos crearon esto al esforzarse tanto en igualar las cosas con ciertas acciones<\/strong>\u00ab, declaraba al respecto. \u00abUn campeonato nunca es cien por ciento justo en ciertos momentos. A veces, hay una mala parada en boxes, a veces se rompe un motor\u2026. Creo que no se puede equilibrar esto. <strong>En McLaren lo ven de otra manera<\/strong>, pero es mi opini\u00f3n. Es muy dif\u00edcil y eso es lo que a veces genera frustraci\u00f3n\u00bb. <\/p>\n<p> El cuerpo a cuerpo entre Lando Norris y Oscar Piastri <strong>es inevitable seg\u00fan se acerque el final del campeonato<\/strong> y ambos tengan que defender su posici\u00f3n o atacar considerando la distancia que les separa en el Mundial. Si para uno de sus pilotos tendr\u00e1 consecuencias tocar su rueda con el otro, \u00bfen qu\u00e9 quiere McLaren convertir las carreras y la lucha por un campeonato del mundo? <\/p>\n<p> <a href=\"https:\/\/www.elconfidencial.com\/deportes\/formula-1\/2025-10-10\/norris-piastri-mclaren-titulo-de-pilotos_4223354\/\" target=\"_self\" rel=\"nofollow noopener\">Lando Norris sorprendi\u00f3<\/a> con su confesi\u00f3n en la v\u00edsperas del <strong>Gran Premio de Estados Unidos<\/strong>. \u00abPor supuesto, hubo conversaciones, era inevitable. El equipo me responsabiliz\u00f3 de lo sucedido (en Marina Bay), lo cual creo que es justo. A partir de ah\u00ed, <strong>avanzamos en comprender las repercusiones para m\u00ed <\/strong>y en evitar algo&#8230; digamos, definitivamente, evitar que sucediera algo peor de lo que hice\u00bb. <\/p>\n<p>              <script async src=\"https:\/\/platform.twitter.com\/widgets.js\" charset=\"utf-8\"><\/script><\/p>\n","protected":false},"excerpt":{"rendered":"Lando Norris sorprendi\u00f3 con su confesi\u00f3n en la v\u00edsperas del Gran Premio de Estados Unidos. \u00abPor supuesto, hubo&hellip;\n","protected":false},"author":2,"featured_media":183315,"comment_status":"","ping_status":"","sticky":false,"template":"","format":"standard","meta":{"footnotes":""},"categories":[270],"tags":[168,25,24,306,271,272,23,167],"class_list":{"0":"post-183314","1":"post","2":"type-post","3":"status-publish","4":"format-standard","5":"has-post-thumbnail","7":"category-formula-1","8":"tag-deportes","9":"tag-es","10":"tag-espana","11":"tag-f1","12":"tag-formula-1","13":"tag-formula1","14":"tag-spain","15":"tag-sports"},"share_on_mastodon":{"url":"","error":""},"_links":{"self":[{"href":"https:\/\/www.europesays.com\/es\/wp-json\/wp\/v2\/posts\/183314","targetHints":{"allow":["GET"]}}],"collection":[{"href":"https:\/\/www.europesays.com\/es\/wp-json\/wp\/v2\/posts"}],"about":[{"href":"https:\/\/www.europesays.com\/es\/wp-json\/wp\/v2\/types\/post"}],"author":[{"embeddable":true,"href":"https:\/\/www.europesays.com\/es\/wp-json\/wp\/v2\/users\/2"}],"replies":[{"embeddable":true,"href":"https:\/\/www.europesays.com\/es\/wp-json\/wp\/v2\/comments?post=183314"}],"version-history":[{"count":0,"href":"https:\/\/www.europesays.com\/es\/wp-json\/wp\/v2\/posts\/183314\/revisions"}],"wp:featuredmedia":[{"embeddable":true,"href":"https:\/\/www.europesays.com\/es\/wp-json\/wp\/v2\/media\/183315"}],"wp:attachment":[{"href":"https:\/\/www.europesays.com\/es\/wp-json\/wp\/v2\/media?parent=183314"}],"wp:term":[{"taxonomy":"category","embeddable":true,"href":"https:\/\/www.europesays.com\/es\/wp-json\/wp\/v2\/categories?post=183314"},{"taxonomy":"post_tag","embeddable":true,"href":"https:\/\/www.europesays.com\/es\/wp-json\/wp\/v2\/tags?post=183314"}],"curies":[{"name":"wp","href":"https:\/\/api.w.org\/{rel}","templated":true}]}}