{"id":183347,"date":"2025-10-17T17:39:08","date_gmt":"2025-10-17T17:39:08","guid":{"rendered":"https:\/\/www.europesays.com\/es\/183347\/"},"modified":"2025-10-17T17:39:08","modified_gmt":"2025-10-17T17:39:08","slug":"alcaraz-reune-lo-mejor-de-los-mejores-pero-me-recuerda-a-federer","status":"publish","type":"post","link":"https:\/\/www.europesays.com\/es\/183347\/","title":{"rendered":"Alcaraz re\u00fane lo mejor de los mejores, pero me recuerda a Federer"},"content":{"rendered":"<p class=\"ft-text\"><strong>Roberto Carretero (Madrid, 1975<\/strong>), una de las grandes voces del tenis en Movistar+, se abre en canal en su autobiograf\u00eda <strong>&#8216;El tenis desde dentro&#8217;<\/strong>, donde explica la desaparici\u00f3n de uno de los mayores talentos que el tenis espa\u00f1ol de los a\u00f1os 90 luc\u00eda por el circuito profesional.<\/p>\n<p class=\"ft-text\">Con \u00e9l, hablamos de su semana grande en la presentaci\u00f3n del libro y de la actualidad del tenis, que vive su etapa final de un a\u00f1o <strong>2025 <\/strong>que sin duda ha tenido un nombre que Roberto conoce a la perfecci\u00f3n, el de <strong>Carlos Alcaraz. <\/strong><\/p>\n<p class=\"ft-text\"><strong>Pregunta: \u00bfQu\u00e9 te ha motivado a escribir este libro en este momento?<\/strong><\/p>\n<p class=\"ft-text\"><strong>Respuesta:<\/strong> La verdad es que, m\u00e1s que una iniciativa m\u00eda, fue una propuesta de la editorial. Pensaron que mi historia pod\u00eda interesar, y me pareci\u00f3 un buen momento para contarla. No fue algo que yo buscara, pero cuando me lo plantearon me atrajo la idea. Son experiencias, proyectos, vivencias\u2026 y me apetec\u00eda compartirlas. No me cost\u00f3 decidirme, sobre todo con una editorial seria detr\u00e1s. Adem\u00e1s, para m\u00ed era un reto bonito.<\/p>\n<p class=\"ft-text\"><strong>P: En el libro hablas tanto de lo bueno como de lo malo de tu carrera. \u00bfQu\u00e9 era lo que m\u00e1s te apetec\u00eda contar?<\/strong><\/p>\n<p class=\"ft-text\"><strong>R:<\/strong> M\u00e1s que contar muchas cosas, quer\u00eda explicar lo que me pas\u00f3. Mucha gente que me sigue se preguntaba qu\u00e9 ocurri\u00f3 conmigo: un chaval joven, que logra muchas cosas y de repente desaparece, y luego aparece en televisi\u00f3n&#8230; Quer\u00eda responder a esas preguntas y contar mi experiencia vital desde mi punto de vista, con honestidad, sin victimismo, pero tambi\u00e9n con reflexi\u00f3n y autocr\u00edtica.<\/p>\n<p class=\"ft-text\">Mi objetivo es que quien lo lea se entretenga, que le guste, que sea un libro f\u00e1cil de leer. Y si adem\u00e1s le sirve para algo \u2014en cualquier \u00e1mbito, no solo en el tenis\u2014, mejor a\u00fan. Es un libro sobre un tenista, s\u00ed, pero no solo para tenistas.<\/p>\n<p class=\"ft-text\"><strong>P: Relatas la dureza del tenis, de los viajes constantes, de estar lejos de los tuyos. \u00bfCrees que el tenista es el deportista que m\u00e1s sufre eso?<\/strong><\/p>\n<p class=\"ft-text\"><strong>R:<\/strong> No s\u00e9 si el que m\u00e1s, pero desde luego uno de los que m\u00e1s. Por la cantidad de torneos, los entrenamientos, los viajes \u2014ya no solo entre ciudades, sino entre continentes\u2014, y por la soledad que conlleva. En el tenis est\u00e1s solo, dentro y fuera de la pista.<\/p>\n<p class=\"ft-text\">A eso se suma la exigencia f\u00edsica. Es un deporte dur\u00edsimo: est\u00e1s arrancando y frenando constantemente, lo que castiga m\u00fasculos y articulaciones. Es casi como un boxeo sin contacto. Muchas horas cada d\u00eda, todo el a\u00f1o\u2026 un marat\u00f3n f\u00edsico y mental.<\/p>\n<p class=\"ft-text\"><strong>P: Alcaraz ha hablado mucho sobre este tema y la importancia de estar cerca de su gente. \u00bfCu\u00e1nta importancia tiene el poder estar bien rodeado y saber gestionar el calendario?<\/strong><\/p>\n<p class=\"ft-text\"><strong>R:<\/strong> Much\u00edsimo. Hoy es m\u00e1s f\u00e1cil, porque se gana m\u00e1s dinero y puedes permitirte viajar con tu gente. Pero antes era distinto. Yo, por ejemplo, pasaba mucho tiempo solo, lejos de casa, y eso pesa. Algunos jugadores ahora viajan con su novia, con su madre, con amigos, con un equipo grande. Eso cambia todo. Yo he vivido ambas etapas, y es muy diferente viajar solo que hacerlo acompa\u00f1ado de los tuyos.<\/p>\n<p class=\"ft-text\"><strong>P: Sobre el calendario, \u00bfcrees que el tenis est\u00e1 sobrepasando sus posibilidades con tanto torneo?<\/strong><\/p>\n<p class=\"ft-text\"><strong>R:<\/strong> Creo que s\u00ed. No tanto por la cantidad de semanas, sino por la densidad de los torneos y la exigencia f\u00edsica. Los cuadros m\u00e1s grandes, los Masters 1000 alargados\u2026 todo suma. A nivel econ\u00f3mico es rentable, claro, pero los jugadores est\u00e1n explotados. Los torneos se alargan, hay m\u00e1s partidos y menos descanso.<\/p>\n<blockquote class=\"ft-mol-quote\" data-aida-quote=\"\"><p>Alcaraz es un jugador \u00fanico que re\u00fane lo mejor de los mejores<\/p><\/blockquote>\n<p class=\"ft-text\"><strong>P: Shangh\u00e1i ha sido la clara demostraci\u00f3n con muchos jugadores abandonando y sufriendo el calor extremo y la fatiga de la temporada. \u00bfEso es bueno para el tenis?<\/strong><\/p>\n<p class=\"ft-text\"><strong>R:<\/strong> Es un mensaje claro. Los jugadores est\u00e1n llegando al l\u00edmite. La humedad, el calor, la acumulaci\u00f3n de partidos\u2026 todo influye. Y los organizadores deber\u00edan tomar nota. El tenis tiene una dificultad a\u00f1adida: no juegas siempre en las mismas condiciones, como en otros deportes. Aqu\u00ed te afecta el calor, el viento, la altitud\u2026 y eso exige mucho m\u00e1s al cuerpo. Es un tema serio y complejo.<\/p>\n<p class=\"ft-text\"><strong>P: Hablando de Alcaraz, \u00bfqu\u00e9 tiene de especial para ti? \u00bfTe recuerda a alguien?<\/strong><\/p>\n<p class=\"ft-text\"><strong>R:<\/strong> Si hay que comparar podr\u00eda decirte que me parece en seg\u00fan que cosas a Roger Federer. En algunos detalles como la poca gesticulaci\u00f3n a la hora de pegarle. Pero al final Alcaraz es un jugador \u00fanico que re\u00fane lo mejor de los mejores. No es que me recuerde a uno en concreto, sino que re\u00fane virtudes de varios.<\/p>\n<p class=\"ft-text\">A nivel t\u00e9cnico y f\u00edsico es impresionante. Si las lesiones le respetan, puede llegar muy lejos. Adem\u00e1s, est\u00e1 evolucionando r\u00e1pido mentalmente, se nota cada pocos meses. Es un jugador diferente a todo lo que hemos visto.<\/p>\n<p class=\"ft-text\"><strong>P: Entre Alcaraz y Sinner, parece que se est\u00e1 formando la rivalidad de la pr\u00f3xima d\u00e9cada. \u00bfVes a alguien capaz de acercarse a su nivel pronto?<\/strong><\/p>\n<p class=\"ft-text\"><strong>R:<\/strong> Ahora mismo es dif\u00edcil. Puede haber varios con talento, pero mantenerse ah\u00ed arriba es otra cosa. En mi libro hablo de eso: las condiciones mentales que hacen falta para sostenerse. Algunos jugadores tienen las armas, pero les cuesta. Cuando chocas una y otra vez con los mejores y no puedes ganarles, es f\u00e1cil acomodarse. Eso le ha pasado a muchos. Sobre todo a Rune, que para m\u00ed es quien re\u00fane las condiciones para poder ser el tercero, pero creo que se ha acomodado con la situaci\u00f3n que tiene actualmente.<\/p>\n<p class=\"ft-text\"><strong>P: En el libro mencionas que tu derecha lleg\u00f3 a ser una de las mejores sobre tierra batida. \u00bfQu\u00e9 golpe te impresiona m\u00e1s hoy en d\u00eda?<\/strong><\/p>\n<p class=\"ft-text\">R: La derecha de Alcaraz, sin duda. Creo que es la mejor de la historia. Hay debate, claro \u2014que si la de Federer, la de Gonz\u00e1lez, la de Nadal\u2014, pero por potencia, variedad y consistencia, me quedo con la suya.<\/p>\n<p class=\"ft-text\"><strong>P: \u00bfQu\u00e9 crees que ha cambiado m\u00e1s en el tenis desde tu \u00e9poca?<\/strong><\/p>\n<p class=\"ft-text\"><strong>R:<\/strong> La profesionalizaci\u00f3n. Todo: la preparaci\u00f3n f\u00edsica, la nutrici\u00f3n, la ciencia aplicada al deporte. Ahora no vemos solo tenistas, vemos aut\u00e9nticos atletas. Eso marca la gran diferencia.<\/p>\n<p class=\"ft-text\"><strong>P: \u00bfHay alg\u00fan jugador actual que te recuerde a ti?<\/strong><\/p>\n<p class=\"ft-text\"><strong>Entrevistado:<\/strong> Salvando las distancias, quiz\u00e1 Alcaraz. No por el estilo, sino por la forma de disfrutar en pista, de conectar con el p\u00fablico, de jugar con variedad. Cuando yo estaba bien f\u00edsicamente y mentalmente, tambi\u00e9n me gustaba vivir el tenis de esa forma: divertida, creativa, expresiva.<\/p>\n<p class=\"ft-text\"><strong>P: Para cerrar, te voy a pedir que te mojes. Entre Alcaraz y Sinner, \u00bfqui\u00e9n crees que ganar\u00e1 m\u00e1s Grand Slams? \u00bfPodr\u00e1n superar a Djokovic?<\/strong><\/p>\n<p class=\"ft-text\"><strong>R:<\/strong> Si consiguen alargar sus carreras tanto como Nadal o Djokovic, creo que s\u00ed. Los r\u00e9cords se baten tambi\u00e9n porque las carreras son m\u00e1s largas. Si ambos mantienen ese nivel durante 15 o 18 a\u00f1os, acabar\u00e1n super\u00e1ndolos.<\/p>\n<p class=\"ft-text\">Y entre ellos dos\u2026 dir\u00eda que quiz\u00e1 Alcaraz acabe con m\u00e1s t\u00edtulos de Grand Slam, pero Sinner con m\u00e1s semanas como n\u00famero uno. Y s\u00ed, creo que se necesitan mutuamente.<\/p>\n","protected":false},"excerpt":{"rendered":"Roberto Carretero (Madrid, 1975), una de las grandes voces del tenis en Movistar+, se abre en canal en&hellip;\n","protected":false},"author":2,"featured_media":183348,"comment_status":"","ping_status":"","sticky":false,"template":"","format":"standard","meta":{"footnotes":""},"categories":[274],"tags":[4736,545,26594,168,25,24,1684,4984,15613,23,167,327,326],"class_list":{"0":"post-183347","1":"post","2":"type-post","3":"status-publish","4":"format-standard","5":"has-post-thumbnail","7":"category-tenis","8":"tag-alcaraz","9":"tag-carlos-alcaraz","10":"tag-carretero","11":"tag-deportes","12":"tag-es","13":"tag-espana","14":"tag-mejor","15":"tag-reune","16":"tag-roberto","17":"tag-spain","18":"tag-sports","19":"tag-tenis","20":"tag-tennis"},"share_on_mastodon":{"url":"","error":""},"_links":{"self":[{"href":"https:\/\/www.europesays.com\/es\/wp-json\/wp\/v2\/posts\/183347","targetHints":{"allow":["GET"]}}],"collection":[{"href":"https:\/\/www.europesays.com\/es\/wp-json\/wp\/v2\/posts"}],"about":[{"href":"https:\/\/www.europesays.com\/es\/wp-json\/wp\/v2\/types\/post"}],"author":[{"embeddable":true,"href":"https:\/\/www.europesays.com\/es\/wp-json\/wp\/v2\/users\/2"}],"replies":[{"embeddable":true,"href":"https:\/\/www.europesays.com\/es\/wp-json\/wp\/v2\/comments?post=183347"}],"version-history":[{"count":0,"href":"https:\/\/www.europesays.com\/es\/wp-json\/wp\/v2\/posts\/183347\/revisions"}],"wp:featuredmedia":[{"embeddable":true,"href":"https:\/\/www.europesays.com\/es\/wp-json\/wp\/v2\/media\/183348"}],"wp:attachment":[{"href":"https:\/\/www.europesays.com\/es\/wp-json\/wp\/v2\/media?parent=183347"}],"wp:term":[{"taxonomy":"category","embeddable":true,"href":"https:\/\/www.europesays.com\/es\/wp-json\/wp\/v2\/categories?post=183347"},{"taxonomy":"post_tag","embeddable":true,"href":"https:\/\/www.europesays.com\/es\/wp-json\/wp\/v2\/tags?post=183347"}],"curies":[{"name":"wp","href":"https:\/\/api.w.org\/{rel}","templated":true}]}}