{"id":183351,"date":"2025-10-17T17:42:16","date_gmt":"2025-10-17T17:42:16","guid":{"rendered":"https:\/\/www.europesays.com\/es\/183351\/"},"modified":"2025-10-17T17:42:16","modified_gmt":"2025-10-17T17:42:16","slug":"maccabi-y-hapoel-tel-aviv-solicitan-a-la-euroliga-volver-a-jugar-en-israel","status":"publish","type":"post","link":"https:\/\/www.europesays.com\/es\/183351\/","title":{"rendered":"Maccabi y Hapoel Tel Aviv solicitan a la Euroliga volver a jugar en Israel"},"content":{"rendered":"<p>El <strong>Maccabi<\/strong> y el <strong>Hapoel Tel Aviv<\/strong> han solicitado de manera oficial a la <strong>Euroliga<\/strong> volver a disputar sus partidos como local en Israel, seg\u00fan informa <a href=\"https:\/\/www.lasprovincias.es\/deportes\/valencia-bc\/maccabi-hapoel-presionan-volver-jugar-partidos-euroliga-20251017104541-nt.html#vca=fixed-btn&amp;vso=rrss&amp;vmc=wh&amp;vli=deportes\/valencia-bc\" rel=\"nofollow noopener\" target=\"_blank\">Las Provincias<\/a>. Ambos clubes han remitido un escrito a la organizaci\u00f3n para que se estudie la posibilidad de reanudar la competici\u00f3n en sus pabellones, tras m\u00e1s de un a\u00f1o ejerciendo como anfitriones en sedes neutrales.<\/p>\n<p>Hasta la fecha, los encuentros del Maccabi se han venido celebrando en Belgrado, mientras que el Hapoel ha utilizado Sof\u00eda como su sede provisional. Sin embargo, la reciente evoluci\u00f3n del contexto pol\u00edticoha\u00a0 motivado que los equipos israel\u00edes planteen su regreso a casa. En la petici\u00f3n tambi\u00e9n figura el Hapoel Jerusalem, participante en la Eurocup, que se une a la solicitud de los clubes de Tel Aviv para que todas las competiciones europeas reconsideren la restricci\u00f3n.<\/p>\n<p>El presidente del Hapoel, <strong>Ofer Yannay<\/strong>, ya dej\u00f3 entrever sus intenciones tras el encuentro de Euroliga <a href=\"https:\/\/www.gigantes.com\/euroliga\/valencia-basket-hapoel-tel-aviv-jornada-4-resumen-resultado-cronica\/\" rel=\"nofollow noopener\" target=\"_blank\">ante el <strong>Valencia Baske<\/strong>t<\/a>, cuando despidi\u00f3 al equipo con un mensaje en sus redes: \u201cNos vemos en Tel Aviv\u201d. Una frase que cobra sentido ahora, de cara al pr\u00f3ximo enfrentamiento entre ambos equipos, programado para el 5 de febrero.<\/p>\n<p>Por el momento, el calendario oficial de la Euroliga mantiene como sede para esos partidos a las <strong>ciudades de Sof\u00eda y Belgrado<\/strong>, aunque la solicitud abre la puerta a un posible cambio. La decisi\u00f3n final depender\u00e1 tanto de la organizaci\u00f3n como de las autoridades de los pa\u00edses implicados, que deber\u00e1n valorar las condiciones de seguridad antes de aprobar un eventual regreso a Israel.<\/p>\n<p style=\"text-align: right;\">Foto: Hapoel Tel Aviv<\/p>\n<p><a href=\"https:\/\/www.gigantes.com\/tienda\/hemeroteca\/guia-nba-2025-26-no-1-561-octubre-2025\/\" rel=\"nofollow noopener\" target=\"_blank\"><img loading=\"lazy\" decoding=\"async\" class=\"aligncenter wp-image-761455 size-large\" src=\"https:\/\/www.europesays.com\/es\/wp-content\/uploads\/2025\/10\/INSTAGRAM-2-1024x1024.jpg.webp.webp\" alt=\"Gu\u00eda NBA\" width=\"680\" height=\"680\"  \/><\/a><\/p>\n<p>\u00a0<\/p>\n<p>\t\t\t\t\t<img loading=\"lazy\" decoding=\"async\" src=\"https:\/\/www.europesays.com\/es\/wp-content\/uploads\/2025\/10\/mano.png\" width=\"60\" height=\"60\" alt=\"Deliza hacia abajo\"\/>Sigue deslizando hacia abajo para ver m\u00e1s contenidos<\/p>\n","protected":false},"excerpt":{"rendered":"El Maccabi y el Hapoel Tel Aviv han solicitado de manera oficial a la Euroliga volver a disputar&hellip;\n","protected":false},"author":2,"featured_media":183352,"comment_status":"","ping_status":"","sticky":false,"template":"","format":"standard","meta":{"footnotes":""},"categories":[269],"tags":[299,298,168,25,24,833,39298,50753,23,167],"class_list":{"0":"post-183351","1":"post","2":"type-post","3":"status-publish","4":"format-standard","5":"has-post-thumbnail","7":"category-baloncesto","8":"tag-baloncesto","9":"tag-basketball","10":"tag-deportes","11":"tag-es","12":"tag-espana","13":"tag-euroliga","14":"tag-hapoel-tel-aviv","15":"tag-maccabi-tel-aviv","16":"tag-spain","17":"tag-sports"},"share_on_mastodon":{"url":"","error":""},"_links":{"self":[{"href":"https:\/\/www.europesays.com\/es\/wp-json\/wp\/v2\/posts\/183351","targetHints":{"allow":["GET"]}}],"collection":[{"href":"https:\/\/www.europesays.com\/es\/wp-json\/wp\/v2\/posts"}],"about":[{"href":"https:\/\/www.europesays.com\/es\/wp-json\/wp\/v2\/types\/post"}],"author":[{"embeddable":true,"href":"https:\/\/www.europesays.com\/es\/wp-json\/wp\/v2\/users\/2"}],"replies":[{"embeddable":true,"href":"https:\/\/www.europesays.com\/es\/wp-json\/wp\/v2\/comments?post=183351"}],"version-history":[{"count":0,"href":"https:\/\/www.europesays.com\/es\/wp-json\/wp\/v2\/posts\/183351\/revisions"}],"wp:featuredmedia":[{"embeddable":true,"href":"https:\/\/www.europesays.com\/es\/wp-json\/wp\/v2\/media\/183352"}],"wp:attachment":[{"href":"https:\/\/www.europesays.com\/es\/wp-json\/wp\/v2\/media?parent=183351"}],"wp:term":[{"taxonomy":"category","embeddable":true,"href":"https:\/\/www.europesays.com\/es\/wp-json\/wp\/v2\/categories?post=183351"},{"taxonomy":"post_tag","embeddable":true,"href":"https:\/\/www.europesays.com\/es\/wp-json\/wp\/v2\/tags?post=183351"}],"curies":[{"name":"wp","href":"https:\/\/api.w.org\/{rel}","templated":true}]}}