{"id":183411,"date":"2025-10-17T18:18:11","date_gmt":"2025-10-17T18:18:11","guid":{"rendered":"https:\/\/www.europesays.com\/es\/183411\/"},"modified":"2025-10-17T18:18:11","modified_gmt":"2025-10-17T18:18:11","slug":"trump-dice-que-los-aranceles-del-100-a-china-no-son-sostenibles","status":"publish","type":"post","link":"https:\/\/www.europesays.com\/es\/183411\/","title":{"rendered":"Trump dice que los aranceles del 100% a China no son sostenibles"},"content":{"rendered":"\n<p class=\"yf-1090901\">WASHINGTON, 17 oct (Reuters) &#8211; El presidente de Estados Unidos, Donald Trump, dijo el viernes que su propuesta de imponer un arancel del 100% a los productos procedentes de China no es sostenible, a\u00f1adiendo que se reunir\u00e1 con el presidente chino, Xi Jinping, en dos semanas y que cree que las cosas ir\u00e1n bien.<\/p>\n<p class=\"yf-1090901\">\u00abNo es sostenible, pero esa es la cifra\u00bb, dijo Trump en una entrevista con Fox Business Network. \u00abMe obligaron a hacerlo\u00bb.<\/p>\n<p class=\"yf-1090901\">(Reporte de Doina Chiacu y Susan Heavey; editado en espa\u00f1ol por Carlos Serrano)<\/p>\n","protected":false},"excerpt":{"rendered":"WASHINGTON, 17 oct (Reuters) &#8211; El presidente de Estados Unidos, Donald Trump, dijo el viernes que su propuesta&hellip;\n","protected":false},"author":2,"featured_media":183412,"comment_status":"","ping_status":"","sticky":false,"template":"","format":"standard","meta":{"footnotes":""},"categories":[42],"tags":[17,18,51863,1615,352,13,14,51862,11,61,62,63,64,19,20,9,10,15,16,14279,51861,12,21,22,65,66,67,13847],"class_list":{"0":"post-183411","1":"post","2":"type-post","3":"status-publish","4":"format-standard","5":"has-post-thumbnail","7":"category-internacional","8":"tag-breaking-news","9":"tag-breakingnews","10":"tag-carlos-serrano","11":"tag-china","12":"tag-donald-trump","13":"tag-featured-news","14":"tag-featurednews","15":"tag-fox-business-network","16":"tag-headlines","17":"tag-internacional","18":"tag-international","19":"tag-international-news","20":"tag-internationalnews","21":"tag-latest-news","22":"tag-latestnews","23":"tag-news","24":"tag-noticias","25":"tag-noticias-destacadas","26":"tag-noticiasdestacadas","27":"tag-presidente-de-estados-unidos","28":"tag-susan-heavey","29":"tag-titulares","30":"tag-ultimas-noticias","31":"tag-ultimasnoticias","32":"tag-world","33":"tag-world-news","34":"tag-worldnews","35":"tag-xi-jinping"},"share_on_mastodon":{"url":"","error":""},"_links":{"self":[{"href":"https:\/\/www.europesays.com\/es\/wp-json\/wp\/v2\/posts\/183411","targetHints":{"allow":["GET"]}}],"collection":[{"href":"https:\/\/www.europesays.com\/es\/wp-json\/wp\/v2\/posts"}],"about":[{"href":"https:\/\/www.europesays.com\/es\/wp-json\/wp\/v2\/types\/post"}],"author":[{"embeddable":true,"href":"https:\/\/www.europesays.com\/es\/wp-json\/wp\/v2\/users\/2"}],"replies":[{"embeddable":true,"href":"https:\/\/www.europesays.com\/es\/wp-json\/wp\/v2\/comments?post=183411"}],"version-history":[{"count":0,"href":"https:\/\/www.europesays.com\/es\/wp-json\/wp\/v2\/posts\/183411\/revisions"}],"wp:featuredmedia":[{"embeddable":true,"href":"https:\/\/www.europesays.com\/es\/wp-json\/wp\/v2\/media\/183412"}],"wp:attachment":[{"href":"https:\/\/www.europesays.com\/es\/wp-json\/wp\/v2\/media?parent=183411"}],"wp:term":[{"taxonomy":"category","embeddable":true,"href":"https:\/\/www.europesays.com\/es\/wp-json\/wp\/v2\/categories?post=183411"},{"taxonomy":"post_tag","embeddable":true,"href":"https:\/\/www.europesays.com\/es\/wp-json\/wp\/v2\/tags?post=183411"}],"curies":[{"name":"wp","href":"https:\/\/api.w.org\/{rel}","templated":true}]}}