{"id":183413,"date":"2025-10-17T18:19:12","date_gmt":"2025-10-17T18:19:12","guid":{"rendered":"https:\/\/www.europesays.com\/es\/183413\/"},"modified":"2025-10-17T18:19:12","modified_gmt":"2025-10-17T18:19:12","slug":"cuatro-familiares-por-fallecido-con-protagonismo-para-victimas-y-casa-real-sobre-consell-y-gobierno","status":"publish","type":"post","link":"https:\/\/www.europesays.com\/es\/183413\/","title":{"rendered":"Cuatro familiares por fallecido con protagonismo para v\u00edctimas y Casa Real sobre Consell y Gobierno"},"content":{"rendered":"<p class=\"ft-text ft-helper-closenews\">A <strong>Rosa \u00c1lvarez <\/strong>la reuni\u00f3n le ha \u201cremovido\u201d y se le notaba en la expresi\u00f3n. Ha sido un encuentro largo, de m\u00e1s de dos horas, primero con la vicepresidenta del Gobierno de Espa\u00f1a, <a class=\"ft-link ft-link--decoration\" href=\"https:\/\/www.levante-emv.com\/tags\/yolanda-diaz\/\" target=\"_blank\" rel=\"nofollow noopener\">Yolanda D\u00edaz<\/a>, y m\u00e1s tarde con la delegada del Gobierno en la Comunitat Valenciana, <a class=\"ft-link ft-link--decoration\" href=\"https:\/\/www.levante-emv.com\/tags\/pilar-bernabe\/\" target=\"_blank\" rel=\"nofollow noopener\">Pilar Bernab\u00e9<\/a>. <strong>Representantes de las tres asociaciones mayoritarias de v\u00edctimas y damnificados de la dana &#8211; la <\/strong><a href=\"http:\/\/facebook.com\/p\/Asociaci%C3%B3n-Victimas-mortales-DANA-29-O-61578068491256\/\" class=\"ft-link ft-link--decoration\" rel=\"nofollow noopener\" target=\"_blank\"><strong>Asociaci\u00f3n de V\u00edctimas Mortales Dana 29-O<\/strong><\/a><strong>, la <\/strong><a href=\"https:\/\/associaciodevictimesdana.com\/\" class=\"ft-link ft-link--decoration\" rel=\"nofollow noopener\" target=\"_blank\"><strong>Associaci\u00f3 de V\u00edctimes Dana 29 d\u2019Octubre<\/strong><\/a><strong> y la<\/strong><a href=\"https:\/\/asociaciondamnificadosdana.com\/\" class=\"ft-link ft-link--decoration\" rel=\"nofollow noopener\" target=\"_blank\"><strong> Asociaci\u00f3n Damnificados Dana Horta Sud-<\/strong><\/a><strong> <\/strong>se han reunido con la<strong> vicepresidenta del Gobierno, Yolanda D\u00edaz<\/strong> en la sede de la Mancomunitat de l\u2019Horta Sud, aprovechando la visita de D\u00edaz para presentar a los agentes sociales y a las entidades del tercer sector la ampliaci\u00f3n del plan de empleo postdana.\u00a0 Pero la emocionalidad no ha venido por la longitud del encuentro, sino por uno de los temas que se han tratado: el funeral de Estado por las v\u00edctimas de la Dana del pasado 29 de octubre de 2024 que, comohan confirmado desde Moncloa, ser\u00e1 a las 18 horas.<\/p>\n<p class=\"ft-text\">Es sobre todo por ver la fecha tan cercana y \u201crevivir las \u00faltimas horas\u201d de su padre y otras 228 personas fallecidas a consecuencia del arrase del agua. Espera que el 29 de octubre de este a\u00f1o sea un d\u00eda de homenaje y, para que eso pueda cumplirse, ya e<a class=\"ft-link ft-link--decoration\" href=\"https:\/\/www.levante-emv.com\/comunitat-valenciana\/2025\/10\/16\/victimas-dana-mazon-funeral-estado-122688123.html\" target=\"_blank\" rel=\"nofollow noopener\">xpres\u00f3 este jueves su deseo de no tener que compartir espacio<\/a> con el president de la Generalitat, <a class=\"ft-link ft-link--decoration\" href=\"https:\/\/www.levante-emv.com\/tags\/carlos-mazon\/\" target=\"_blank\" rel=\"nofollow noopener\">Carlos Maz\u00f3n<\/a>, al que considera el m\u00e1ximo responsable de la muerte de todas las v\u00edctimas.<a class=\"ft-link ft-link--decoration\" href=\"https:\/\/www.levante-emv.com\/comunitat-valenciana\/2025\/10\/17\/mazon-asistira-funeral-dana-debo-122714886.html\" target=\"_blank\" rel=\"nofollow noopener\"> El president ha renunciado a responder<\/a> a trav\u00e9s de los medios \u201ca ninguna asociaci\u00f3n\u201d, as\u00ed que la petici\u00f3n que \u00c1lvarez, presidenta de la Asociaci\u00f3n de V\u00edctimas Mortales Dana 29-O ha hecho al Gobierno de Espa\u00f1a en esta reuni\u00f3n es que, al menos,<strong> el jefe del Consell no interact\u00fae con las familias en el homenaje<\/strong>.<\/p>\n<p><img decoding=\"async\" src=\"https:\/\/www.europesays.com\/es\/wp-content\/uploads\/2025\/10\/73e8a924-f86b-4103-a05b-85d73b2c712b_alta-libre-aspect-ratio_default_0.jpg\" width=\"1200\" height=\"725\" alt=\"La vicepresidenta Yolanda D\u00edaz presenta el plan de empleo postdana a los agentes sociales\" class=\"ft-helper-img-rd\" loading=\"lazy\" hasdataaida=\"true\"\/><\/p>\n<p class=\"ft-helper-fontColor-quaternary ft-helper-fontSize-body-S ft-helper-spacer-t-xxs\">La vicepresidenta Yolanda D\u00edaz presenta el plan de empleo postdana a los agentes sociales  \/ Francisco Calabuig<\/p>\n<p>Protagonismo para la Casa Real<\/p>\n<p class=\"ft-text\">Es una decisi\u00f3n que depender\u00e1, parece l\u00f3gico, del criterio del propio Maz\u00f3n pero, eso s\u00ed, el protocolo del acto dificultar\u00e1 que el president tenga un gran protagonismo. Como han adelantado las propias asociaciones -la de \u00c1lvarez, la Associaci\u00f3 de V\u00edctimes DANA 29 d&#8217;octubre de 2024 y la Asociaci\u00f3n de Damnificados Dana Horta Sud- el papel principal en el acto de funeral de Estado lo tendr\u00e1s las familias y la <a class=\"ft-link ft-link--decoration\" href=\"https:\/\/www.levante-emv.com\/tags\/casa-real\/\" target=\"_blank\" rel=\"nofollow noopener\">Casa Real<\/a>, no tanto el Consell ni el Gobierno de Espa\u00f1a. El acto, que ser\u00e1 muy protocolario y contar\u00e1 con la presencia de representantes de alto nivel pol\u00edtico -los Reyes, el presidente del Gobierno y ministros, adem\u00e1s de la representaci\u00f3n del <a class=\"ft-link ft-link--decoration\" href=\"https:\/\/www.levante-emv.com\/tags\/consell\/\" target=\"_blank\" rel=\"nofollow noopener\">Consell<\/a>&#8211; <strong>priorizar\u00e1 a quienes han perdido a un familiar, adem\u00e1s de a la Casa Real, como instituci\u00f3n que preside el homenaje.<\/strong><\/p>\n<p class=\"ft-text\">En cuanto a las familias de las v\u00edctimas, ya se reclam\u00f3 desde el inicio de los trabajos de preparaci\u00f3n del funeral que nadie que quisiera asistir se quedara sin poder hacerlo por el aforo. Este viernes, Rosa \u00c1lvarez ha confirmado que asistir\u00e1n como m\u00e1ximo cuatro familiares de cada persona fallecida, lo que elevar\u00eda el <strong>n\u00famero de asistentes m\u00e1ximo entre los familiares a 916, <\/strong>en caso de que todos hicieran uso del m\u00e1ximo n\u00famero de invitaciones. La b\u00fasqueda de la m\u00e1xima representaci\u00f3n de familiares ha hecho que el funeral se programe en horario de tarde, para que todos los que trabajan por la ma\u00f1ana puedan asistir. Ser\u00e1 en el<strong> <\/strong><a class=\"ft-link ft-link--decoration\" href=\"https:\/\/www.levante-emv.com\/comunitat-valenciana\/2025\/10\/14\/funeral-estado-dana-tarde-122577111.html\" target=\"_blank\" rel=\"nofollow noopener\"><strong>Museo de las Ciencias Pr\u00edncipe Felipe<\/strong><\/a><strong>, en la Ciudad de las Artes y las Ciencias y<\/strong> en un espacio interior para garantizar que, si llueve, el acto pueda celebrarse.<\/p>\n<p><img decoding=\"async\" src=\"https:\/\/www.europesays.com\/es\/wp-content\/uploads\/2025\/10\/6e9b5f01-3c2a-459b-8c03-bfafc57d9b8f_alta-libre-aspect-ratio_default_0.jpg\" width=\"1200\" height=\"800\" alt=\"Los reyes en el funeral por las v\u00edtimas de la dana en la catedral de Valencia.\" class=\"ft-helper-img-rd\" loading=\"lazy\" hasdataaida=\"true\"\/><\/p>\n<p class=\"ft-helper-fontColor-quaternary ft-helper-fontSize-body-S ft-helper-spacer-t-xxs\">Los reyes en el funeral por las v\u00edtimas de la dana en la catedral de Valencia.  \/ Kai F\u00f6rsterling<\/p>\n<p>\u00abLinchamiento\u00bb en redes<\/p>\n<p class=\"ft-text\">\u00abSalgo bastante removida, no porque haya habido ninguna gran novedad, sino que ya verlo ah\u00ed encima, revivir los \u00faltimos d\u00edas de nuestros familiares, saber que va a acudir la persona que no quisi\u00e9ramos que estuviera ah\u00ed, para nosotros es fundamental\u00bb, ha destacado \u00c1lvarez, en declaraciones tras la reuni\u00f3n con D\u00edaz y Bernab\u00e9. Asegura que casi toda las familias han contestado ya a las invitaciones y hay bastantes credenciales aseguradas. \u00abPara nosotros lo doloroso es saber que va a estar \u00e9l, que va a estar <a class=\"ft-link ft-link--decoration\" href=\"https:\/\/www.levante-emv.com\/tags\/susana-camarero-benitez\/\" target=\"_blank\" rel=\"nofollow noopener\">Susana Camarero<\/a> y va a estar todo su Consell, porque por protocolo es as\u00ed, pero <strong>podr\u00edan tener la deferencia de no acudir\u00bb<\/strong>, ha manifestado.<\/p>\n<p class=\"ft-text\">El Gobierno, a trav\u00e9s de la delegada, ya sab\u00eda de ese malestar, ha dicho \u00c1lvarez. \u00abEse dolor est\u00e1 ah\u00ed, yo sinceramente me he venido abajo porque no pod\u00eda m\u00e1s\u00bb, ha relatado. Desde que este jueves expresara que preferir\u00eda no ver a Maz\u00f3n en el funeral de Estado \u00abfue una llamada continua de medios de comunicaci\u00f3n\u00bb, pero tambi\u00e9n <strong>\u00abun linchamiento en las redes sociales<\/strong>\u00ab. A \u00c1lvarez le acusan de ser de Comprom\u00eds o del PSPV, depende del d\u00eda, dice, as\u00ed que pide a quienes la critican que \u00abse aclaren\u00bb.<\/p>\n<p>\u00abLo \u00fanico que tenemos detr\u00e1s es mucho dolor\u00bb<\/p>\n<p class=\"ft-text\">\u00abHa sido una noche dif\u00edcil porque nuestra asociaci\u00f3n no tiene ning\u00fan perfil pol\u00edtico, cada familiar es de lo que era antes, aunque evidentemente tenemos derecho a opinar\u00bb, ha defendido. De hecho, recalca que hay muchos familiares en su asociaci\u00f3n que que son votantes del Partido Popular: \u00aby tambi\u00e9n lo est\u00e1n pasando igual o peor\u00bb. La han comparado en las \u00faltimas horas con <a class=\"ft-link ft-link--decoration\" href=\"https:\/\/www.levante-emv.com\/espana\/2016\/06\/20\/pilar-manjon-abandona-presidencia-asociacion-12388896.html\" target=\"_blank\" rel=\"nofollow noopener\">Pilar Manj\u00f3n, <\/a>presidenta de la Asociaci\u00f3n 11M Afectados del Terrorismo. \u00abCasi que lo agradezco, porque es una persona digna, una persona que luch\u00f3, pero 21 a\u00f1os despu\u00e9s todav\u00eda est\u00e1n con Pilar Manj\u00f3n\u00bb, a\u00f1ade. Insiste en que las acusaciones de politizaci\u00f3n son falsas y les hacen da\u00f1o. <strong>\u00abNo tenemos detr\u00e1s ni a PSPV ni a Comprom\u00eds, lo \u00fanico que tenemos detr\u00e1s es mucho dolor\u00bb, ha recalcado. <\/strong><\/p>\n<p class=\"ft-text\">Tambi\u00e9n se han dirigido a los medios de comunicaci\u00f3n tras la reuni\u00f3n Maril\u00f3 Gradol\u00ed, presidenta de la Associaci\u00f3 de V\u00edctimes Dana 29 d&#8217;Octubre de 2024, y Christian Lesaec, presidente de la Asociaci\u00f3n de Damnificados DANA Horta Sud, que han aclarado que no estar\u00e1n en el funeral de Estado. Sus <a class=\"ft-link ft-link--decoration\" href=\"https:\/\/www.levante-emv.com\/tags\/asociaciones-victimas-dana\/\" target=\"_blank\" rel=\"nofollow noopener\">asociaciones <\/a>cuentan entre sus inscritos con familiares de v\u00edctimas mortales, aunque en menor n\u00famero que la de \u00c1lvarez, que naci\u00f3 precisamente para representar a las familias de fallecidos. Pero ellos mismos no cuentan con ausencias fruto de la dana entre sus familiares directos, de modo que por respeto<strong> no estar\u00e1n en el homenaje.<\/strong> Tampoco, al menos en el caso de Gradol\u00ed, en las protestas que se celebrar\u00e1n de forma paralela al homenaje, como la marcha por la zona cero que organiza el <a class=\"ft-link ft-link--decoration\" href=\"https:\/\/www.instagram.com\/acordsocialvalencia\/\" target=\"_blank\" rel=\"nofollow noopener\">Acord Social Valenci\u00e0<\/a>. \u00abNosotros somos muy respetuosos con el funeral de Estado y con lo que necesitan las familias y por tanto no estaremos\u00bb, ha dicho.<\/p>\n<p data-close=\"closedContent\" class=\"subscribeHideForDisplay\">Suscr\u00edbete para seguir leyendo<\/p>\n<p><script async src=\"\/\/www.instagram.com\/embed.js\"><\/script><\/p>\n","protected":false},"excerpt":{"rendered":"A Rosa \u00c1lvarez la reuni\u00f3n le ha \u201cremovido\u201d y se le notaba en la expresi\u00f3n. Ha sido un&hellip;\n","protected":false},"author":2,"featured_media":183414,"comment_status":"","ping_status":"","sticky":false,"template":"","format":"standard","meta":{"footnotes":""},"categories":[8],"tags":[36009,51864,17,18,6042,12189,7163,954,1681,779,25,24,2051,12859,13,14,9589,582,11,19,20,9,10,15,16,523,23,12,21,22,4454],"class_list":{"0":"post-183413","1":"post","2":"type-post","3":"status-publish","4":"format-standard","5":"has-post-thumbnail","7":"category-espana","8":"tag-asociaciones","9":"tag-asociaciones-victimas-dana","10":"tag-breaking-news","11":"tag-breakingnews","12":"tag-casa-real","13":"tag-comunitat-valenciana","14":"tag-consell","15":"tag-cuatro","16":"tag-dana","17":"tag-diaz","18":"tag-es","19":"tag-espana","20":"tag-fallecido","21":"tag-familiares","22":"tag-featured-news","23":"tag-featurednews","24":"tag-funeral","25":"tag-gobierno","26":"tag-headlines","27":"tag-latest-news","28":"tag-latestnews","29":"tag-news","30":"tag-noticias","31":"tag-noticias-destacadas","32":"tag-noticiasdestacadas","33":"tag-sera","34":"tag-spain","35":"tag-titulares","36":"tag-ultimas-noticias","37":"tag-ultimasnoticias","38":"tag-yolanda-diaz"},"share_on_mastodon":{"url":"","error":""},"_links":{"self":[{"href":"https:\/\/www.europesays.com\/es\/wp-json\/wp\/v2\/posts\/183413","targetHints":{"allow":["GET"]}}],"collection":[{"href":"https:\/\/www.europesays.com\/es\/wp-json\/wp\/v2\/posts"}],"about":[{"href":"https:\/\/www.europesays.com\/es\/wp-json\/wp\/v2\/types\/post"}],"author":[{"embeddable":true,"href":"https:\/\/www.europesays.com\/es\/wp-json\/wp\/v2\/users\/2"}],"replies":[{"embeddable":true,"href":"https:\/\/www.europesays.com\/es\/wp-json\/wp\/v2\/comments?post=183413"}],"version-history":[{"count":0,"href":"https:\/\/www.europesays.com\/es\/wp-json\/wp\/v2\/posts\/183413\/revisions"}],"wp:featuredmedia":[{"embeddable":true,"href":"https:\/\/www.europesays.com\/es\/wp-json\/wp\/v2\/media\/183414"}],"wp:attachment":[{"href":"https:\/\/www.europesays.com\/es\/wp-json\/wp\/v2\/media?parent=183413"}],"wp:term":[{"taxonomy":"category","embeddable":true,"href":"https:\/\/www.europesays.com\/es\/wp-json\/wp\/v2\/categories?post=183413"},{"taxonomy":"post_tag","embeddable":true,"href":"https:\/\/www.europesays.com\/es\/wp-json\/wp\/v2\/tags?post=183413"}],"curies":[{"name":"wp","href":"https:\/\/api.w.org\/{rel}","templated":true}]}}