{"id":183415,"date":"2025-10-17T18:20:11","date_gmt":"2025-10-17T18:20:11","guid":{"rendered":"https:\/\/www.europesays.com\/es\/183415\/"},"modified":"2025-10-17T18:20:11","modified_gmt":"2025-10-17T18:20:11","slug":"las-incongruencias-en-su-segunda-declaracion-confirmaron-las-sospechas-de-los-mossos-sobre-el-hijo-del-dueno-de-mango","status":"publish","type":"post","link":"https:\/\/www.europesays.com\/es\/183415\/","title":{"rendered":"Las incongruencias en su segunda declaraci\u00f3n confirmaron las sospechas de los Mossos sobre el hijo del due\u00f1o de Mango"},"content":{"rendered":"<p style=\"\">\u00abHasta que no haya un archivo definitivo, seguiremos investigando\u00bb, as\u00ed de tajantes se muestran fuentes policiales sobre las pesquisas por la muerte del <strong>fundador de Mango<\/strong>, <strong>Isak Andic<\/strong>, despu\u00e9s de que la titular de Instrucci\u00f3n 5 de Martorell (Barcelona) decidiese reabrir la  &#8230; causa en marzo, ante los indicios recabados por un grupo de investigaci\u00f3n de una comisar\u00eda local de los <strong>Mossos d&#8217;Esquadra<\/strong> -la de Martorell-, que, desde un principio, tuvo claro que algunas cosas no cuadraban. Entre estas, las incongruencias que detectaron en la segunda declaraci\u00f3n del hijo del magnate del textil, Jonathan. <\/p>\n<p class=\"voc-p\" style=\"\">As\u00ed, en una primera toma de contacto, entendieron que estas pod\u00edan deberse a su estado de &#8216;shock&#8217; tras el suceso. Entonces explic\u00f3, brevemente, que \u00e9l caminaba delante y que, al girarse, vio como su padre ca\u00eda al vac\u00edo. Pero en un segundo encuentro, de varias horas de duraci\u00f3n, confirmaron sus sospechas por algunas contradicciones, con las evidencias que los propios Mossos hab\u00edan recabado en el lugar del suceso. Por el momento, los investigadores cuentan con una acumulaci\u00f3n de indicios, pero <strong>no existe ninguna prueba concluyente<\/strong> que les permita afirmar que la muerte de Isak Andic no fuese accidental. El fundador del gigante textil falleci\u00f3 el 14 de diciembre de 2024, tras precipitarse desde unos 100 metros de altura en las cuevas de salnitre de Collbat\u00f3, en el macizo de Montserrat, cuando se encontraba de excursi\u00f3n junto a su primog\u00e9nito. Recorrieron juntos un sendero de unos cinco kil\u00f3metros y, en la ruta de vuelta, <strong>Andic cay\u00f3 al vac\u00edo en una zona sin vallar<\/strong>. <\/p>\n<p class=\"voc-p\" style=\"\">Entonces Jonathan llam\u00f3 primero a la mujer de su padre, Estefan\u00eda Knuth, y luego alert\u00f3 al tel\u00e9fono de Emergencias 112, explicando que este se hab\u00eda precipitado a una zona donde \u00e9l no pod\u00eda acceder. Indic\u00f3 entonces que pensaba que estaba inconsciente a consecuencia de la ca\u00edda. S\u00f3lo unos d\u00edas despu\u00e9s del suceso, ya en enero, la instructora archiv\u00f3 las pesquisas tras recibir el resultado de la autopsia, as\u00ed como el informe preliminar de la Polic\u00eda catalana tras las primeras declaraciones -no s\u00f3lo de Jonathan, sino tambi\u00e9n de Knuth-, al concluir que, en aquellos momentos, todo apuntaba a <a href=\"https:\/\/www.abc.es\/economia\/archivan-investigacion-muerte-fundador-mango-ver-indicios-20250116171624-nt.html\" target=\"_self\" data-voc-vtm-id=\"in-text-traffic\" title=\"una ca\u00edda accidental.\" data-mrf-link=\"www.abc.es\" rel=\"nofollow noopener\">una ca\u00edda accidental.<\/a> Por su parte, los investigadores ya hab\u00edan detectado las <strong>incongruencias en el relato del hijo<\/strong> y segu\u00edan con sus pesquisas. <\/p>\n<p class=\"voc-p\" style=\"\">Adem\u00e1s, personas del entorno del fallecido relataron que las relaciones entre padre e hijo no pasaban por su mejor momento. Lo que increment\u00f3 dichas sospechas. As\u00ed, dos meses despu\u00e9s de ese archivo provisional, Instrucci\u00f3n 5 de Martorell <a href=\"https:\/\/www.abc.es\/espana\/cataluna\/juez-reabre-investigacion-muerte-isak-andik-20250304112140-nt.html\" target=\"_self\" data-voc-vtm-id=\"in-text-traffic\" title=\"reabri\u00f3 la causa\" data-mrf-link=\"www.abc.es\" rel=\"nofollow noopener\">reabri\u00f3 la causa<\/a>. Fuentes policiales indicaron entonces que quedaban pendientes por completar algunos informes, como el relativo al <strong>volcado del tel\u00e9fono del empresario<\/strong>, que qued\u00f3 destrozado tras la ca\u00edda. La intenci\u00f3n de los investigadores era tratar de delimitar el itinerario exacto que aquella fecha realizaron padre e hijo. Tambi\u00e9n quer\u00edan obtener los posicionamientos de los terminales de ambos, para reconstruir lo sucedido. Asimismo, seg\u00fan han confirmado fuentes jur\u00eddicas a ABC, <strong>Jonathan entreg\u00f3 su tel\u00e9fono a los investigadores el pasado 9 de septiembre<\/strong>. Para, entre otros, analizar su contenido. Desde llamadas, hasta mensajes, y tambi\u00e9n su recorrido la ma\u00f1ana del suceso. <\/p>\n<p class=\"voc-p\" style=\"\">Motivo por el que su abogado ha formalizado un escrito ante el juzgado de Martorell para que, pese al secreto de la causa, se le notifique la resoluci\u00f3n por la que la Polic\u00eda catalana puede tener acceso al terminal del primog\u00e9nito de los Andic. <\/p>\n<p class=\"voc-p\" style=\"\">As\u00ed, diez meses despu\u00e9s del suceso, y con las actuaciones bajo secreto de sumario, las pesquisas han puesto bajo el foco de la sospecha a<strong> Jonathan<\/strong>, pasando as\u00ed de barajar el accidente como principal hip\u00f3tesis, a centrarse en el posible homicidio, tal y como avanz\u00f3 ayer &#8216;El Pa\u00eds&#8217;. Por su parte, desde el Tribunal Superior de Justicia de Catalu\u00f1a (TSJC) han apuntando que, procesalmente, <strong>la causa \u00aben este momento no se ha dirigido ni se dirige contra ninguna persona concreta<\/strong>\u00bb. Es decir, el primog\u00e9nito no est\u00e1 imputado. <\/p>\n<p class=\"voc-p\" style=\"\">Por su parte, la familia Andic recuerda que \u00abno ha hecho ni har\u00e1 comentarios en todos estos meses sobre el fallecimiento de Isak. Eso s\u00ed, quiere mostrar su respeto con las diligencias que se han practicado al respecto y seguir\u00e1 colaborando como hasta ahora, con las autoridades competentes\u00bb. Adem\u00e1s, indican que est\u00e1n \u00abseguros de que este proceso terminar\u00e1 lo antes posible y <strong>se demostrar\u00e1 la inocencia<\/strong>\u00bb de Jonathan.<\/p>\n","protected":false},"excerpt":{"rendered":"\u00abHasta que no haya un archivo definitivo, seguiremos investigando\u00bb, as\u00ed de tajantes se muestran fuentes policiales sobre las&hellip;\n","protected":false},"author":2,"featured_media":183416,"comment_status":"","ping_status":"","sticky":false,"template":"","format":"standard","meta":{"footnotes":""},"categories":[5],"tags":[17,18,51866,15091,4393,25,24,13,14,11,30,51865,19,20,3907,51346,9,10,15,16,3745,57,41651,23,12,21,22],"class_list":{"0":"post-183415","1":"post","2":"type-post","3":"status-publish","4":"format-standard","5":"has-post-thumbnail","7":"category-titulares","8":"tag-breaking-news","9":"tag-breakingnews","10":"tag-confirmaron","11":"tag-declaracion","12":"tag-dueno","13":"tag-es","14":"tag-espana","15":"tag-featured-news","16":"tag-featurednews","17":"tag-headlines","18":"tag-hijo","19":"tag-incongruencias","20":"tag-latest-news","21":"tag-latestnews","22":"tag-mango","23":"tag-mossos","24":"tag-news","25":"tag-noticias","26":"tag-noticias-destacadas","27":"tag-noticiasdestacadas","28":"tag-segunda","29":"tag-sobre","30":"tag-sospechas","31":"tag-spain","32":"tag-titulares","33":"tag-ultimas-noticias","34":"tag-ultimasnoticias"},"share_on_mastodon":{"url":"","error":""},"_links":{"self":[{"href":"https:\/\/www.europesays.com\/es\/wp-json\/wp\/v2\/posts\/183415","targetHints":{"allow":["GET"]}}],"collection":[{"href":"https:\/\/www.europesays.com\/es\/wp-json\/wp\/v2\/posts"}],"about":[{"href":"https:\/\/www.europesays.com\/es\/wp-json\/wp\/v2\/types\/post"}],"author":[{"embeddable":true,"href":"https:\/\/www.europesays.com\/es\/wp-json\/wp\/v2\/users\/2"}],"replies":[{"embeddable":true,"href":"https:\/\/www.europesays.com\/es\/wp-json\/wp\/v2\/comments?post=183415"}],"version-history":[{"count":0,"href":"https:\/\/www.europesays.com\/es\/wp-json\/wp\/v2\/posts\/183415\/revisions"}],"wp:featuredmedia":[{"embeddable":true,"href":"https:\/\/www.europesays.com\/es\/wp-json\/wp\/v2\/media\/183416"}],"wp:attachment":[{"href":"https:\/\/www.europesays.com\/es\/wp-json\/wp\/v2\/media?parent=183415"}],"wp:term":[{"taxonomy":"category","embeddable":true,"href":"https:\/\/www.europesays.com\/es\/wp-json\/wp\/v2\/categories?post=183415"},{"taxonomy":"post_tag","embeddable":true,"href":"https:\/\/www.europesays.com\/es\/wp-json\/wp\/v2\/tags?post=183415"}],"curies":[{"name":"wp","href":"https:\/\/api.w.org\/{rel}","templated":true}]}}