{"id":183421,"date":"2025-10-17T18:27:09","date_gmt":"2025-10-17T18:27:09","guid":{"rendered":"https:\/\/www.europesays.com\/es\/183421\/"},"modified":"2025-10-17T18:27:09","modified_gmt":"2025-10-17T18:27:09","slug":"bottas-pero-si-bottas-no-corre","status":"publish","type":"post","link":"https:\/\/www.europesays.com\/es\/183421\/","title":{"rendered":"\u00bfBottas? \u00a1Pero si Bottas no corre!"},"content":{"rendered":"<p data-mrf-recirculation=\"Links P\u00e1rrafos\" class=\"ue-c-article__paragraph paragraph ue-c-article--first-letter-highlighted\">Las confusiones tambi\u00e9n pueden <strong>ocurrir en la F\u00f3rmula 1<\/strong>. Y cuando no causan m\u00e1s que una divertida conversaci\u00f3n a trav\u00e9s de la radio, pues son divertidas y no peligrosas. Pas\u00f3 en el estreno <strong>del Gran Premio de los Estados Unidos en el Circuito de las Am\u00e9ricas, <\/strong>con<strong> Isack Hadjar y su ingeniero<\/strong> como protagonistas al intentar descifrar el tr\u00e1fico que se le ven\u00eda encima al talento francoargelino.<\/p>\n<p data-mrf-recirculation=\"Links P\u00e1rrafos\" class=\"ue-c-article__paragraph paragraph\"><strong>Hadjar, <\/strong>que\u00a0vive un Gran Premio lleno de novedades pues jam\u00e1s ha competido en el <strong>COTA,\u00a0<\/strong>se estrenaba en la pista cuando qued\u00f3 chocado por un mensaje desde el muro de Racing Bulls. \u00abBottas ahora, Leclerc a ocho segundos\u00bb, comentaron. \u00abBottas 2, empujando\u00bb, repiti\u00f3 su ingeniero. Y Hadjar mostr\u00f3 su extra\u00f1eza, pues&#8230; Bottas no compite este curso en la F\u00f3rmula 1.<\/p>\n<p data-mrf-recirculation=\"Links P\u00e1rrafos\" class=\"ue-c-article__paragraph paragraph\">\u00abS\u00ed, t\u00edo. Pero para con Bottas. <strong>Bottas no est\u00e1 en pista\u00bb, lanz\u00f3 Hadjar. El ingeniero de RB, l\u00f3gicamente, se hab\u00eda confundido con alg\u00fan veh\u00edculo rival y su piloto se dio cuenta de forma r\u00e1pida. <\/strong>El finland\u00e9s s\u00ed est\u00e1 en el circuito y fue enfocado por la realizaci\u00f3n de la FOM.<\/p>\n<blockquote class=\"ue-c-article__blockquote\">\n<p>S\u00ed, t\u00edo. Pero para con Bottas. Bottas no est\u00e1 en pista<\/p>\n<p>Isack Hadjar<\/p><\/blockquote>\n<p data-mrf-recirculation=\"Links P\u00e1rrafos\" class=\"ue-c-article__paragraph paragraph\">Por su parte, <strong>Bottas <\/strong>volver\u00e1 a la acci\u00f3n en 2026. <strong>El finland\u00e9s fue elegido junto a Sergio P\u00e9rez para encabezar al equipo Cadillac<\/strong> en el desembarco de la firma estadounidense de <strong>General Motors<\/strong> en la clase reina. En este 2025 es el tercer piloto de <strong>Mercedes <\/strong>y un habitual del paddock por si ocurriese algo con <strong>George Russell o Andrea Kimi Antonelli,<\/strong> pareja titular de las <strong>flechas plateadas<\/strong>.<\/p>\n<p><img decoding=\"async\" width=\"2048\" height=\"1152\" class=\"ue-c-article__image lazyload\" alt=\"Valtteri Bottas: 81 Carreras (Gran Premio de Rusia)\" loading=\"lazy\" src=\"https:\/\/www.europesays.com\/es\/wp-content\/uploads\/2025\/10\/17152489464417.jpeg\"\/><\/p>\n<p data-mrf-recirculation=\"Links P\u00e1rrafos\" class=\"ue-c-article__paragraph paragraph\">La confusi\u00f3n del ingeniero de Hadjar no fue la \u00fanica imagen curiosa de la primera sesi\u00f3n de entrenamientos en el <strong>COTA<\/strong>. Acto seguido se vivi\u00f3 una bandera roja por una pieza pr\u00e1cticamente inapreciable que termin\u00f3 en uno de los pianos.<\/p>\n","protected":false},"excerpt":{"rendered":"Las confusiones tambi\u00e9n pueden ocurrir en la F\u00f3rmula 1. Y cuando no causan m\u00e1s que una divertida conversaci\u00f3n&hellip;\n","protected":false},"author":2,"featured_media":183422,"comment_status":"","ping_status":"","sticky":false,"template":"","format":"standard","meta":{"footnotes":""},"categories":[270],"tags":[168,25,24,306,271,272,23,167],"class_list":{"0":"post-183421","1":"post","2":"type-post","3":"status-publish","4":"format-standard","5":"has-post-thumbnail","7":"category-formula-1","8":"tag-deportes","9":"tag-es","10":"tag-espana","11":"tag-f1","12":"tag-formula-1","13":"tag-formula1","14":"tag-spain","15":"tag-sports"},"share_on_mastodon":{"url":"","error":""},"_links":{"self":[{"href":"https:\/\/www.europesays.com\/es\/wp-json\/wp\/v2\/posts\/183421","targetHints":{"allow":["GET"]}}],"collection":[{"href":"https:\/\/www.europesays.com\/es\/wp-json\/wp\/v2\/posts"}],"about":[{"href":"https:\/\/www.europesays.com\/es\/wp-json\/wp\/v2\/types\/post"}],"author":[{"embeddable":true,"href":"https:\/\/www.europesays.com\/es\/wp-json\/wp\/v2\/users\/2"}],"replies":[{"embeddable":true,"href":"https:\/\/www.europesays.com\/es\/wp-json\/wp\/v2\/comments?post=183421"}],"version-history":[{"count":0,"href":"https:\/\/www.europesays.com\/es\/wp-json\/wp\/v2\/posts\/183421\/revisions"}],"wp:featuredmedia":[{"embeddable":true,"href":"https:\/\/www.europesays.com\/es\/wp-json\/wp\/v2\/media\/183422"}],"wp:attachment":[{"href":"https:\/\/www.europesays.com\/es\/wp-json\/wp\/v2\/media?parent=183421"}],"wp:term":[{"taxonomy":"category","embeddable":true,"href":"https:\/\/www.europesays.com\/es\/wp-json\/wp\/v2\/categories?post=183421"},{"taxonomy":"post_tag","embeddable":true,"href":"https:\/\/www.europesays.com\/es\/wp-json\/wp\/v2\/tags?post=183421"}],"curies":[{"name":"wp","href":"https:\/\/api.w.org\/{rel}","templated":true}]}}