{"id":183423,"date":"2025-10-17T18:28:08","date_gmt":"2025-10-17T18:28:08","guid":{"rendered":"https:\/\/www.europesays.com\/es\/183423\/"},"modified":"2025-10-17T18:28:08","modified_gmt":"2025-10-17T18:28:08","slug":"lakovic-debemos-imponer-nuestro-ritmo-ante-el-manresa","status":"publish","type":"post","link":"https:\/\/www.europesays.com\/es\/183423\/","title":{"rendered":"Lakovic: \u00abDebemos imponer nuestro ritmo ante el Manresa\u00bb"},"content":{"rendered":"<p><a class=\"v-mdl-ath__fig-a\" href=\"https:\/\/www.canarias7.es\/autor\/daniel-herrera-rodriguez-6598.html\" title=\"Daniel Herrera Rodr\u00edguez\" rel=\"nofollow noopener\" target=\"_blank\"><br \/>\n<img decoding=\"async\" class=\"v-mdl-ath__img\" src=\"https:\/\/s1.ppllstatics.com\/comun\/img\/2014\/autor\/autor-6598-foto-1.jpeg\" alt=\"Daniel Herrera Rodr\u00edguez\"\/><br \/>\n<\/a><\/p>\n<p class=\"v-mdl-ath__p v-mdl-ath__p--6\">\nViernes, 17 de octubre 2025, 10:40<\/p>\n<p>| Actualizado 11:09h.<\/p>\n<p class=\"v-p\">El t\u00e9cnico del Dreamland Gran Canaria, <strong>Jaka Lakovic<\/strong>, se mostr\u00f3 cauto ante el choque de este s\u00e1bado -17.00 horas- ante el Baxi Manresa, pr\u00f3ximo rival de la Liga Endesa, destacando <strong>\u00abla velocidad\u00bb y \u00abla intensidad\u00bb del conjunto catal\u00e1n<\/strong>, aseverando con ello la necesidad de \u00abimponer nuestro ritmo\u00bb para estrenar el casillero de victorias en la ACB.<\/p>\n<p class=\"v-p\">Adem\u00e1s, el entrenador esloveno reconoci\u00f3 tambi\u00e9n de la \u00abgran dificultad\u00bb que conllevar\u00e1 superar a un rival tan correoso en su feudo, el Nou Congost, una <strong>pista en la cual el equipo isle\u00f1o no gana desde 2020<\/strong>.<\/p>\n<p class=\"v-p\">\u00abCreo que es una cancha complicada para jugar, no solo para el Gran Canaria, sino para todos los equipos\u00bb, asegur\u00f3 el balc\u00e1nico. \u00abAdem\u00e1s de ser una pabell\u00f3n caliente, es muy importante ganar all\u00ed ante un rival que, adem\u00e1s, se muestra mucho m\u00e1s efectivo en casa que a domicilio, donde han ganado los tres partidos all\u00ed\u00bb, agreg\u00f3.<\/p>\n<p class=\"v-p\">\u00ab<strong>Hay que estar al 100% de intensidad, ya que el partido y el rival lo requiere.<\/strong> Debemos mostrar unidad y cohesi\u00f3n, jugar m\u00e1s constantes, sin mostrar tantos altibajos, teniendo en cuenta de que seguimos en fase de ajusta y acoplamiento\u00bb, a\u00f1adi\u00f3.<\/p>\n<p class=\"v-p\">En este sentido, Lakovic destac\u00f3 del rival jugadores como el base Hugo Ben\u00edtez, \u00abque ha tenido un muy buen arranque de temporada\u00bb, as\u00ed como el exterior Alfonso Plummer, \u00abun gran tirador que debemos evitar que se encienda porque puede enganchar muchos triples\u00bb y Grant Golden, \u00abun jugador que puede anotar y crear para sus compa\u00f1eros al ser un gran pasador. <strong>Tenemos que saber c\u00f3mo defender todas estas opciones que tiene el rival<\/strong>\u00bb, analiz\u00f3. <\/p>\n<p class=\"v-p\">\u00abEllos juegan los 40 minutos con un ritmo alto de partido; quieren jugar con r\u00e1pidas transiciones en todo momento. Nosotros debemos evitar que tengas segundas oportunidades, correr m\u00e1s e imponer nuestro ritmo para ganar, cosa que no ser\u00e1 f\u00e1cil\u00bb, insisti\u00f3 Lakovic.<\/p>\n<p class=\"v-p\">No obstante, el preparador amarillo manifest\u00f3 que \u00aba\u00fan no hemos sido capaces de dar ese salto, porque nuestra idea es ir m\u00e1s r\u00e1pido. <strong>Tanto ante el M\u00e1laga como frente al Le Mans ya hemos experimentado c\u00f3mo protegernos ante estilos de juego r\u00e1pidos<\/strong>. Seguimos en fase de crecimiento pero debemos sumar y evolucionar sobre la marcha\u00bb, concluy\u00f3.<\/p>\n<p>Reporta un error<\/p>\n","protected":false},"excerpt":{"rendered":"Viernes, 17 de octubre 2025, 10:40 | Actualizado 11:09h. El t\u00e9cnico del Dreamland Gran Canaria, Jaka Lakovic, se&hellip;\n","protected":false},"author":2,"featured_media":183424,"comment_status":"","ping_status":"","sticky":false,"template":"","format":"standard","meta":{"footnotes":""},"categories":[269],"tags":[1575,299,298,28490,168,25,24,40509,50588,11993,10911,23,167],"class_list":{"0":"post-183423","1":"post","2":"type-post","3":"status-publish","4":"format-standard","5":"has-post-thumbnail","7":"category-baloncesto","8":"tag-ante","9":"tag-baloncesto","10":"tag-basketball","11":"tag-debemos","12":"tag-deportes","13":"tag-es","14":"tag-espana","15":"tag-imponer","16":"tag-lakovic","17":"tag-manresa","18":"tag-ritmo","19":"tag-spain","20":"tag-sports"},"share_on_mastodon":{"url":"","error":""},"_links":{"self":[{"href":"https:\/\/www.europesays.com\/es\/wp-json\/wp\/v2\/posts\/183423","targetHints":{"allow":["GET"]}}],"collection":[{"href":"https:\/\/www.europesays.com\/es\/wp-json\/wp\/v2\/posts"}],"about":[{"href":"https:\/\/www.europesays.com\/es\/wp-json\/wp\/v2\/types\/post"}],"author":[{"embeddable":true,"href":"https:\/\/www.europesays.com\/es\/wp-json\/wp\/v2\/users\/2"}],"replies":[{"embeddable":true,"href":"https:\/\/www.europesays.com\/es\/wp-json\/wp\/v2\/comments?post=183423"}],"version-history":[{"count":0,"href":"https:\/\/www.europesays.com\/es\/wp-json\/wp\/v2\/posts\/183423\/revisions"}],"wp:featuredmedia":[{"embeddable":true,"href":"https:\/\/www.europesays.com\/es\/wp-json\/wp\/v2\/media\/183424"}],"wp:attachment":[{"href":"https:\/\/www.europesays.com\/es\/wp-json\/wp\/v2\/media?parent=183423"}],"wp:term":[{"taxonomy":"category","embeddable":true,"href":"https:\/\/www.europesays.com\/es\/wp-json\/wp\/v2\/categories?post=183423"},{"taxonomy":"post_tag","embeddable":true,"href":"https:\/\/www.europesays.com\/es\/wp-json\/wp\/v2\/tags?post=183423"}],"curies":[{"name":"wp","href":"https:\/\/api.w.org\/{rel}","templated":true}]}}