{"id":183427,"date":"2025-10-17T18:30:08","date_gmt":"2025-10-17T18:30:08","guid":{"rendered":"https:\/\/www.europesays.com\/es\/183427\/"},"modified":"2025-10-17T18:30:08","modified_gmt":"2025-10-17T18:30:08","slug":"jennifer-lopez-explico-por-que-sintio-que-el-super-bowl-con-shakira-fue-la-peor-idea-del-mundo","status":"publish","type":"post","link":"https:\/\/www.europesays.com\/es\/183427\/","title":{"rendered":"Jennifer Lopez explic\u00f3 por qu\u00e9 sinti\u00f3 que el Super Bowl con Shakira fue \u201cla peor idea del mundo\u201d"},"content":{"rendered":"\n<p>La <b>cantante y actriz Jennifer Lopez<\/b> volvi\u00f3 a referirse a su recordado show de medio tiempo del<b> Super Bowl 2020 que protagoniz\u00f3 junto a Shakira, <\/b>tras las controversias que surgieron cuando en su documental de Netflix <b>calific\u00f3 la decisi\u00f3n de compartir el escenario como \u201cla peor idea del mundo\u201d.<\/b><\/p>\n<p>En una entrevista este jueves con The Howard Stern Show, Lopez hizo una aclaraci\u00f3n sobre sus palabras en su documental Jennifer Lopez: Halftime (2022), y <b>reconoci\u00f3 que en su momento sinti\u00f3 frustraci\u00f3n por no tener el tiempo del espect\u00e1culo completo para s\u00ed misma.<\/b><\/p>\n<p>\u201cCuando el Super Bowl vino a m\u00ed, dijeron: \u2018Bueno, \u00bfpor qu\u00e9 no compartes el escenario con Shakira y Gloria Estefan?\u2019. Y Gloria dijo que no. <b>Para m\u00ed, siempre fue un sue\u00f1o hacerlo. Sabes, como mis \u00eddolos, como Madonna, Diana Ross, Prince&#8230; Esperas tu turno<\/b>\u201d, explic\u00f3 Lopez durante la entrevista.<\/p>\n<p>La<b> artista de origen puertorrique\u00f1o<\/b> agreg\u00f3 que, en un principio, le pareci\u00f3 que la industria de la m\u00fasica en Estados Unidos dudaba del <b>poder individual de los artistas latinos.<\/b><\/p>\n<p>\u201cCuando dijeron: \u2018Vas a hacerlo con Shakira o Gloria\u2019, <b>fue casi como si pensaran que un solo artista latino no pod\u00eda hacerlo por s\u00ed mismo.<\/b> Ese fue m\u00e1s el asunto para m\u00ed. <b>Shakira merec\u00eda tener el suyo (Super Bowl) tambi\u00e9n. <\/b>Yo quer\u00eda mi momento, mi oportunidad de hacer lo que siempre hab\u00eda so\u00f1ado\u201d, precis\u00f3 la cantante de 56 a\u00f1os.<\/p>\n<p>Sin embargo, Lopez reconoci\u00f3 que \u201cen retrospectiva, fue perfecto. Fue absolutamente perfecto. Y <b>estoy muy orgullosa de ese Super Bowl y de haber compartido ese escenario con Shakira<\/b>, porque representamos algo importante en ese momento. Dos mujeres que eran madres, latinas, a quienes trabajamos duro y a lo que estaba pasando en el pa\u00eds en ese tiempo\u201d, agreg\u00f3.<\/p>\n<p>Lea aqu\u00ed: <b><a rel=\"nofollow noopener noreferrer\" href=\"https:\/\/www.elcolombiano.com\/entretenimiento\/trump-dice-que-no-conoce-bad-bunny-super-bowl-DC29816775\" target=\"_blank\">Trump asegura que no conoce a Bad Bunny y le parece \u201cabsolutamente rid\u00edculo\u201d que se presente en el Super Bowl <\/a><\/b><\/p>\n<p>La int\u00e9rprete de On the Floor tambi\u00e9n record\u00f3 que su presentaci\u00f3n incluy\u00f3 <b>un mensaje pol\u00edtico<\/b> sobre los ni\u00f1os inmigrantes detenidos en la frontera, un gesto que fue ampliamente comentado.<\/p>\n<p>\u201cHice una declaraci\u00f3n con las jaulas y los ni\u00f1os en jaulas. <b>Hab\u00eda mucho pasando en ese momento,<\/b> y logramos arrojar una luz hermosa sobre eso, en la manera en que hacemos lo que hacemos\u201d.<\/p>\n<p>En la entrevista, <b>L\u00f3pez tambi\u00e9n defendi\u00f3 la presencia de artistas latinos en grandes escenarios como el Super Bowl<\/b>, refiri\u00e9ndose a la pol\u00e9mica sobre <b>Bad Bunny <\/b>al ser elegido como el cantante que encabezar\u00e1 el show en 2026.<\/p>\n<p>\u201c<b>\u00bfPor qu\u00e9 demonios no deber\u00eda cantar en el Super Bowl? Es absurdo. <\/b>Todo eso es una locura\u201d, indic\u00f3.<\/p>\n<p>Finalmente,<b> la artista celebr\u00f3 que la NFL haya apostado por la diversidad cultural<\/b> en sus espect\u00e1culos.<\/p>\n<p>\u201cSoy una artista que se trata de proyectar amor, de ser amor, de poner eso en el universo. Y siento que, como artistas, se trata de compartir ideas diferentes, culturas diferentes, todas esas cosas. <b>As\u00ed que aplaudo a la NFL por hacerlo, especialmente ahora, al decir: \u2018Vamos a poner a este artista aqu\u00ed para que todos lo vean\u2019, <\/b>porque probablemente es el artista m\u00e1s grande del planeta en este momento. Eso, para m\u00ed, es un triunfo para todos nosotros\u201d.<\/p>\n<p>El <b>show del Super Bowl 2020,<\/b> en el que JLo y Shakira interpretaron temas como Jenny from the Block, Hips Don\u2019t Lie y Whenever, Wherever,<b> acompa\u00f1adas por J Balvin y Bad Bunny,<\/b> fue <b>visto por m\u00e1s de 100 millones de personas en todo el mundo <\/b>y marc\u00f3 un hito para la<b> representaci\u00f3n latina <\/b>en uno de los eventos m\u00e1s importantes de la cultura pop y del deporte estadounidense.<\/p>\n<p>Puede leer: <b><a rel=\"nofollow noopener noreferrer\" href=\"https:\/\/www.elcolombiano.com\/entretenimiento\/television\/mtv-porque-se-acaba-el-canal-EL29998936\" target=\"_blank\">\u00bfFin de una era? Lo que fue el canal MTV para la cultura pop<\/a><\/b><\/p>\n","protected":false},"excerpt":{"rendered":"La cantante y actriz Jennifer Lopez volvi\u00f3 a referirse a su recordado show de medio tiempo del Super&hellip;\n","protected":false},"author":2,"featured_media":183428,"comment_status":"","ping_status":"","sticky":false,"template":"","format":"standard","meta":{"footnotes":""},"categories":[174],"tags":[255,146,147,25,24,256,1267,23],"class_list":{"0":"post-183427","1":"post","2":"type-post","3":"status-publish","4":"format-standard","5":"has-post-thumbnail","7":"category-famosos","8":"tag-celebrities","9":"tag-entertainment","10":"tag-entretenimiento","11":"tag-es","12":"tag-espana","13":"tag-famosos","14":"tag-noticias-el-colombiano","15":"tag-spain"},"share_on_mastodon":{"url":"","error":""},"_links":{"self":[{"href":"https:\/\/www.europesays.com\/es\/wp-json\/wp\/v2\/posts\/183427","targetHints":{"allow":["GET"]}}],"collection":[{"href":"https:\/\/www.europesays.com\/es\/wp-json\/wp\/v2\/posts"}],"about":[{"href":"https:\/\/www.europesays.com\/es\/wp-json\/wp\/v2\/types\/post"}],"author":[{"embeddable":true,"href":"https:\/\/www.europesays.com\/es\/wp-json\/wp\/v2\/users\/2"}],"replies":[{"embeddable":true,"href":"https:\/\/www.europesays.com\/es\/wp-json\/wp\/v2\/comments?post=183427"}],"version-history":[{"count":0,"href":"https:\/\/www.europesays.com\/es\/wp-json\/wp\/v2\/posts\/183427\/revisions"}],"wp:featuredmedia":[{"embeddable":true,"href":"https:\/\/www.europesays.com\/es\/wp-json\/wp\/v2\/media\/183428"}],"wp:attachment":[{"href":"https:\/\/www.europesays.com\/es\/wp-json\/wp\/v2\/media?parent=183427"}],"wp:term":[{"taxonomy":"category","embeddable":true,"href":"https:\/\/www.europesays.com\/es\/wp-json\/wp\/v2\/categories?post=183427"},{"taxonomy":"post_tag","embeddable":true,"href":"https:\/\/www.europesays.com\/es\/wp-json\/wp\/v2\/tags?post=183427"}],"curies":[{"name":"wp","href":"https:\/\/api.w.org\/{rel}","templated":true}]}}