{"id":183453,"date":"2025-10-17T18:45:09","date_gmt":"2025-10-17T18:45:09","guid":{"rendered":"https:\/\/www.europesays.com\/es\/183453\/"},"modified":"2025-10-17T18:45:09","modified_gmt":"2025-10-17T18:45:09","slug":"la-asociacion-el-toro-de-madrid-eleva-una-queja-al-delegado-de-gobierno-por-la-manifestacion-antitaurina-de-la-hispanidad-que-puso-en-riesgo-la-seguridad-de-los-aficionados","status":"publish","type":"post","link":"https:\/\/www.europesays.com\/es\/183453\/","title":{"rendered":"La Asociaci\u00f3n El Toro de Madrid eleva una queja al Delegado de Gobierno por la manifestaci\u00f3n antitaurina de la Hispanidad, que \u00abpuso en riesgo la seguridad de los aficionados\u00bb"},"content":{"rendered":"<p style=\"\">El pasado 12 de octubre, las 24.000 personas que acudieron por la tarde a Las Ventas se encontraron una manifestaci\u00f3n antitaurina en los alrededores de la plaza, si bien no multitudinaria, s\u00ed que generaron \u00absituaciones desagradables que pusieron en grave riesgo la integridad y  &#8230; seguridad tanto de los asistentes al festejo como de los ciudadanos presentes en la zona\u00bb, como indica una misiva enviada por la Asociaci\u00f3n El Toro de Madrid al Delegado del Gobierno.<\/p>\n<p class=\"voc-p\" style=\"\">En la carta, se criticaba la simultaneidad de los dos eventos, especialmente por el dif\u00edcil acceso a la explanada de la Monumental, por las obras de remodelaci\u00f3n de la estaci\u00f3n de Metro, lo que limit\u00f3 la entrada, ya que \u00ablos manifestantes bloquearon parcialmente el acceso a la plaza, creando un ambiente de confrontaci\u00f3n que, lejos de fomentar el respeto y el di\u00e1logo, favoreci\u00f3 la animosidad, el insulto y la violencia verbal hacia los aficionados\u00bb.<\/p>\n<p class=\"voc-p\" style=\"\">En 2015, la Direcci\u00f3n General de la Polic\u00eda inform\u00f3 que se prohib\u00edan las manifestaciones antitaurinas en todo el territorio espa\u00f1ol. \u00abMedidas de este tipo responden a un principio elemental de sensatez y prevenci\u00f3n: evitar los conflictos previsibles antes de que se produzcan\u00bb, contin\u00faa explicando, antes de abordar un importante punto: el recordar que la tauromaquia es un espect\u00e1culo cultural protegido por la Ley 18\/2013, de 12 de noviembre, que \u00abla reconoce como parte del Patrimonio Cultural Inmaterial de Espa\u00f1a y garantiza el derecho de todos los ciudadanos a su acceso, promoci\u00f3n y disfrute\u00bb. <\/p>\n<p class=\"voc-p\" style=\"\">Por ello, los aficionados  ejercen su leg\u00edtimo derecho a acudir a un coso, y permitir que \u00absean insultados, hostigados o coaccionados supone una vulneraci\u00f3n y una falta de protecci\u00f3n por parte de las autoridades competentes, que tienen la obligaci\u00f3n de garantizar un entorno seguro y respetuoso para el desarrollo de un acto cultural legalmente reconocido\u00bb.<\/p>\n<p class=\"voc-p\" style=\"\">Asimismo, Carlos Rodr\u00edguez-Villa, presidente de la agrupaci\u00f3n, recuerda que \u00abla Delegaci\u00f3n del Gobierno tiene la obligaci\u00f3n legal y moral de garantizar el orden p\u00fablico, la seguridad ciudadana y el respeto a los derechos de todos los ciudadanos, sin excepci\u00f3n\u00bb. El haber permitido esta situaci\u00f3n, no s\u00f3lo el domingo, sino en situaciones anteriores, supone \u00abuna negligencia evitable en el cumplimiento de dichas funciones\u00bb. <\/p>\n","protected":false},"excerpt":{"rendered":"El pasado 12 de octubre, las 24.000 personas que acudieron por la tarde a Las Ventas se encontraron&hellip;\n","protected":false},"author":2,"featured_media":183454,"comment_status":"","ping_status":"","sticky":false,"template":"","format":"standard","meta":{"footnotes":""},"categories":[277],"tags":[2984,41911,7554,373,13294,168,8369,25,24,582,26839,205,5087,8607,14268,1288,585,23,167,374,913],"class_list":{"0":"post-183453","1":"post","2":"type-post","3":"status-publish","4":"format-standard","5":"has-post-thumbnail","7":"category-toreo","8":"tag-aficionados","9":"tag-antitaurina","10":"tag-asociacion","11":"tag-bullfighting","12":"tag-delegado","13":"tag-deportes","14":"tag-eleva","15":"tag-es","16":"tag-espana","17":"tag-gobierno","18":"tag-hispanidad","19":"tag-madrid","20":"tag-manifestacion","21":"tag-puso","22":"tag-queja","23":"tag-riesgo","24":"tag-seguridad","25":"tag-spain","26":"tag-sports","27":"tag-toreo","28":"tag-toro"},"share_on_mastodon":{"url":"","error":""},"_links":{"self":[{"href":"https:\/\/www.europesays.com\/es\/wp-json\/wp\/v2\/posts\/183453","targetHints":{"allow":["GET"]}}],"collection":[{"href":"https:\/\/www.europesays.com\/es\/wp-json\/wp\/v2\/posts"}],"about":[{"href":"https:\/\/www.europesays.com\/es\/wp-json\/wp\/v2\/types\/post"}],"author":[{"embeddable":true,"href":"https:\/\/www.europesays.com\/es\/wp-json\/wp\/v2\/users\/2"}],"replies":[{"embeddable":true,"href":"https:\/\/www.europesays.com\/es\/wp-json\/wp\/v2\/comments?post=183453"}],"version-history":[{"count":0,"href":"https:\/\/www.europesays.com\/es\/wp-json\/wp\/v2\/posts\/183453\/revisions"}],"wp:featuredmedia":[{"embeddable":true,"href":"https:\/\/www.europesays.com\/es\/wp-json\/wp\/v2\/media\/183454"}],"wp:attachment":[{"href":"https:\/\/www.europesays.com\/es\/wp-json\/wp\/v2\/media?parent=183453"}],"wp:term":[{"taxonomy":"category","embeddable":true,"href":"https:\/\/www.europesays.com\/es\/wp-json\/wp\/v2\/categories?post=183453"},{"taxonomy":"post_tag","embeddable":true,"href":"https:\/\/www.europesays.com\/es\/wp-json\/wp\/v2\/tags?post=183453"}],"curies":[{"name":"wp","href":"https:\/\/api.w.org\/{rel}","templated":true}]}}