{"id":183481,"date":"2025-10-17T19:01:09","date_gmt":"2025-10-17T19:01:09","guid":{"rendered":"https:\/\/www.europesays.com\/es\/183481\/"},"modified":"2025-10-17T19:01:09","modified_gmt":"2025-10-17T19:01:09","slug":"estos-son-los-nominados-de-supervivientes-all-stars-tras-el-doble-liderazgo-de-miri-y-torres","status":"publish","type":"post","link":"https:\/\/www.europesays.com\/es\/183481\/","title":{"rendered":"Estos son los nominados de &#8216;Supervivientes All Stars&#8217; tras el doble liderazgo de Miri y Torres"},"content":{"rendered":"<p class=\"c-paragraph\">Tras la <a href=\"https:\/\/www.20minutos.es\/television\/leccion-vida-ultimo-expulsado-supervivientes-all-stars-sencillo-disfrutar_6525426_0.html\" title=\"La lecci\u00f3n de vida del \u00faltimo expulsado de &#039;Supervivientes All Stars&#039;: &quot;Lo sencillo de disfrutar&quot;\" rel=\"nofollow noopener\" target=\"_blank\">emotiva expulsi\u00f3n de Iv\u00e1n Gonz\u00e1lez<\/a>, las opciones para <b>nominar<\/b> entre los concursantes de <b><a href=\"https:\/\/www.20minutos.es\/tags\/temas\/supervivientes.html\" title=\"Supervivientes\" rel=\"nofollow noopener\" target=\"_blank\">Supervivientes All Stars<\/a><\/b> se fueron reduciendo, por lo que era <b>m\u00e1s complicado que nunca tomar la decisi\u00f3n<\/b> de elegir a un compa\u00f1ero.<\/p>\n<p class=\"c-paragraph\">En la votaci\u00f3n en sucio, <b><a href=\"https:\/\/www.20minutos.es\/tags\/personas\/adara-molinero.html\" title=\"Adara Molinero\" rel=\"nofollow noopener\" target=\"_blank\">Adara Molinero<\/a><\/b> y <b><a href=\"https:\/\/www.20minutos.es\/tags\/personas\/carlos-alba.html\" title=\"Carlos Alba\" rel=\"nofollow noopener\" target=\"_blank\">Carlos Alba<\/a><\/b> pusieron sus <b>puntos en Jessica<\/b>, mientras que Tony Spina, <b><a href=\"https:\/\/www.20minutos.es\/tags\/personas\/gloria-camila.html\" title=\"Gloria Camila\" rel=\"nofollow noopener\" target=\"_blank\">Gloria Camila<\/a><\/b> y <b><a href=\"https:\/\/www.20minutos.es\/tags\/personas\/jessica-bueno.html\" title=\"Jessica Bueno\" rel=\"nofollow noopener\" target=\"_blank\">Jessica Bueno<\/a><\/b> decidieron <b>nominar a Carlos<\/b>. La din\u00e1mica mostraba tensiones evidentes y algunos aliados claros entre los supervivientes.<\/p>\n<p class=\"c-paragraph\">Los l\u00edderes de la semana, <b>Rub\u00e9n Torres y Miri P\u00e9rez-Cabrero<\/b>, quienes <a href=\"https:\/\/www.20minutos.es\/television\/miri-perez-cabrero-ruben-torres-hacen-historia-noria-infernal-supervivientes-20-minutos_6525428_0.html\" title=\"Miri P\u00e9rez-Cabrero y Rub\u00e9n Torres hacen historia en la noria infernal de &#039;Supervivientes&#039;: &quot;\u00a120 minutos!&quot;\" rel=\"nofollow noopener\" target=\"_blank\">hab\u00edan hecho historia en la noria infernal como l\u00edderes simult\u00e1neos<\/a>, ejercieron su <b>poder de nominaci\u00f3n directa<\/b>: <b>Torres eligi\u00f3 a Gloria Camila y Miri a Tony Spina<\/b>. Adem\u00e1s, el imprescindible \u00abbeso de la traici\u00f3n\u00bb de Iv\u00e1n a Jessica durante su despedida le <b>otorg\u00f3 un punto<\/b> extra que condicion\u00f3 la votaci\u00f3n final.<\/p>\n<p class=\"c-paragraph\">De esta forma, los <b>nominados de grupo<\/b> quedaron conformados por <b>Jessica y Carlos<\/b>, mientras que los l\u00edderes enviaron directamente a<b> Tony y Gloria<\/b> a la palestra. Las <b>estrategias y las peque\u00f1as traiciones<\/b> marcaron la noche, mostrando que cada decisi\u00f3n cuenta en las semanas finales del programa.<\/p>\n<p class=\"c-paragraph\"><b><a href=\"https:\/\/www.20minutos.es\/tags\/personas\/jorge-javier-vazquez.html\" title=\"Jorge Javier V\u00e1zquez\" rel=\"nofollow noopener\" target=\"_blank\">Jorge Javier V\u00e1zquez<\/a><\/b> anunci\u00f3 que <b>esta nominaci\u00f3n se resolver\u00eda el pr\u00f3ximo domingo<\/b> con <b><a href=\"https:\/\/www.20minutos.es\/tags\/autores\/sandra-barneda-1.html\" title=\"Sandra Barneda\" rel=\"nofollow noopener\" target=\"_blank\">Sandra Barneda<\/a><\/b>, siendo as\u00ed el segundo domingo consecutivo donde los espectadores y concursantes viven una despedida, sin\u00f3nimo de que<b> el final del programa est\u00e1 cada vez m\u00e1s cerca<\/b>.<\/p>\n","protected":false},"excerpt":{"rendered":"Tras la emotiva expulsi\u00f3n de Iv\u00e1n Gonz\u00e1lez, las opciones para nominar entre los concursantes de Supervivientes All Stars&hellip;\n","protected":false},"author":2,"featured_media":183482,"comment_status":"","ping_status":"","sticky":false,"template":"","format":"standard","meta":{"footnotes":""},"categories":[91],"tags":[146,147,25,24,1076,4417,23219,2877,23,3947],"class_list":{"0":"post-183481","1":"post","2":"type-post","3":"status-publish","4":"format-standard","5":"has-post-thumbnail","7":"category-entretenimiento","8":"tag-entertainment","9":"tag-entretenimiento","10":"tag-es","11":"tag-espana","12":"tag-estos","13":"tag-los","14":"tag-nominados","15":"tag-son","16":"tag-spain","17":"tag-supervivientes"},"share_on_mastodon":{"url":"","error":""},"_links":{"self":[{"href":"https:\/\/www.europesays.com\/es\/wp-json\/wp\/v2\/posts\/183481","targetHints":{"allow":["GET"]}}],"collection":[{"href":"https:\/\/www.europesays.com\/es\/wp-json\/wp\/v2\/posts"}],"about":[{"href":"https:\/\/www.europesays.com\/es\/wp-json\/wp\/v2\/types\/post"}],"author":[{"embeddable":true,"href":"https:\/\/www.europesays.com\/es\/wp-json\/wp\/v2\/users\/2"}],"replies":[{"embeddable":true,"href":"https:\/\/www.europesays.com\/es\/wp-json\/wp\/v2\/comments?post=183481"}],"version-history":[{"count":0,"href":"https:\/\/www.europesays.com\/es\/wp-json\/wp\/v2\/posts\/183481\/revisions"}],"wp:featuredmedia":[{"embeddable":true,"href":"https:\/\/www.europesays.com\/es\/wp-json\/wp\/v2\/media\/183482"}],"wp:attachment":[{"href":"https:\/\/www.europesays.com\/es\/wp-json\/wp\/v2\/media?parent=183481"}],"wp:term":[{"taxonomy":"category","embeddable":true,"href":"https:\/\/www.europesays.com\/es\/wp-json\/wp\/v2\/categories?post=183481"},{"taxonomy":"post_tag","embeddable":true,"href":"https:\/\/www.europesays.com\/es\/wp-json\/wp\/v2\/tags?post=183481"}],"curies":[{"name":"wp","href":"https:\/\/api.w.org\/{rel}","templated":true}]}}