{"id":183483,"date":"2025-10-17T19:04:10","date_gmt":"2025-10-17T19:04:10","guid":{"rendered":"https:\/\/www.europesays.com\/es\/183483\/"},"modified":"2025-10-17T19:04:10","modified_gmt":"2025-10-17T19:04:10","slug":"la-marina-de-ee-uu-mantiene-detenidos-a-dos-sobrevivientes-del-ataque-contra-supuesto-barco-narcotraficante-en-el-caribe","status":"publish","type":"post","link":"https:\/\/www.europesays.com\/es\/183483\/","title":{"rendered":"La Marina de EE.UU. mantiene detenidos a dos sobrevivientes del ataque contra supuesto barco narcotraficante en el Caribe"},"content":{"rendered":"<p>      CNN<br \/>\n        \u00a0\u2014\u00a0<\/p>\n<p class=\"paragraph inline-placeholder vossi-paragraph\" data-uri=\"es.cms.cnn.com\/_components\/paragraph\/instances\/cmgv2k56n006o27q945x4a5yq@published\" data-editable=\"text\" data-component-name=\"paragraph\" data-article-gutter=\"true\">\n            Las Fuerzas Armadas estadounidenses mantienen detenidos en un buque a dos supervivientes del<a href=\"https:\/\/cnnespanol.cnn.com\/2025\/10\/16\/eeuu\/ataque-barco-caribe-narcotrafico-trax\" rel=\"nofollow noopener\" target=\"_blank\"> ataque perpetrado el jueves contra un supuesto barco narcotraficante<\/a> en el Caribe, seg\u00fan tres funcionarios estadounidenses.\n    <\/p>\n<p class=\"paragraph inline-placeholder vossi-paragraph\" data-uri=\"es.cms.cnn.com\/_components\/paragraph\/instances\/cmgv2m3sp0002356n85quyctk@published\" data-editable=\"text\" data-component-name=\"paragraph\" data-article-gutter=\"true\">\n            El ataque, que no ha sido reconocido p\u00fablicamente por el Gobierno de Trump, es el sexto del que se tiene noticia contra un barco presuntamente involucrado en el narcotr\u00e1fico. Sin embargo, parece ser el primero que no ha causado la muerte de todos los pasajeros a bordo.\n    <\/p>\n<p class=\"paragraph inline-placeholder vossi-paragraph\" data-uri=\"es.cms.cnn.com\/_components\/paragraph\/instances\/cmgv2m3sp0003356n024pbecj@published\" data-editable=\"text\" data-component-name=\"paragraph\" data-article-gutter=\"true\">\n            Se desconoce qu\u00e9 har\u00e1 Estados Unidos con los supervivientes detenidos, seg\u00fan las fuentes.\n    <\/p>\n<p class=\"paragraph inline-placeholder vossi-paragraph\" data-uri=\"es.cms.cnn.com\/_components\/paragraph\/instances\/cmgv2m3sp0004356nsb26jios@published\" data-editable=\"text\" data-component-name=\"paragraph\" data-article-gutter=\"true\">\n            El Comando Sur de EE.UU., responsable de las operaciones militares en la regi\u00f3n, remiti\u00f3 a CNN a la Casa Blanca para que solicitara comentarios. Pero la Casa Blanca no  ha respondido hasta el momento.\n    <\/p>\n<p class=\"paragraph inline-placeholder vossi-paragraph\" data-uri=\"es.cms.cnn.com\/_components\/paragraph\/instances\/cmgv2rfw60000356n7ogp5qf3@published\" data-editable=\"text\" data-component-name=\"paragraph\" data-article-gutter=\"true\">\n            No est\u00e1 claro bajo qu\u00e9 autoridad legal las Fuerzas Armadas de Estados Unidos pueden retener a los hombres, dijo Brian Finucane, un exabogado del Departamento de Estado que se especializa en temas de poderes de guerra. El Gobierno de Trump ha argumentado que el presidente tiene amplias facultades bajo el Art\u00edculo II de la Constituci\u00f3n para llevar a cabo los ataques contra lo que afirma que son \u201cnarcoterroristas\u201d, pero legisladores de ambos partidos han cuestionado esa teor\u00eda. El Congreso, que mantiene una amplia autoridad bajo el Art\u00edculo I de la Constituci\u00f3n para declarar la guerra, no ha autorizado un conflicto armado contra narcotraficantes.\n    <\/p>\n<p class=\"paragraph inline-placeholder vossi-paragraph\" data-uri=\"es.cms.cnn.com\/_components\/paragraph\/instances\/cmgv6eql1000j356nf722bmdu@published\" data-editable=\"text\" data-component-name=\"paragraph\" data-article-gutter=\"true\">\n            El Gobierno de Bush sostuvo la teor\u00eda de que pod\u00eda basarse \u00fanicamente en el Art\u00edculo II para sus facultades de detenci\u00f3n militar, dijo Finucane, pero la Corte Suprema nunca se pronunci\u00f3 sobre el asunto, dejando la cuesti\u00f3n de su legalidad sin resolver. Finalmente, la administraci\u00f3n Bush pudo apoyarse en una autorizaci\u00f3n del Congreso de 2001 que consider\u00f3 que Estados Unidos estaba en guerra con Al Qaeda y sus aliados para mantener detenidos militares.\n    <\/p>\n<p class=\"paragraph inline-placeholder vossi-paragraph\" data-uri=\"es.cms.cnn.com\/_components\/paragraph\/instances\/cmgv2m3sp0005356nnjkzl48f@published\" data-editable=\"text\" data-component-name=\"paragraph\" data-article-gutter=\"true\">\n            Los hombres retenidos por la Marina de Estados Unidos podr\u00edan, hipot\u00e9ticamente, solicitar a los tribunales que se pronuncien sobre la legalidad de su detenci\u00f3n mediante lo que se conoce como una demanda de habeas corpus, se\u00f1al\u00f3 Finucane, una v\u00eda seguida por varios detenidos en el pasado que podr\u00eda revelar m\u00e1s informaci\u00f3n sobre el razonamiento legal secreto de la administraci\u00f3n Trump para los ataques.\n    <\/p>\n<p class=\"paragraph inline-placeholder vossi-paragraph\" data-uri=\"es.cms.cnn.com\/_components\/paragraph\/instances\/cmgv2m3sp0006356n89amonfd@published\" data-editable=\"text\" data-component-name=\"paragraph\" data-article-gutter=\"true\">\n            Haley Britzky, de CNN, contribuy\u00f3 a este informe.\n    <\/p>\n","protected":false},"excerpt":{"rendered":"CNN \u00a0\u2014\u00a0 Las Fuerzas Armadas estadounidenses mantienen detenidos en un buque a dos supervivientes del ataque perpetrado el&hellip;\n","protected":false},"author":2,"featured_media":183484,"comment_status":"","ping_status":"","sticky":false,"template":"","format":"standard","meta":{"footnotes":""},"categories":[42],"tags":[17,18,30234,50649,629,13,14,11,61,62,63,64,19,20,4911,7337,9,10,15,16,12,21,22,65,66,67],"class_list":{"0":"post-183483","1":"post","2":"type-post","3":"status-publish","4":"format-standard","5":"has-post-thumbnail","7":"category-internacional","8":"tag-breaking-news","9":"tag-breakingnews","10":"tag-caribe","11":"tag-embaracion","12":"tag-estados-unidos","13":"tag-featured-news","14":"tag-featurednews","15":"tag-headlines","16":"tag-internacional","17":"tag-international","18":"tag-international-news","19":"tag-internationalnews","20":"tag-latest-news","21":"tag-latestnews","22":"tag-marina","23":"tag-narcotrafico","24":"tag-news","25":"tag-noticias","26":"tag-noticias-destacadas","27":"tag-noticiasdestacadas","28":"tag-titulares","29":"tag-ultimas-noticias","30":"tag-ultimasnoticias","31":"tag-world","32":"tag-world-news","33":"tag-worldnews"},"share_on_mastodon":{"url":"","error":""},"_links":{"self":[{"href":"https:\/\/www.europesays.com\/es\/wp-json\/wp\/v2\/posts\/183483","targetHints":{"allow":["GET"]}}],"collection":[{"href":"https:\/\/www.europesays.com\/es\/wp-json\/wp\/v2\/posts"}],"about":[{"href":"https:\/\/www.europesays.com\/es\/wp-json\/wp\/v2\/types\/post"}],"author":[{"embeddable":true,"href":"https:\/\/www.europesays.com\/es\/wp-json\/wp\/v2\/users\/2"}],"replies":[{"embeddable":true,"href":"https:\/\/www.europesays.com\/es\/wp-json\/wp\/v2\/comments?post=183483"}],"version-history":[{"count":0,"href":"https:\/\/www.europesays.com\/es\/wp-json\/wp\/v2\/posts\/183483\/revisions"}],"wp:featuredmedia":[{"embeddable":true,"href":"https:\/\/www.europesays.com\/es\/wp-json\/wp\/v2\/media\/183484"}],"wp:attachment":[{"href":"https:\/\/www.europesays.com\/es\/wp-json\/wp\/v2\/media?parent=183483"}],"wp:term":[{"taxonomy":"category","embeddable":true,"href":"https:\/\/www.europesays.com\/es\/wp-json\/wp\/v2\/categories?post=183483"},{"taxonomy":"post_tag","embeddable":true,"href":"https:\/\/www.europesays.com\/es\/wp-json\/wp\/v2\/tags?post=183483"}],"curies":[{"name":"wp","href":"https:\/\/api.w.org\/{rel}","templated":true}]}}