{"id":183489,"date":"2025-10-17T19:07:11","date_gmt":"2025-10-17T19:07:11","guid":{"rendered":"https:\/\/www.europesays.com\/es\/183489\/"},"modified":"2025-10-17T19:07:11","modified_gmt":"2025-10-17T19:07:11","slug":"la-infanta-elena-espectadora-de-excepcion-del-bm-guadalajara","status":"publish","type":"post","link":"https:\/\/www.europesays.com\/es\/183489\/","title":{"rendered":"La infanta Elena, espectadora de excepci\u00f3n del BM Guadalajara"},"content":{"rendered":"<p>La infanta Elena asisti\u00f3 en la tarde de este viernes al partido de liga Asobal que enfrent\u00f3 al Sanicentro Balonmano Guadalajara contra el BM Fraikin Granollers en el polideportivo David Santamar\u00eda de la capital alcarre\u00f1a.<\/p>\n<p>Con su presencia en el encuentro, Elena de Borb\u00f3n quiso apoyar a su sobrino Pablo Urdangar\u00edn, el segundo de los cuatro hijos de su hermana, la infanta Cristina, y de I\u00f1aki Urdangar\u00edn, quien milita en el combinado catal\u00e1n desde hace m\u00e1s de a\u00f1o y medio. Adem\u00e1s, en el partido estuvo presente su hermano Miguel Urdangar\u00edn, el m\u00e1s peque\u00f1o de los tres hermanos varones.<\/p>\n<p>La primog\u00e9nita de los Reyes Juan Carlos y Sof\u00eda vivi\u00f3 con emoci\u00f3n el\u00a0 enfrentamiento, que termin\u00f3 con una victoria muy ajustada y sufrida por parte del Granollers, uno de los equipos m\u00e1s fuertes de la primera liga del balonamno espa\u00f1ol.<\/p>\n<p><img decoding=\"async\" loading=\"lazy\" src=\"https:\/\/www.europesays.com\/es\/wp-content\/uploads\/2025\/10\/07BDE77C-76F7-4E75-B6D43F2C5BFF0CAA.JPG\" alt=\"La infanta Elena, espectadora de excepci\u00f3n del BM Guadalajara\" border=\"0\"\/>La infanta Elena, espectadora de excepci\u00f3n del BM Guadalajara &#8211; Foto: Domin Garc\u00eda<\/p>\n<p>Do\u00f1a Elena ocup\u00f3 uno de los asientos del palco junto a su sobrino Miguel, que celebr\u00f3 con intensidad los goles de su hermano, y estuvieron acompa\u00f1ados, entre otros, por el presidente del club guadalajare\u00f1o, Alejandro Ortiz; la alcaldesa de la ciudad, Ana Guarinos, y otros concejales del equipo de Gobierno municipal.<\/p>\n<p>El partido, que dej\u00f3 muy buenas sensaciones entre la afici\u00f3n alcarre\u00f1a por el magn\u00edfico papel jugado por el conjunto morado, termin\u00f3 con un marcador de 29 a 32 a favor de los visitantes. A su t\u00e9rmino, Pablo Urdangar\u00edn se mostr\u00f3 muy amable y atento con todos los aficionados que bajaron a la pista para saludarle y hacerse fotos con \u00e9l.<\/p>\n","protected":false},"excerpt":{"rendered":"La infanta Elena asisti\u00f3 en la tarde de este viernes al partido de liga Asobal que enfrent\u00f3 al&hellip;\n","protected":false},"author":2,"featured_media":183490,"comment_status":"","ping_status":"","sticky":false,"template":"","format":"standard","meta":{"footnotes":""},"categories":[278],"tags":[51890,376,1937,168,25,24,375,14970,38716,1675,51889,23,167,1617],"class_list":{"0":"post-183489","1":"post","2":"type-post","3":"status-publish","4":"format-standard","5":"has-post-thumbnail","7":"category-balonmano","8":"tag-ana-guarinos","9":"tag-balonmano","10":"tag-balonmano-guadalajara","11":"tag-deportes","12":"tag-es","13":"tag-espana","14":"tag-handball","15":"tag-infanta-cristina","16":"tag-infanta-elena","17":"tag-liga-asobal","18":"tag-polideportivo-david-santamaria","19":"tag-spain","20":"tag-sports","21":"tag-union-europea"},"share_on_mastodon":{"url":"","error":""},"_links":{"self":[{"href":"https:\/\/www.europesays.com\/es\/wp-json\/wp\/v2\/posts\/183489","targetHints":{"allow":["GET"]}}],"collection":[{"href":"https:\/\/www.europesays.com\/es\/wp-json\/wp\/v2\/posts"}],"about":[{"href":"https:\/\/www.europesays.com\/es\/wp-json\/wp\/v2\/types\/post"}],"author":[{"embeddable":true,"href":"https:\/\/www.europesays.com\/es\/wp-json\/wp\/v2\/users\/2"}],"replies":[{"embeddable":true,"href":"https:\/\/www.europesays.com\/es\/wp-json\/wp\/v2\/comments?post=183489"}],"version-history":[{"count":0,"href":"https:\/\/www.europesays.com\/es\/wp-json\/wp\/v2\/posts\/183489\/revisions"}],"wp:featuredmedia":[{"embeddable":true,"href":"https:\/\/www.europesays.com\/es\/wp-json\/wp\/v2\/media\/183490"}],"wp:attachment":[{"href":"https:\/\/www.europesays.com\/es\/wp-json\/wp\/v2\/media?parent=183489"}],"wp:term":[{"taxonomy":"category","embeddable":true,"href":"https:\/\/www.europesays.com\/es\/wp-json\/wp\/v2\/categories?post=183489"},{"taxonomy":"post_tag","embeddable":true,"href":"https:\/\/www.europesays.com\/es\/wp-json\/wp\/v2\/tags?post=183489"}],"curies":[{"name":"wp","href":"https:\/\/api.w.org\/{rel}","templated":true}]}}