{"id":183491,"date":"2025-10-17T19:09:09","date_gmt":"2025-10-17T19:09:09","guid":{"rendered":"https:\/\/www.europesays.com\/es\/183491\/"},"modified":"2025-10-17T19:09:09","modified_gmt":"2025-10-17T19:09:09","slug":"pronostico-manon-fiorot-jasmine-jasudavicius","status":"publish","type":"post","link":"https:\/\/www.europesays.com\/es\/183491\/","title":{"rendered":"Pron\u00f3stico Manon Fiorot Jasmine Jasudavicius"},"content":{"rendered":"<p class=\"text-xs leading-5 text-gray-400 mb-2\">\n                        Publicado el 17\/10\/25 1:46<br \/>\n                        \u00a0por<br \/>\n                                                            <a href=\"https:\/\/www.sportytrader.com\/es\/autor\/camilo-ochoa-93\/\" rel=\"nofollow noopener\" target=\"_blank\">Camilo Ochoa<\/a><\/p>\n<p>                                                    |<br \/>\n                            Modificado el<br \/>\n                                17\/10\/25<br \/>\n                                a 6:32<\/p>\n<p>                                                                            en<br \/>\n                            <a data-trans=\"tips.published.competition %competition%\" href=\"https:\/\/www.sportytrader.com\/es\/pronosticos\/combate\/mma\/ufc\/\" rel=\"nofollow noopener\" target=\"_blank\"><br \/>\n                                Pron\u00f3stico UFC<br \/>\n                            <\/a><\/p>\n<p style=\"text-align: justify;\">Nos vamos a Canad\u00e1, m\u00e1s espec\u00edficamente al\u00a0Rogers Arena, Vancouver, para ver el UFC Fight Night 262, donde pelear\u00e1n la luchadora francesa\u00a0Manon\u00a0Fiorot contra su par, la canadiense Jasmine Jasudavicius. Desde Niza llega\u00a0Manon\u00a0Fiorot, luego de una dura derrota ante la campeona de la divisi\u00f3n mosca Valentina Shevchenko, por lo que buscar\u00e1 recuperarse con una victoria. La francesa es sin duda alguna una de las mejores peleadoras de la divisi\u00f3n, no solo por venir de una pelea titular, sino que solo ha perdido 2 de sus \u00faltimas 10 peleas. Su estilo de pelea se basa en su potente striking y su gran defensa ante los derribos rivales.<\/p>\n<p style=\"text-align: justify;\">Por su parte,\u00a0Jasmine\u00a0Jasudavicius viene en pleno estado de forma al conseguir una racha de 5 victorias seguidas, donde la francesa ser\u00e1 su rival m\u00e1s dura. Adem\u00e1s, la canadiense tendr\u00e1 la oportunidad de pelear en casa con su gente, por lo que el factor an\u00edmico est\u00e1 a su favor. El estilo de pelea de la peleadora canadiense aprovecha muy bien las transiciones en el suelo y lo combina con su muy buen grappling. Sin embargo,\u00a0Jasmine\u00a0Jasudavicius ha tenido problemas cuando se enfrenta a rivales que utilizan un estilo de\u00a0 striking agresivo.\u00a0<\/p>\n","protected":false},"excerpt":{"rendered":"Publicado el 17\/10\/25 1:46 \u00a0por Camilo Ochoa | Modificado el 17\/10\/25 a 6:32 en Pron\u00f3stico UFC Nos vamos&hellip;\n","protected":false},"author":2,"featured_media":183492,"comment_status":"","ping_status":"","sticky":false,"template":"","format":"standard","meta":{"footnotes":""},"categories":[276],"tags":[168,25,24,51892,51891,2679,23,167,343,51893],"class_list":{"0":"post-183491","1":"post","2":"type-post","3":"status-publish","4":"format-standard","5":"has-post-thumbnail","7":"category-ufc","8":"tag-deportes","9":"tag-es","10":"tag-espana","11":"tag-jasmine-jasudavicius","12":"tag-manon-fiorot","13":"tag-pronostico","14":"tag-spain","15":"tag-sports","16":"tag-ufc","17":"tag-ufc-fight-night-262"},"share_on_mastodon":{"url":"","error":""},"_links":{"self":[{"href":"https:\/\/www.europesays.com\/es\/wp-json\/wp\/v2\/posts\/183491","targetHints":{"allow":["GET"]}}],"collection":[{"href":"https:\/\/www.europesays.com\/es\/wp-json\/wp\/v2\/posts"}],"about":[{"href":"https:\/\/www.europesays.com\/es\/wp-json\/wp\/v2\/types\/post"}],"author":[{"embeddable":true,"href":"https:\/\/www.europesays.com\/es\/wp-json\/wp\/v2\/users\/2"}],"replies":[{"embeddable":true,"href":"https:\/\/www.europesays.com\/es\/wp-json\/wp\/v2\/comments?post=183491"}],"version-history":[{"count":0,"href":"https:\/\/www.europesays.com\/es\/wp-json\/wp\/v2\/posts\/183491\/revisions"}],"wp:featuredmedia":[{"embeddable":true,"href":"https:\/\/www.europesays.com\/es\/wp-json\/wp\/v2\/media\/183492"}],"wp:attachment":[{"href":"https:\/\/www.europesays.com\/es\/wp-json\/wp\/v2\/media?parent=183491"}],"wp:term":[{"taxonomy":"category","embeddable":true,"href":"https:\/\/www.europesays.com\/es\/wp-json\/wp\/v2\/categories?post=183491"},{"taxonomy":"post_tag","embeddable":true,"href":"https:\/\/www.europesays.com\/es\/wp-json\/wp\/v2\/tags?post=183491"}],"curies":[{"name":"wp","href":"https:\/\/api.w.org\/{rel}","templated":true}]}}