{"id":183503,"date":"2025-10-17T19:18:21","date_gmt":"2025-10-17T19:18:21","guid":{"rendered":"https:\/\/www.europesays.com\/es\/183503\/"},"modified":"2025-10-17T19:18:21","modified_gmt":"2025-10-17T19:18:21","slug":"este-cuervo-fue-el-cantante-de-mi-banda","status":"publish","type":"post","link":"https:\/\/www.europesays.com\/es\/183503\/","title":{"rendered":"Este cuervo fue el cantante de mi banda"},"content":{"rendered":"<p>(Informaci\u00f3n remitida por la entidad que la firma:)<\/p>\n<p>En un panorama editorial donde abundan las f\u00f3rmulas repetidas, <b>Estela Tello Sancho<\/b> irrumpe con fuerza con Este cuervo fue el cantante de mi banda, una obra que desaf\u00eda las normas, se burla de las etiquetas y ofrece una experiencia visceral al lector. Publicada por Editorial C\u00edrculo Rojo, esta segunda edici\u00f3n consolida a Tello como una voz singular, tan inclasificable como poderosa.<\/p>\n<p>Desde su t\u00edtulo, el libro promete una traves\u00eda fuera de lo com\u00fan.<b> Y cumple.<\/b> A lo largo de casi 200 p\u00e1ginas, Estela nos sumerge en un universo propio, donde los sue\u00f1os, los animales, los traumas m\u00e9dicos y las relaciones sentimentales se entrelazan en un tapiz de confesiones l\u00facidas, a veces delirantes, otras profundamente conmovedoras. Una propuesta h\u00edbrida entre el diario \u00edntimo, el ensayo espiritual y la literatura de autoficci\u00f3n.<\/p>\n<p>\u00bfA qui\u00e9n va dirigido este libro? En palabras de la autora:<b> \u201cA los mal llamados chiflados\u201d<\/b>. Aquellos que, en una sociedad que roza lo esquizoide, se atreven a sentir, a cuestionarse y a abrazar el caos como forma de vida. No es solo un libro: es una declaraci\u00f3n de intenciones, un manifiesto para almas inconformes.<\/p>\n<p>\u00a0 \u00a0 La autora: rebelde, honesta, magn\u00e9tica<\/p>\n<p>Estela Tello Sancho llega a la narrativa tras a\u00f1os escribiendo guiones \u2014como Sirenas al punto de sal o Mar de dos cabezas\u2014, y lo hace con una honestidad descarnada. Esta es su primera obra narrativa, escrita a lo largo de ocho meses, recogiendo <b>vivencias, sue\u00f1os y reflexiones acumuladas durante a\u00f1os.<\/b> El resultado es un viaje cat\u00e1rtico, donde la fragilidad y la fortaleza femenina se dan la mano.<\/p>\n<p><b>\u201cNo es un libro para hacerlo bien\u201d<\/b>, advierte Tello. <b>\u201cEs un libro para romper las reglas\u201d.<\/b> Su proceso creativo parte de la necesidad de \u201ctirarlo todo por la borda\u201d, de ofrecer una obra que no obedece a patrones ni a moldes literarios. Escribir, para ella, es un acto de resistencia, de supervivencia emocional.<\/p>\n<p>\u00a0 \u00a0 \u00a0Una experiencia de lectura que desconcierta\u2026 y transforma<\/p>\n<p>Desde el primer cap\u00edtulo \u2014titulado <b>\u201cTranquila, no hay pr\u00f3logo\u201d<\/b>\u2014 hasta el ep\u00edlogo titulado \u201cS\u00ed que hay\u201d, el libro se estructura como una serie de relatos autobiogr\u00e1ficos en los que abundan las experiencias on\u00edricas, espirituales y cham\u00e1nicas. Tambi\u00e9n los momentos de humor corrosivo, la cr\u00edtica social y la exploraci\u00f3n del dolor f\u00edsico y emocional.<\/p>\n<p>Entre los episodios m\u00e1s intensos destacan su vivencia con un tumor \u2014<b>tratado con crudeza y lucidez<\/b>\u2014, los v\u00ednculos complejos con sus parejas, el reencuentro con el ballet tras a\u00f1os de abandono y los rituales cham\u00e1nicos que la conectan con sus animales de poder. Cada historia, cada sue\u00f1o, es una grieta por la que se cuela algo de verdad.<\/p>\n<p>\u00a0 \u00a0 \u00a0Un libro que deja huella<\/p>\n<p>Las opiniones de quienes ya se han adentrado en esta obra <b>coinciden<\/b>: Este cuervo fue el cantante de mi banda no se parece a nada. Es un libro que desconcierta, pero tambi\u00e9n emociona, inspira y provoca. Una obra para quienes buscan belleza en lo imperfecto, consuelo en el absurdo, lucidez en el delirio.<\/p>\n<p>La edici\u00f3n, a cargo de Editorial C\u00edrculo Rojo, aporta un dise\u00f1o cuidado y una maquetaci\u00f3n que acompa\u00f1a con respeto el car\u00e1cter libre de la obra. El apoyo de la editorial ha sido, en palabras de la autora, una experiencia<b> \u201cmuy buena\u201d<\/b>, destacando el detalle casi artesanal de recibir la revista impresa con la rese\u00f1a del libro.<\/p>\n<p>\u00a0 \u00a0 \u00bfD\u00f3nde encontrarlo?<\/p>\n<p>La segunda edici\u00f3n de Este cuervo fue el cantante de mi banda ya est\u00e1 disponible a trav\u00e9s de Editorial C\u00edrculo Rojo y en librer\u00edas seleccionadas. Recomendamos su lectura a quienes est\u00e1n <b>cansados de lo predecible y buscan en la literatura una sacudida vital.<\/b><\/p>\n<p>Contacto: <a href=\"https:\/\/efecomunica.efe.com\/este-cuervo-fue-el-cantante-de-mi-banda-mezcla-humor-trauma-y-magia-cotidiana\/mailto:prensa@editorialcirculorojo.com\" rel=\"nofollow noopener\" target=\"_blank\">prensa@editorialcirculorojo.com<\/a><\/p>\n<p>AGENCIA EFE S.A.U.,S.M.E. no se hace responsable de la informaci\u00f3n que contiene este mensaje y no asume responsabilidad alguna frente a terceros sobre su \u00edntegro contenido, quedando igualmente exonerada de la responsabilidad de la entidad autora de este. Agencia EFE se reserva el derecho a distribuir el comunicado de prensa dentro de la l\u00ednea informativa, o bien a publicarlo en EFE Comunica.<\/p>\n","protected":false},"excerpt":{"rendered":"(Informaci\u00f3n remitida por la entidad que la firma:) En un panorama editorial donde abundan las f\u00f3rmulas repetidas, Estela&hellip;\n","protected":false},"author":2,"featured_media":183504,"comment_status":"","ping_status":"","sticky":false,"template":"","format":"standard","meta":{"footnotes":""},"categories":[172],"tags":[224,146,147,25,24,225,23],"class_list":{"0":"post-183503","1":"post","2":"type-post","3":"status-publish","4":"format-standard","5":"has-post-thumbnail","7":"category-libros","8":"tag-books","9":"tag-entertainment","10":"tag-entretenimiento","11":"tag-es","12":"tag-espana","13":"tag-libros","14":"tag-spain"},"share_on_mastodon":{"url":"","error":""},"_links":{"self":[{"href":"https:\/\/www.europesays.com\/es\/wp-json\/wp\/v2\/posts\/183503","targetHints":{"allow":["GET"]}}],"collection":[{"href":"https:\/\/www.europesays.com\/es\/wp-json\/wp\/v2\/posts"}],"about":[{"href":"https:\/\/www.europesays.com\/es\/wp-json\/wp\/v2\/types\/post"}],"author":[{"embeddable":true,"href":"https:\/\/www.europesays.com\/es\/wp-json\/wp\/v2\/users\/2"}],"replies":[{"embeddable":true,"href":"https:\/\/www.europesays.com\/es\/wp-json\/wp\/v2\/comments?post=183503"}],"version-history":[{"count":0,"href":"https:\/\/www.europesays.com\/es\/wp-json\/wp\/v2\/posts\/183503\/revisions"}],"wp:featuredmedia":[{"embeddable":true,"href":"https:\/\/www.europesays.com\/es\/wp-json\/wp\/v2\/media\/183504"}],"wp:attachment":[{"href":"https:\/\/www.europesays.com\/es\/wp-json\/wp\/v2\/media?parent=183503"}],"wp:term":[{"taxonomy":"category","embeddable":true,"href":"https:\/\/www.europesays.com\/es\/wp-json\/wp\/v2\/categories?post=183503"},{"taxonomy":"post_tag","embeddable":true,"href":"https:\/\/www.europesays.com\/es\/wp-json\/wp\/v2\/tags?post=183503"}],"curies":[{"name":"wp","href":"https:\/\/api.w.org\/{rel}","templated":true}]}}