{"id":183509,"date":"2025-10-17T19:21:12","date_gmt":"2025-10-17T19:21:12","guid":{"rendered":"https:\/\/www.europesays.com\/es\/183509\/"},"modified":"2025-10-17T19:21:12","modified_gmt":"2025-10-17T19:21:12","slug":"francia-teme-por-la-vida-de-su-icono-nacional-brigitte-bardot","status":"publish","type":"post","link":"https:\/\/www.europesays.com\/es\/183509\/","title":{"rendered":"Francia teme por la vida de su icono nacional, Brigitte Bardot"},"content":{"rendered":"<p style=\"\">Francia teme por la vida del m\u00e1s grande de sus iconos nacionales, <a href=\"https:\/\/www.abc.es\/cultura\/brigitte-bardot-irreductible-salvaje-anos-20230821163344-nt.html\" data-voc-vtm-id=\"in-text-traffic\" title=\"Brigitte Bardot \" data-mrf-link=\"www.abc.es\" rel=\"nofollow noopener\" target=\"_blank\">Brigitte Bardot <\/a>(91 a\u00f1os), ingresada desde hace tres semanas en un<strong> hospital privado<\/strong>, el Saint-Jean, en Toulon, en la frontera occidental de la Costa Azul.<\/p>\n<p style=\"\">Bardot es un icono  &#8230; nacional comparable al general <a href=\"https:\/\/www.abc.es\/internacional\/xxxx-20251011204506-nt.html\" data-voc-vtm-id=\"in-text-traffic\" title=\"De Gaulle \" rel=\"nofollow noopener\" target=\"_blank\">De Gaulle <\/a>o la parisina Torre Eiffel. Su vida, \u00abmilagros\u00bb, aventuras amorosas y compromisos han influido de manera significativa en la vida p\u00fablica francesa desde hace varias d\u00e9cadas.<\/p>\n<p class=\"voc-p\" style=\"\">Seg\u00fan la prensa regional, BB fue hospitalizada el pasado 28 de septiembre, y sufri\u00f3 \u00abuna hospitalizaci\u00f3n quir\u00fargica importante, para combatir una <strong>enfermedad grave<\/strong>\u00bb. Las fuentes hospitalarias no desean matizar y precisar el alcance exacto de esa patolog\u00eda.<\/p>\n<p class=\"voc-p\" style=\"\">Oficialmente, BB debiera abandonar el hospital \u00ablos pr\u00f3ximos d\u00edas\u00bb. Sin embargo, oficiosamente, todas las fuentes pr\u00f3ximas al hospital se dicen<strong> \u00abinquietas\u00bb por la salud <\/strong>de la antigua actriz, figura emblem\u00e1tica de la vida p\u00fablica nacional. Inquietud que tiene proporciones nacionales.<\/p>\n<p class=\"voc-p\" style=\"\">Hace d\u00edas que volvi\u00f3 a publicarse una nueva edici\u00f3n de sus legendarias memorias, tituladas <strong>&#8216;Mon BBcedario&#8217;<\/strong>, que comienzan con una proclamaci\u00f3n de<strong> fe \u00ablibertaria<\/strong>\u00bb: \u00abLa libertad es ser una misma, incluso cuando se molesta\u00bb. Libertad que ha podido \u00abchocar\u00bb a los hombres y mujeres m\u00e1s \u00abp\u00fadicos\u00bb, escandalizados con frecuencia.<\/p>\n<p class=\"voc-p\" style=\"\">Desde su muy primera juventud, BB ha \u00abmolestado\u00bb en incontables ocasiones. Mientras dur\u00f3 su corta vida de actriz, Bardot cambi\u00f3 de amantes de distinta nacionalidad en bastantes ocasiones, planteando las grandes cuestiones de la vida \u00edntima con la libertad<strong> m\u00e1s absoluta y escandalosa<\/strong>.<\/p>\n<p class=\"voc-p\" style=\"\">Aquella primera etapa de su vida termin\u00f3 pronto. Bardot descubri\u00f3 la cuesti\u00f3n nada balad\u00ed de la defensa de los animales, perseguidos o apaleados por el hombre. La antigua actriz se convirti\u00f3 en una <a href=\"https:\/\/www.abc.es\/gente\/brigitte-bardot-lanza-ultimo-combate-monteria-regalando-20250512221650-nt.html\" data-voc-vtm-id=\"in-text-traffic\" title=\"defensora intransigente de asnos y otros animales apaleados\" rel=\"nofollow noopener\" target=\"_blank\">defensora intransigente de asnos y otros animales apaleados<\/a>. Con ligeros matices, esa actividad muy personal ha durado hasta el fin. Ella la plante\u00f3 al m\u00e1s alto nivel, denunciando el comportamiento de la clase pol\u00edtica, gobiernos y jefes de Estado.<\/p>\n<p class=\"voc-p\" style=\"\">El \u00faltimo de sus matrimonios con un se\u00f1or de extrema derecha le permiti\u00f3 decir horrores pol\u00edticos con una \u00abalegr\u00eda\u00bb digna de mejor causa. Aquella etapa termin\u00f3 difumin\u00e1ndose, <strong>perdida en el limbo de un pasado olvidable.<\/strong><\/p>\n<p class=\"voc-p\" style=\"\">Bardot ha seguido fiel a s\u00ed misma, refugiada en su legendaria residencia de la Costa Azul, consagrada a matizar personalmente, su autobiograf\u00eda, reescrita a mano, con bol\u00edgrafo. Su editor, Fayard, presenta la nueva edici\u00f3n revisada de &#8216;BBcedario&#8217; de este modo: \u00abSe trata de una inmersi\u00f3n en la personalidad de una mujer que ha marcado su \u00e9poca por su independencia, sus compromisos y su audacia\u00bb. Am\u00e9n.<\/p>\n","protected":false},"excerpt":{"rendered":"Francia teme por la vida del m\u00e1s grande de sus iconos nacionales, Brigitte Bardot (91 a\u00f1os), ingresada desde&hellip;\n","protected":false},"author":2,"featured_media":183510,"comment_status":"","ping_status":"","sticky":false,"template":"","format":"standard","meta":{"footnotes":""},"categories":[169],"tags":[51895,51894,177,146,147,25,24,176,317,15228,175,813,23,20627,2606],"class_list":{"0":"post-183509","1":"post","2":"type-post","3":"status-publish","4":"format-standard","5":"has-post-thumbnail","7":"category-cine","8":"tag-bardot","9":"tag-brigitte","10":"tag-cine","11":"tag-entertainment","12":"tag-entretenimiento","13":"tag-es","14":"tag-espana","15":"tag-film","16":"tag-francia","17":"tag-icono","18":"tag-movies","19":"tag-nacional","20":"tag-spain","21":"tag-teme","22":"tag-vida"},"share_on_mastodon":{"url":"","error":""},"_links":{"self":[{"href":"https:\/\/www.europesays.com\/es\/wp-json\/wp\/v2\/posts\/183509","targetHints":{"allow":["GET"]}}],"collection":[{"href":"https:\/\/www.europesays.com\/es\/wp-json\/wp\/v2\/posts"}],"about":[{"href":"https:\/\/www.europesays.com\/es\/wp-json\/wp\/v2\/types\/post"}],"author":[{"embeddable":true,"href":"https:\/\/www.europesays.com\/es\/wp-json\/wp\/v2\/users\/2"}],"replies":[{"embeddable":true,"href":"https:\/\/www.europesays.com\/es\/wp-json\/wp\/v2\/comments?post=183509"}],"version-history":[{"count":0,"href":"https:\/\/www.europesays.com\/es\/wp-json\/wp\/v2\/posts\/183509\/revisions"}],"wp:featuredmedia":[{"embeddable":true,"href":"https:\/\/www.europesays.com\/es\/wp-json\/wp\/v2\/media\/183510"}],"wp:attachment":[{"href":"https:\/\/www.europesays.com\/es\/wp-json\/wp\/v2\/media?parent=183509"}],"wp:term":[{"taxonomy":"category","embeddable":true,"href":"https:\/\/www.europesays.com\/es\/wp-json\/wp\/v2\/categories?post=183509"},{"taxonomy":"post_tag","embeddable":true,"href":"https:\/\/www.europesays.com\/es\/wp-json\/wp\/v2\/tags?post=183509"}],"curies":[{"name":"wp","href":"https:\/\/api.w.org\/{rel}","templated":true}]}}