{"id":183525,"date":"2025-10-17T19:31:07","date_gmt":"2025-10-17T19:31:07","guid":{"rendered":"https:\/\/www.europesays.com\/es\/183525\/"},"modified":"2025-10-17T19:31:07","modified_gmt":"2025-10-17T19:31:07","slug":"fallece-juan-rodriguez-el-chuli-figura-clave-en-la-formacion-de-juan-ortega","status":"publish","type":"post","link":"https:\/\/www.europesays.com\/es\/183525\/","title":{"rendered":"Fallece Juan Rodr\u00edguez \u2018El Chuli\u2019, figura clave en la formaci\u00f3n de Juan Ortega"},"content":{"rendered":"<p style=\"text-align: justify;\">El mundo del toro despide hoy a <strong>Juan Rodr\u00edguez \u2018El Chuli\u2019<\/strong>, fallecido este mediod\u00eda en su domicilio a los <strong>89 a\u00f1os<\/strong>. Natural de Carde\u00f1a (Ja\u00e9n), dedic\u00f3 toda su vida al toreo, siendo una figura muy querida y respetada tanto en el campo como en los ruedos.<\/p>\n<p style=\"text-align: justify;\">\u2018El Chuli\u2019 fue un hombre de profundo conocimiento y entrega al toro, muy vinculado a la carrera de varios matadores, aunque si hubo un torero con el que mantuvo un lazo especial, ese fue <strong>Juan Ortega<\/strong>. Acompa\u00f1\u00f3 al sevillano desde sus inicios, cuando apenas contaba quince a\u00f1os, y permaneci\u00f3 a su lado durante toda su trayectoria, incluso hasta su \u00faltima actuaci\u00f3n en La Maestranza el pasado 13 de octubre. Junto al ganadero Rom\u00e1n Sorando, form\u00f3 el primer equipo de apoderamiento de Ortega.<\/p>\n<p><strong class=\"relacionadas-titulo-gral\">Noticias Relacionadas<\/strong><\/p>\n<p style=\"text-align: justify;\">Su figura iba a ser homenajeada en el festival programado para el 15 de noviembre en Montoro, que ahora se convierte en un tributo p\u00f3stumo. En el cartel figuran nombres como Alejandro Talavante, Juan Ortega, Pablo Aguado, Manuel Rom\u00e1n y Pedro Montaldo.<\/p>\n<p>&#13;<br \/>\n&#13;<\/p>\n<p style=\"text-align: justify;\">Desde <strong>Burladero<\/strong>, enviamos nuestro m\u00e1s sincero p\u00e9same a sus familiares, amigos y a toda la familia taurina por la p\u00e9rdida de un hombre que dedic\u00f3 su vida al arte del toreo. Descanse en paz.<\/p>\n<p style=\"text-align: justify;\">\u00a0<\/p>\n","protected":false},"excerpt":{"rendered":"El mundo del toro despide hoy a Juan Rodr\u00edguez \u2018El Chuli\u2019, fallecido este mediod\u00eda en su domicilio a&hellip;\n","protected":false},"author":2,"featured_media":183526,"comment_status":"","ping_status":"","sticky":false,"template":"","format":"standard","meta":{"footnotes":""},"categories":[277],"tags":[373,168,25,24,4035,23,167,374],"class_list":{"0":"post-183525","1":"post","2":"type-post","3":"status-publish","4":"format-standard","5":"has-post-thumbnail","7":"category-toreo","8":"tag-bullfighting","9":"tag-deportes","10":"tag-es","11":"tag-espana","12":"tag-juan-ortega","13":"tag-spain","14":"tag-sports","15":"tag-toreo"},"share_on_mastodon":{"url":"","error":""},"_links":{"self":[{"href":"https:\/\/www.europesays.com\/es\/wp-json\/wp\/v2\/posts\/183525","targetHints":{"allow":["GET"]}}],"collection":[{"href":"https:\/\/www.europesays.com\/es\/wp-json\/wp\/v2\/posts"}],"about":[{"href":"https:\/\/www.europesays.com\/es\/wp-json\/wp\/v2\/types\/post"}],"author":[{"embeddable":true,"href":"https:\/\/www.europesays.com\/es\/wp-json\/wp\/v2\/users\/2"}],"replies":[{"embeddable":true,"href":"https:\/\/www.europesays.com\/es\/wp-json\/wp\/v2\/comments?post=183525"}],"version-history":[{"count":0,"href":"https:\/\/www.europesays.com\/es\/wp-json\/wp\/v2\/posts\/183525\/revisions"}],"wp:featuredmedia":[{"embeddable":true,"href":"https:\/\/www.europesays.com\/es\/wp-json\/wp\/v2\/media\/183526"}],"wp:attachment":[{"href":"https:\/\/www.europesays.com\/es\/wp-json\/wp\/v2\/media?parent=183525"}],"wp:term":[{"taxonomy":"category","embeddable":true,"href":"https:\/\/www.europesays.com\/es\/wp-json\/wp\/v2\/categories?post=183525"},{"taxonomy":"post_tag","embeddable":true,"href":"https:\/\/www.europesays.com\/es\/wp-json\/wp\/v2\/tags?post=183525"}],"curies":[{"name":"wp","href":"https:\/\/api.w.org\/{rel}","templated":true}]}}