{"id":183551,"date":"2025-10-17T19:47:07","date_gmt":"2025-10-17T19:47:07","guid":{"rendered":"https:\/\/www.europesays.com\/es\/183551\/"},"modified":"2025-10-17T19:47:07","modified_gmt":"2025-10-17T19:47:07","slug":"el-motivo-por-el-que-stella-la-hija-de-antonio-banderas-se-casa-en-valladolid","status":"publish","type":"post","link":"https:\/\/www.europesays.com\/es\/183551\/","title":{"rendered":"El motivo por el que Stella, la hija de Antonio Banderas, se casa en Valladolid"},"content":{"rendered":"<p class=\"voc-p\" style=\"\">Cuando se dio a conocer la noticia y comenzaron a saberse detalles, como el lugar del enlace, una de las cuestiones que m\u00e1s se comentaron fue c\u00f3mo pod\u00eda ser que la <strong>hija de Antonio Banderas, Stella del Carmen<\/strong>, y su pareja, Alex Gruszynski, no  &#8230; hab\u00edan optado por M\u00e1laga, la ciudad natal del actor, M\u00e1laga. La elecci\u00f3n, Valladolid, sorprendi\u00f3 a todo el mundo y por fin se sabe la causa de esta elecci\u00f3n. <\/p>\n<p class=\"voc-p\" style=\"\">El escenario espec\u00edfico que han elegido es Sard\u00f3n de Duero, un municipio al este de la provincia de <strong>Valladolid<\/strong> concretamente en la <strong>Abad\u00eda Retuerta LeDomaine<\/strong>, reconvertida en <strong>hotel-bodega de lujo<\/strong>, un complejo lleno de magia y con mucha historia que se encuentra en una zona muy tranquila. Este ser\u00eda el principal aspecto valorado por los j\u00f3venes para su &#8216;s\u00ed, quiero&#8217;, el tratarse de una zona donde poder guardar la privacidad que buscan y disfrutar al m\u00e1ximo de ese d\u00eda. <\/p>\n<p class=\"voc-p\" style=\"\">Esta raz\u00f3n se entiende pero algunos podr\u00edan seguir pregunt\u00e1ndose si no hab\u00eda nada m\u00e1s cerca de la tierra de Banderas, de la que tanto presume el actor y director siempre que tiene ocasi\u00f3n. La respuesta la ha compartido <strong>Carmen Borrego<\/strong>, que ha participado en &#8216;Vamos a ver&#8217; (Telecinco) con informaci\u00f3n privilegiada sobre el evento. La colaboradora ha referido qu\u00e9 hay tras la <strong>elecci\u00f3n de Sard\u00f3n de Duero<\/strong>: \u00abStella hab\u00eda ido antes y le encant\u00f3. Qued\u00f3 fascinada con el sitio y decidi\u00f3 que quer\u00eda casarse all\u00ed tras el viaje que hizo\u00bb.<\/p>\n<p class=\"voc-p\" style=\"\">Este es uno de los detalles que se van dando a conocer. Se han dado referencias ya sobre el hecho de que se quiere asegurar al m\u00e1ximo que no haya filtraciones y que la privacidad de los novios y los invitados sea absoluta. Es por ello que, seg\u00fan han especificado en &#8216;<strong>El programa de Ana Rosa<\/strong>&#8216; (Telecinco), ser\u00e1n alrededor de 250 invitados y a estos se les exigir\u00eda no llevar el tel\u00e9fono m\u00f3vil encima. Tambi\u00e9n se ha comentado que tendr\u00edan que firmar un acuerdo de confidencialidad para no comunicar detalles del enlace. <\/p>\n<p class=\"voc-p\" style=\"\">Otro de los detalles de la boda es la actuaci\u00f3n estrella de la velada, <strong>Chris Martin<\/strong>, vocalista de Coldplay. De ello se inform\u00f3 en &#8216;<strong>El tiempo justo<\/strong>&#8216; (Telecinco), donde se ha dejado caer que esto supondr\u00e1 el reencuentro de <strong>Dakota Johnson<\/strong> y el cantante tras su ruptura. Incluso de ha llegado a apuntar que esta actuaci\u00f3n podr\u00eda haberse cerrado antes de que se diera el fin a esa historia de amor. Por lo pronto, ya se habla de que estar\u00edan llegando los invitados a la finca donde ma\u00f1ana <strong>Stella del Carmen y Alex Gruszynski<\/strong> se casar\u00e1n.<\/p>\n<p>\nArt\u00edculo solo para suscriptores\n<\/p>\n<p>Reportar un error<\/p>\n","protected":false},"excerpt":{"rendered":"Cuando se dio a conocer la noticia y comenzaron a saberse detalles, como el lugar del enlace, una&hellip;\n","protected":false},"author":2,"featured_media":183552,"comment_status":"","ping_status":"","sticky":false,"template":"","format":"standard","meta":{"footnotes":""},"categories":[91],"tags":[1247,15601,385,146,147,25,24,3983,5135,23,15736,1607],"class_list":{"0":"post-183551","1":"post","2":"type-post","3":"status-publish","4":"format-standard","5":"has-post-thumbnail","7":"category-entretenimiento","8":"tag-antonio","9":"tag-banderas","10":"tag-casa","11":"tag-entertainment","12":"tag-entretenimiento","13":"tag-es","14":"tag-espana","15":"tag-hija","16":"tag-motivo","17":"tag-spain","18":"tag-stella","19":"tag-valladolid"},"share_on_mastodon":{"url":"","error":""},"_links":{"self":[{"href":"https:\/\/www.europesays.com\/es\/wp-json\/wp\/v2\/posts\/183551","targetHints":{"allow":["GET"]}}],"collection":[{"href":"https:\/\/www.europesays.com\/es\/wp-json\/wp\/v2\/posts"}],"about":[{"href":"https:\/\/www.europesays.com\/es\/wp-json\/wp\/v2\/types\/post"}],"author":[{"embeddable":true,"href":"https:\/\/www.europesays.com\/es\/wp-json\/wp\/v2\/users\/2"}],"replies":[{"embeddable":true,"href":"https:\/\/www.europesays.com\/es\/wp-json\/wp\/v2\/comments?post=183551"}],"version-history":[{"count":0,"href":"https:\/\/www.europesays.com\/es\/wp-json\/wp\/v2\/posts\/183551\/revisions"}],"wp:featuredmedia":[{"embeddable":true,"href":"https:\/\/www.europesays.com\/es\/wp-json\/wp\/v2\/media\/183552"}],"wp:attachment":[{"href":"https:\/\/www.europesays.com\/es\/wp-json\/wp\/v2\/media?parent=183551"}],"wp:term":[{"taxonomy":"category","embeddable":true,"href":"https:\/\/www.europesays.com\/es\/wp-json\/wp\/v2\/categories?post=183551"},{"taxonomy":"post_tag","embeddable":true,"href":"https:\/\/www.europesays.com\/es\/wp-json\/wp\/v2\/tags?post=183551"}],"curies":[{"name":"wp","href":"https:\/\/api.w.org\/{rel}","templated":true}]}}