{"id":183561,"date":"2025-10-17T19:54:08","date_gmt":"2025-10-17T19:54:08","guid":{"rendered":"https:\/\/www.europesays.com\/es\/183561\/"},"modified":"2025-10-17T19:54:08","modified_gmt":"2025-10-17T19:54:08","slug":"francisco-de-manuel-y-diego-robles-ponen-fin-a-su-relacion-de-apoderamiento","status":"publish","type":"post","link":"https:\/\/www.europesays.com\/es\/183561\/","title":{"rendered":"Francisco de Manuel y Diego Robles ponen fin a su relaci\u00f3n de apoderamiento"},"content":{"rendered":"<p>El diestro\u00a0<strong>Francisco de Manuel<\/strong>\u00a0y su apoderado\u00a0<strong>Diego Robles\u00a0<\/strong>han decidido, de com\u00fan acuerdo, dar por finalizada la relaci\u00f3n de apoderamiento que les ha unido durante estas 3 \u00faltimas temporadas.<\/p>\n<p>La decisi\u00f3n se ha tomado de manera amistosa y con el m\u00e1ximo respeto y consideraci\u00f3n rec\u00edproco. Ambas partes manifiestan su sincero agradecimiento por la colaboraci\u00f3n mantenida, la confianza depositada y las experiencias compartidas, que representan un valioso cap\u00edtulo de crecimiento profesional y humano.<\/p>\n<p>Tanto el joven diestro madrile\u00f1o\u00a0como Diego Robles,\u00a0se desean la mejor de las suertes en sus respectivos caminos futuros.<\/p>\n","protected":false},"excerpt":{"rendered":"El diestro\u00a0Francisco de Manuel\u00a0y su apoderado\u00a0Diego Robles\u00a0han decidido, de com\u00fan acuerdo, dar por finalizada la relaci\u00f3n de apoderamiento&hellip;\n","protected":false},"author":2,"featured_media":183562,"comment_status":"","ping_status":"","sticky":false,"template":"","format":"standard","meta":{"footnotes":""},"categories":[277],"tags":[373,168,25,24,23,167,374],"class_list":{"0":"post-183561","1":"post","2":"type-post","3":"status-publish","4":"format-standard","5":"has-post-thumbnail","7":"category-toreo","8":"tag-bullfighting","9":"tag-deportes","10":"tag-es","11":"tag-espana","12":"tag-spain","13":"tag-sports","14":"tag-toreo"},"share_on_mastodon":{"url":"","error":""},"_links":{"self":[{"href":"https:\/\/www.europesays.com\/es\/wp-json\/wp\/v2\/posts\/183561","targetHints":{"allow":["GET"]}}],"collection":[{"href":"https:\/\/www.europesays.com\/es\/wp-json\/wp\/v2\/posts"}],"about":[{"href":"https:\/\/www.europesays.com\/es\/wp-json\/wp\/v2\/types\/post"}],"author":[{"embeddable":true,"href":"https:\/\/www.europesays.com\/es\/wp-json\/wp\/v2\/users\/2"}],"replies":[{"embeddable":true,"href":"https:\/\/www.europesays.com\/es\/wp-json\/wp\/v2\/comments?post=183561"}],"version-history":[{"count":0,"href":"https:\/\/www.europesays.com\/es\/wp-json\/wp\/v2\/posts\/183561\/revisions"}],"wp:featuredmedia":[{"embeddable":true,"href":"https:\/\/www.europesays.com\/es\/wp-json\/wp\/v2\/media\/183562"}],"wp:attachment":[{"href":"https:\/\/www.europesays.com\/es\/wp-json\/wp\/v2\/media?parent=183561"}],"wp:term":[{"taxonomy":"category","embeddable":true,"href":"https:\/\/www.europesays.com\/es\/wp-json\/wp\/v2\/categories?post=183561"},{"taxonomy":"post_tag","embeddable":true,"href":"https:\/\/www.europesays.com\/es\/wp-json\/wp\/v2\/tags?post=183561"}],"curies":[{"name":"wp","href":"https:\/\/api.w.org\/{rel}","templated":true}]}}