{"id":183575,"date":"2025-10-17T20:03:08","date_gmt":"2025-10-17T20:03:08","guid":{"rendered":"https:\/\/www.europesays.com\/es\/183575\/"},"modified":"2025-10-17T20:03:08","modified_gmt":"2025-10-17T20:03:08","slug":"descubren-un-cuadro-perdido-del-pintor-cordobes-antonio-del-castillo-en-un-museo-de-finlandia","status":"publish","type":"post","link":"https:\/\/www.europesays.com\/es\/183575\/","title":{"rendered":"Descubren un cuadro perdido del pintor cordob\u00e9s Antonio del Castillo en un museo de Finlandia"},"content":{"rendered":"<p class=\"article-text\">\n        Un cuadro del pintor barroco cordob\u00e9s Antonio del Castillo y Saavedra (1616\u20131668), considerado perdido durante casi dos siglos, ha sido identificado recientemente en el Museo de Arte Villa Gyllenberg de Helsinki (Finlandia). La obra, titulada San Pedro M\u00e1rtir, ha sido confirmada como una de las piezas que formaban parte de una serie dedicada a santos dominicos y franciscanos, originalmente perteneciente al convento de San Pablo de C\u00f3rdoba.\n    <\/p>\n<p>    <a href=\"https:\/\/cordopolis.eldiario.es\/cultura\/rastro-obras-perdidas-julio-romero-torres_1_11283949.html\" data-mrf-recirculation=\"saber-mas\" data-dl-event=\"saber-mas\" rel=\"nofollow noopener\" target=\"_blank\"><\/p>\n<p class=\"know-more__title\">Tras el rastro de las obras perdidas de Julio Romero de Torres<\/p>\n<p>            <img decoding=\"async\" class=\"lazy\" loading=\"lazy\" data-src=\"https:\/\/static.eldiario.es\/clip\/7db23865-1ce5-464b-9a18-0fc5e8ed0fec_16-9-aspect-ratio_default_0_x463y183.jpg\" src=\"data:image\/svg+xml,%3Csvg xmlns=\" http:=\"\" viewbox=\"0 0 880 495\" alt=\"Tras el rastro de las obras perdidas de Julio Romero de Torres\"\/><\/p>\n<p>                        <\/a><\/p>\n<p class=\"article-text\">\n        Seg\u00fan ha informado el Museo Villa Gyllemberg, el descubrimiento se produjo gracias a la conservadora jefa del museo finland\u00e9s, Lotta Nylund, quien durante unas vacaciones en Andaluc\u00eda en la primavera de 2024 visit\u00f3 el Museo de Bellas Artes de C\u00f3rdoba. All\u00ed observ\u00f3 una placa que mencionaba la serie de diez santos pintada por Castillo, con varios espacios vac\u00edos destinados a obras desaparecidas. Uno de ellos indicaba: \u201cSan Pedro M\u00e1rtir \u2013 paradero desconocido\u201d.\n    <\/p>\n<p class=\"article-text\">\n        As\u00ed, Nylund se dio cuenta de inmediato de que la pintura que se cre\u00eda perdida muy probablemente estaba colgada en la pared de su propio lugar de trabajo, en Finlandia. \u201cCreo que s\u00e9 d\u00f3nde se encuentra esta obra perdida: \u00a1est\u00e1 en el Museo de Arte Villa Gyllenberg en Helsinki! Es absolutamente incre\u00edble. Cuando regres\u00e9 a casa, compar\u00e9 las medidas de las obras y le\u00ed toda la bibliograf\u00eda, y comenz\u00f3 a parecer cada vez m\u00e1s probable que la pintura en Villa Gyllenberg fuera en realidad una de las partes que faltaban de la serie de C\u00f3rdoba\u201d, dice Nylund.\n    <\/p>\n<p class=\"article-text\">\n        Tras ponerse en contacto con el Museo de Bellas Artes de C\u00f3rdoba, que conserva seis de las diez pinturas de la serie, se organiz\u00f3 una colaboraci\u00f3n internacional. El historiador del arte Jos\u00e9 Mar\u00eda Palencia Cerezo, experto en la obra de Castillo, viaj\u00f3 a Helsinki para examinar personalmente el cuadro y confirm\u00f3 su autenticidad.\n    <\/p>\n<p>    <strong>De la desamortizaci\u00f3n a Londres, donde lo compr\u00f3 un coleccionista<\/strong><\/p>\n<p class=\"article-text\">\n        La serie de santos a la que pertenece San Pedro M\u00e1rtir representa la culminaci\u00f3n art\u00edstica de Antonio del Castillo, uno de los grandes maestros del Barroco andaluz. La pintura representa al dominico Pedro de Verona, asesinado en el siglo XIII mientras ejerc\u00eda como inquisidor, y canonizado al a\u00f1o siguiente de su muerte. Esta y otras obras fueron confiscadas y dispersadas tras la desamortizaci\u00f3n de los bienes eclesi\u00e1sticos en la d\u00e9cada de 1830, momento en que se perdi\u00f3 la pista de varias de ellas.\n    <\/p>\n<p class=\"article-text\">\n        El cuadro redescubierto lleg\u00f3 a Finlandia en 1935, cuando el banquero y coleccionista Ane Gyllenberg (1891\u20131977) lo adquiri\u00f3 al marchante G\u00f6sta Stenman, quien lo hab\u00eda comprado en una galer\u00eda de Londres el a\u00f1o anterior.\n    <\/p>\n<p class=\"article-text\">\n        La obra restaurada ya puede contemplarse en la exposici\u00f3n Spirit of the Times. Colecci\u00f3n Ane Gyllenberg, inaugurada el 15 de octubre de 2025 en la Villa Gyllenberg y permanecer\u00e1 abierta hasta el 15 de marzo de 2026. La muestra repasar\u00e1 la evoluci\u00f3n de la colecci\u00f3n del museo, con artistas como Helene Schjerfbeck, Ilmari Aalto, Antonio del Castillo y Saavedra, Verner Thom\u00e9, entre otros.\n    <\/p>\n<p class=\"article-text\">\n        Adem\u00e1s, el 15 de noviembre, en el mismo museo habr\u00e1 una conferencia y un debate, en las que Nylund habla sobre su descubrimiento y c\u00f3mo el cuadro ha acabado en la colecci\u00f3n Gyllenberg, mientras que el profesor Tuomas Heikkil\u00e4, profesor de Historia de la Iglesia en la Universidad de Helsinki, contextualiza a San Pedro M\u00e1rtir.\n    <\/p>\n","protected":false},"excerpt":{"rendered":"Un cuadro del pintor barroco cordob\u00e9s Antonio del Castillo y Saavedra (1616\u20131668), considerado perdido durante casi dos siglos,&hellip;\n","protected":false},"author":2,"featured_media":183576,"comment_status":"","ping_status":"","sticky":false,"template":"","format":"standard","meta":{"footnotes":""},"categories":[173],"tags":[1247,229,233,231,230,3101,3042,5835,5213,232,234,146,147,25,24,8741,470,13679,475,23],"class_list":{"0":"post-183575","1":"post","2":"type-post","3":"status-publish","4":"format-standard","5":"has-post-thumbnail","7":"category-arte-y-diseno","8":"tag-antonio","9":"tag-arte","10":"tag-arte-y-diseno","11":"tag-arts","12":"tag-arts-and-design","13":"tag-castillo","14":"tag-cordobes","15":"tag-cuadro","16":"tag-descubren","17":"tag-design","18":"tag-diseno","19":"tag-entertainment","20":"tag-entretenimiento","21":"tag-es","22":"tag-espana","23":"tag-finlandia","24":"tag-museo","25":"tag-perdido","26":"tag-pintor","27":"tag-spain"},"share_on_mastodon":{"url":"","error":""},"_links":{"self":[{"href":"https:\/\/www.europesays.com\/es\/wp-json\/wp\/v2\/posts\/183575","targetHints":{"allow":["GET"]}}],"collection":[{"href":"https:\/\/www.europesays.com\/es\/wp-json\/wp\/v2\/posts"}],"about":[{"href":"https:\/\/www.europesays.com\/es\/wp-json\/wp\/v2\/types\/post"}],"author":[{"embeddable":true,"href":"https:\/\/www.europesays.com\/es\/wp-json\/wp\/v2\/users\/2"}],"replies":[{"embeddable":true,"href":"https:\/\/www.europesays.com\/es\/wp-json\/wp\/v2\/comments?post=183575"}],"version-history":[{"count":0,"href":"https:\/\/www.europesays.com\/es\/wp-json\/wp\/v2\/posts\/183575\/revisions"}],"wp:featuredmedia":[{"embeddable":true,"href":"https:\/\/www.europesays.com\/es\/wp-json\/wp\/v2\/media\/183576"}],"wp:attachment":[{"href":"https:\/\/www.europesays.com\/es\/wp-json\/wp\/v2\/media?parent=183575"}],"wp:term":[{"taxonomy":"category","embeddable":true,"href":"https:\/\/www.europesays.com\/es\/wp-json\/wp\/v2\/categories?post=183575"},{"taxonomy":"post_tag","embeddable":true,"href":"https:\/\/www.europesays.com\/es\/wp-json\/wp\/v2\/tags?post=183575"}],"curies":[{"name":"wp","href":"https:\/\/api.w.org\/{rel}","templated":true}]}}