{"id":183577,"date":"2025-10-17T20:04:14","date_gmt":"2025-10-17T20:04:14","guid":{"rendered":"https:\/\/www.europesays.com\/es\/183577\/"},"modified":"2025-10-17T20:04:14","modified_gmt":"2025-10-17T20:04:14","slug":"muere-a-los-35-anos-baek-se-hee-autora-del-exitoso-libro-de-memorias-quiero-morir-pero-tambien-comer-tteokbokki-2","status":"publish","type":"post","link":"https:\/\/www.europesays.com\/es\/183577\/","title":{"rendered":"Muere a los 35 a\u00f1os Baek Se-hee, autora del exitoso libro de memorias \u00abQuiero morir, pero tambi\u00e9n comer tteokbokki\u00bb"},"content":{"rendered":"<p>      CNN<br \/>\n        \u00a0\u2014\u00a0<\/p>\n<p class=\"paragraph inline-placeholder vossi-paragraph\" data-uri=\"es.cms.cnn.com\/_components\/paragraph\/instances\/cmguvjm44003e27qhb7639nth@published\" data-editable=\"text\" data-component-name=\"paragraph\" data-article-gutter=\"true\">\n            La autora surcoreana Baek Se-hee, quien escribi\u00f3 el exitoso libro de memorias \u201cQuiero morir, pero tambi\u00e9n comer tteokbokki\u201d, falleci\u00f3 a los 35 a\u00f1os, anunci\u00f3 la Agencia Coreana de Donaci\u00f3n de \u00d3rganos el jueves.\n    <\/p>\n<p class=\"paragraph inline-placeholder vossi-paragraph\" data-uri=\"es.cms.cnn.com\/_components\/paragraph\/instances\/cmguvl11n0005356ntxoiredo@published\" data-editable=\"text\" data-component-name=\"paragraph\" data-article-gutter=\"true\">\n            La declaraci\u00f3n de la agencia no especific\u00f3 la causa de la muerte de Baek.\n    <\/p>\n<p class=\"paragraph inline-placeholder vossi-paragraph\" data-uri=\"es.cms.cnn.com\/_components\/paragraph\/instances\/cmguvl11o0006356nmrl8wdl5@published\" data-editable=\"text\" data-component-name=\"paragraph\" data-article-gutter=\"true\">\n            Su libro combinaba memorias y autoayuda, y detallaba sus conversaciones con su psiquiatra mientras lidiaba con sentimientos contradictorios de querer morir pero tambi\u00e9n disfrutar de peque\u00f1os placeres como el tteokbokki, una popular comida callejera surcoreana que era su plato favorito.\n    <\/p>\n<p class=\"paragraph inline-placeholder vossi-paragraph\" data-uri=\"es.cms.cnn.com\/_components\/paragraph\/instances\/cmguvl11o0007356nn7z0cznn@published\" data-editable=\"text\" data-component-name=\"paragraph\" data-article-gutter=\"true\">\n            Con sus discusiones francas y reflexivas sobre la terapia y la salud mental, el libro se volvi\u00f3 inmensamente popular en Corea del Sur cuando se public\u00f3 en 2018. Una vez traducido al ingl\u00e9s en 2022, tambi\u00e9n gan\u00f3 popularidad en el extranjero, llegando a la lista de los m\u00e1s vendidos del Sunday Times en el Reino Unido y recibiendo una recomendaci\u00f3n en el New York Times.\n    <\/p>\n<p class=\"paragraph inline-placeholder vossi-paragraph\" data-uri=\"es.cms.cnn.com\/_components\/paragraph\/instances\/cmguvl11o0008356nfxcrhoyv@published\" data-editable=\"text\" data-component-name=\"paragraph\" data-article-gutter=\"true\">\n            \u201cIncluso cuando cambi\u00e9 todas las partes de mi vida que quer\u00eda cambiar \u2014mi peso, mi educaci\u00f3n, mi pareja y mis amigos\u2014 segu\u00eda deprimida\u201d, escribi\u00f3. \u201cNo siempre me sent\u00eda as\u00ed, pero entraba y sal\u00eda de una depresi\u00f3n que era tan inevitable como el mal tiempo\u201d.\n    <\/p>\n<p class=\"paragraph inline-placeholder vossi-paragraph\" data-uri=\"es.cms.cnn.com\/_components\/paragraph\/instances\/cmguvl11o0009356n9k4r13ou@published\" data-editable=\"text\" data-component-name=\"paragraph\" data-article-gutter=\"true\">\n            En 2019 escribi\u00f3 otra memoria titulada \u201cQuiero morir, pero a\u00fan quiero comer tteokbokki\u201d, sobre sus continuas luchas conviviendo con distimia, una depresi\u00f3n persistente de baja intensidad.\n    <\/p>\n<p class=\"paragraph inline-placeholder vossi-paragraph\" data-uri=\"es.cms.cnn.com\/_components\/paragraph\/instances\/cmguvl11o000a356n6jo98b81@published\" data-editable=\"text\" data-component-name=\"paragraph\" data-article-gutter=\"true\">\n            Nacida en 1990, la segunda de tres hijas, Baek estudi\u00f3 escritura creativa en la universidad. Fue mientras trabajaba como directora de redes sociales en una editorial cuando recibi\u00f3 tratamiento para la depresi\u00f3n y escribi\u00f3 su libro de memorias.\n    <\/p>\n<p>       <img decoding=\"async\" src=\"https:\/\/www.europesays.com\/es\/wp-content\/uploads\/2025\/10\/baek-sehee.jpg\" alt=\"El libro de Baek detalla sus conversaciones con su terapeuta.\" class=\"image__dam-img image__dam-img--loading\" onload=\"this.classList.remove('image__dam-img--loading')\" onerror=\"imageLoadError(this)\" height=\"1375\" width=\"860\" loading=\"lazy\"\/><\/p>\n<p class=\"paragraph inline-placeholder vossi-paragraph\" data-uri=\"es.cms.cnn.com\/_components\/paragraph\/instances\/cmguvl11o000b356nltb2fwrv@published\" data-editable=\"text\" data-component-name=\"paragraph\" data-article-gutter=\"true\">\n            La hermana menor de Baek, Baek Da-hee, rindi\u00f3 homenaje a su hermana en una declaraci\u00f3n publicada a trav\u00e9s de la agencia de donaci\u00f3n de \u00f3rganos, record\u00e1ndola como alguien que \u201cescribi\u00f3, comparti\u00f3 su coraz\u00f3n con otros a trav\u00e9s de su escritura y esperaba alimentar sue\u00f1os de esperanza\u201d.\n    <\/p>\n<p class=\"paragraph inline-placeholder vossi-paragraph\" data-uri=\"es.cms.cnn.com\/_components\/paragraph\/instances\/cmguvl11o000c356nrsha1ehn@published\" data-editable=\"text\" data-component-name=\"paragraph\" data-article-gutter=\"true\">\n            \u201cConozco su coraz\u00f3n bondadoso, uno que am\u00f3 mucho y no odi\u00f3 a nadie, as\u00ed que espero que ahora descanse en paz en el cielo. Te amo mucho\u201d, a\u00f1adi\u00f3 su hermana.\n    <\/p>\n<p class=\"paragraph inline-placeholder vossi-paragraph\" data-uri=\"es.cms.cnn.com\/_components\/paragraph\/instances\/cmguvl11o000d356n8z16j9p5@published\" data-editable=\"text\" data-component-name=\"paragraph\" data-article-gutter=\"true\">\n            Baek don\u00f3 su coraz\u00f3n, pulmones, h\u00edgado y ambos ri\u00f1ones al morir, lo que salvar\u00eda la vida de cinco personas, seg\u00fan inform\u00f3 la agencia de donaci\u00f3n de \u00f3rganos.\n    <\/p>\n<p class=\"paragraph inline-placeholder vossi-paragraph\" data-uri=\"es.cms.cnn.com\/_components\/paragraph\/instances\/cmguvl11o000e356n7ou19s87@published\" data-editable=\"text\" data-component-name=\"paragraph\" data-article-gutter=\"true\">\n            Anton Hur, traductor al ingl\u00e9s de Baek y tambi\u00e9n autor, le rindi\u00f3 homenaje en una publicaci\u00f3n en Instagram, en la que dijo que \u201csus lectores sabr\u00e1n que toc\u00f3 a millones de vidas m\u00e1s con su escritura. Mis pensamientos est\u00e1n con su familia\u201d.\n    <\/p>\n<p class=\"paragraph inline-placeholder vossi-paragraph\" data-uri=\"es.cms.cnn.com\/_components\/paragraph\/instances\/cmguvl11o000f356n8wc4vmkw@published\" data-editable=\"text\" data-component-name=\"paragraph\" data-article-gutter=\"true\">\n            Gawon Bae de CNN contribuy\u00f3 con este reporte.\n    <\/p>\n","protected":false},"excerpt":{"rendered":"CNN \u00a0\u2014\u00a0 La autora surcoreana Baek Se-hee, quien escribi\u00f3 el exitoso libro de memorias \u201cQuiero morir, pero tambi\u00e9n&hellip;\n","protected":false},"author":2,"featured_media":183578,"comment_status":"","ping_status":"","sticky":false,"template":"","format":"standard","meta":{"footnotes":""},"categories":[172],"tags":[51815,224,2111,146,147,25,24,225,671,23],"class_list":{"0":"post-183577","1":"post","2":"type-post","3":"status-publish","4":"format-standard","5":"has-post-thumbnail","7":"category-libros","8":"tag-baek-se-hee","9":"tag-books","10":"tag-corea-del-sur","11":"tag-entertainment","12":"tag-entretenimiento","13":"tag-es","14":"tag-espana","15":"tag-libros","16":"tag-literatura","17":"tag-spain"},"share_on_mastodon":{"url":"","error":""},"_links":{"self":[{"href":"https:\/\/www.europesays.com\/es\/wp-json\/wp\/v2\/posts\/183577","targetHints":{"allow":["GET"]}}],"collection":[{"href":"https:\/\/www.europesays.com\/es\/wp-json\/wp\/v2\/posts"}],"about":[{"href":"https:\/\/www.europesays.com\/es\/wp-json\/wp\/v2\/types\/post"}],"author":[{"embeddable":true,"href":"https:\/\/www.europesays.com\/es\/wp-json\/wp\/v2\/users\/2"}],"replies":[{"embeddable":true,"href":"https:\/\/www.europesays.com\/es\/wp-json\/wp\/v2\/comments?post=183577"}],"version-history":[{"count":0,"href":"https:\/\/www.europesays.com\/es\/wp-json\/wp\/v2\/posts\/183577\/revisions"}],"wp:featuredmedia":[{"embeddable":true,"href":"https:\/\/www.europesays.com\/es\/wp-json\/wp\/v2\/media\/183578"}],"wp:attachment":[{"href":"https:\/\/www.europesays.com\/es\/wp-json\/wp\/v2\/media?parent=183577"}],"wp:term":[{"taxonomy":"category","embeddable":true,"href":"https:\/\/www.europesays.com\/es\/wp-json\/wp\/v2\/categories?post=183577"},{"taxonomy":"post_tag","embeddable":true,"href":"https:\/\/www.europesays.com\/es\/wp-json\/wp\/v2\/tags?post=183577"}],"curies":[{"name":"wp","href":"https:\/\/api.w.org\/{rel}","templated":true}]}}